
{"id":16992,"date":"2024-05-04T22:49:08","date_gmt":"2024-05-04T20:49:08","guid":{"rendered":"https:\/\/lezajsk.przemyska.pl\/?p=16992"},"modified":"2024-05-04T22:49:08","modified_gmt":"2024-05-04T20:49:08","slug":"vi-niedziela-wielkanocy-05-05-2024-r","status":"publish","type":"post","link":"https:\/\/lezajsk.przemyska.pl\/?p=16992","title":{"rendered":"VI Niedziela Wielkanocy &#8211; 05.05.2024 r."},"content":{"rendered":"<ol>\n<li>Dzisiejsza niedziela jest dniem wielkiej rado\u015bci w naszej parafii, bo oto na Mszy \u015bw. <strong>o\u00a0godz. 10.00 i 12.00,<\/strong> <strong>dzieci z klas trzecich (73) po raz pierwszy przyst\u0105pi\u0105 do Komunii \u015bw<\/strong>. Dzieci te w bia\u0142ym tygodniu gromadz\u0105 si\u0119 na nabo\u017ce\u0144stwie majowym i\u00a0Mszy \u015bw. codziennie o godz. 18.00.<\/li>\n<li>Dzi\u015b zapraszamy jeszcze wszystkich na <strong>nabo\u017ce\u0144stwo majowe na godz. 17.30<\/strong>. Przypominamy, \u017ce ci\u0105gu tygodnia nabo\u017ce\u0144stwa rozpoczynaj\u0105 si\u0119 o godz. 18.00, litani\u0105 do MB a po niej Msza \u015bw. wieczorna.<\/li>\n<li>We <strong>wtorek 7 maja, zapraszamy na specjaln\u0105 Msz\u0119 \u015bw. o godz. 10.00<\/strong> w intencji wszystkich mieszka\u0144c\u00f3w Le\u017cajska oraz nowo wybranych w\u0142adz naszego miasta jak i\u00a0miejskich radnych.<\/li>\n<li>Tak\u017ce we wtorek w Bazylice OO. Bernardyn\u00f3w o godz. 18.00 Msza \u015bw. i uroczysto\u015b\u0107 ustanowienia za zgod\u0105 <strong>Stolicy Apostolskiej, Matki Bo\u017cej Le\u017cajskiej \u2013 Patronk\u0105 Powiatu Le\u017cajskiego<\/strong>. Serdecznie zapraszamy<\/li>\n<li>W \u015brod\u0119 <strong>uroczysto\u015b\u0107 \u015bw. Stanis\u0142awa \u2013 biskupa i m\u0119czennika, patrona Polski<\/strong>. Jest to dzie\u0144 imienin naszego bpa Stanis\u0142awa Jamrozka. Ksi\u0119dza biskupa i wszystkich solenizant\u00f3w i solenizantki otoczmy w tym dniu nasz\u0105 modlitw\u0105.<\/li>\n<li><strong>Spotkania formacyjne<\/strong> wszystkich grup parafialnych ze wzgl\u0119du na bia\u0142y tydzie\u0144 dzieci komunijnych, zostaj\u0105 wyj\u0105tkowo przeniesione na nast\u0119pny tydzie\u0144.<\/li>\n<li>Od pi\u0105tku rozpoczniemy <strong>nowenn\u0119 przed Uroczysto\u015bci\u0105 Zes\u0142ania Ducha \u015awi\u0119tego<\/strong>.<\/li>\n<li>Najbli\u017csza niedziela to <strong>Uroczysto\u015b\u0107 Wniebowst\u0105pienia Pa\u0144skiego <\/strong>a w naszej Archidiecezji dzie\u0144 \u015bwi\u0119ce\u0144 diakonatu. Kandydat\u00f3w do tych\u017ce \u015bwi\u0119ce\u0144 otoczmy nasz\u0105 modlitw\u0105.<\/li>\n<li>Tak\u017ce w najbli\u017csz\u0105<strong> niedziel\u0119 12 maja<\/strong> <strong>na Mszy \u015bw. o godz. 11.30, dzieci z klas IV<\/strong>, b\u0119d\u0105 prze\u017cywa\u0107 swoj\u0105 <strong>rocznic\u0119 I Komunii \u015bw<\/strong>. Spowied\u017a dla dzieci i ich najbli\u017cszych w\u00a0sobot\u0119 od godz. 17.00.<\/li>\n<li><strong>Dzisiejsza taca mszalna<\/strong> jest przeznaczona na potrzeby Archidiecezji, za\u015b za tydzie\u0144, w\u00a0II niedziel\u0119 miesi\u0105ca, taca b\u0119dzie przeznaczona na trwaj\u0105ce <strong>prace remontowe przy naszej parafii.<\/strong> Wszystkim darczy\u0144com za ka\u017cd\u0105 przekazan\u0105 z\u0142ot\u00f3wk\u0119, za \u017cyczliwo\u015b\u0107 i\u00a0zrozumienie sk\u0142adamy serdeczne B\u00f3g zap\u0142a\u0107.<\/li>\n<li><strong>W Siewcy<\/strong> przed po\u0142udniem do nabycia prasa i publikacje katolickie.<\/li>\n<\/ol>\n<p><strong><u>Intencje zbiorowe: <\/u><\/strong><\/p>\n<ul>\n<li>Za \u015bp. Adolfin\u0119 Mroczkowsk\u0105 \u2013 intencja od pracownik\u00f3w Nadle\u015bnictwa Le\u017cajsk \u2013 poniedzia\u0142ek, godz. 6.30, od Ko\u0142a \u0141owieckiego \u201ePolana\u201d z Nowej Sarzyny \u2013 wtorek, godz. 6.30, od koleg\u00f3w i kole\u017canek z pracy wnuczki Magdaleny \u2013 pi\u0105tek, godz. 6.30 i od wsp\u00f3\u0142pracownik\u00f3w synowej Ma\u0142gosi z Przedszkola \u201ePromyczek\u201d \u2013 sobota, godz. 6.30.<\/li>\n<li>Z R\u00f3\u017cy \u015bw. Teresy od Dzieci\u0105tka Jezus \u2013 \u015broda, godz. 18.00.<\/li>\n<li>W intencji nowennowych pr\u00f3\u015bb i podzi\u0119kowa\u0144 do MB Pocieszenia \u2013 \u015broda, godz. 18.00.<\/li>\n<li>Z intencji Ko\u0142a Przyjaci\u00f3\u0142 Radia Maryja \u2013 pi\u0105tek, godz. 18.00.<\/li>\n<li>Z R\u00f3\u017cy \u015bw. s. Faustyny \u2013 sobota, godz. 18.00.<\/li>\n<li>Z R\u00f3\u017cy \u015bw. Jadwigi \u2013 niedziela, godz. 7.00.<\/li>\n<\/ul>\n","protected":false},"excerpt":{"rendered":"<p>Dzisiejsza niedziela jest dniem wielkiej rado\u015bci w naszej parafii, bo oto na Mszy \u015bw. o\u00a0godz. 10.00 i 12.00, dzieci z klas trzecich (73) po raz pierwszy przyst\u0105pi\u0105 do Komunii \u015bw. Dzieci te w bia\u0142ym tygodniu gromadz\u0105 si\u0119 na nabo\u017ce\u0144stwie majowym i\u00a0Mszy \u015bw. codziennie o godz. 18.00. Dzi\u015b zapraszamy jeszcze wszystkich na nabo\u017ce\u0144stwo majowe na godz. [&hellip;]<\/p>\n","protected":false},"author":4,"featured_media":0,"comment_status":"closed","ping_status":"open","sticky":false,"template":"","format":"standard","meta":[],"categories":[5],"tags":[],"_links":{"self":[{"href":"https:\/\/lezajsk.przemyska.pl\/index.php?rest_route=\/wp\/v2\/posts\/16992"}],"collection":[{"href":"https:\/\/lezajsk.przemyska.pl\/index.php?rest_route=\/wp\/v2\/posts"}],"about":[{"href":"https:\/\/lezajsk.przemyska.pl\/index.php?rest_route=\/wp\/v2\/types\/post"}],"author":[{"embeddable":true,"href":"https:\/\/lezajsk.przemyska.pl\/index.php?rest_route=\/wp\/v2\/users\/4"}],"replies":[{"embeddable":true,"href":"https:\/\/lezajsk.przemyska.pl\/index.php?rest_route=%2Fwp%2Fv2%2Fcomments&post=16992"}],"version-history":[{"count":1,"href":"https:\/\/lezajsk.przemyska.pl\/index.php?rest_route=\/wp\/v2\/posts\/16992\/revisions"}],"predecessor-version":[{"id":16993,"href":"https:\/\/lezajsk.przemyska.pl\/index.php?rest_route=\/wp\/v2\/posts\/16992\/revisions\/16993"}],"wp:attachment":[{"href":"https:\/\/lezajsk.przemyska.pl\/index.php?rest_route=%2Fwp%2Fv2%2Fmedia&parent=16992"}],"wp:term":[{"taxonomy":"category","embeddable":true,"href":"https:\/\/lezajsk.przemyska.pl\/index.php?rest_route=%2Fwp%2Fv2%2Fcategories&post=16992"},{"taxonomy":"post_tag","embeddable":true,"href":"https:\/\/lezajsk.przemyska.pl\/index.php?rest_route=%2Fwp%2Fv2%2Ftags&post=16992"}],"curies":[{"name":"wp","href":"https:\/\/api.w.org\/{rel}","templated":true}]}}