
{"id":1683,"date":"2017-04-16T21:57:40","date_gmt":"2017-04-16T19:57:40","guid":{"rendered":"http:\/\/lezajsk.przemyska.pl\/?p=1683"},"modified":"2017-04-16T21:57:40","modified_gmt":"2017-04-16T19:57:40","slug":"poniedzialek-wielkanocny-17-04-2017-r","status":"publish","type":"post","link":"https:\/\/lezajsk.przemyska.pl\/?p=1683","title":{"rendered":"Poniedzia\u0142ek Wielkanocny (17.04.2017 r.)"},"content":{"rendered":"<ol>\n<li>Rozpoczynamy tzw. <strong>\u201eBia\u0142y Tydzie\u0144\u201d \u2013 oktaw\u0119 Wielkanocy<\/strong>, kt\u00f3ra jest przed\u0142u\u017ceniem \u015bwi\u0119towania pami\u0105tki Zmartwychwstania Pana Jezusa na ca\u0142y tydzie\u0144, dlatego w\u00a0najbli\u017cszy pi\u0105tek nie obowi\u0105zuje wstrzemi\u0119\u017aliwo\u015b\u0107 od pokarm\u00f3w mi\u0119snych.<\/li>\n<li>W pi\u0105tek po Mszy \u015bw. wieczornej, kolejne <strong>spotkanie dla m\u0142odych ma\u0142\u017conk\u00f3w<\/strong>. Wszystkich dotychczasowych uczestnik\u00f3w jak i nowych ch\u0119tnych, zapraszamy do wsp\u00f3lnoty.<\/li>\n<li>Najbli\u017csza niedziela, to <strong>Niedziela Mi\u0142osierdzia Bo\u017cego<\/strong> i z tej okazji za tydzie\u0144 po ka\u017cdej Mszy \u015bw. odm\u00f3wimy <strong>Koronk\u0119 do Bo\u017cego Mi\u0142osierdzia<\/strong>. Ponadto, w\u00a0ko\u015bciele Jezusa Mi\u0142osiernego, odm\u00f3wimy Koronk\u0119 do Bo\u017cego Mi\u0142osierdzia o\u00a0godz. 15.00. Wieczorem w\u00a0ko\u015bciele farnym po Mszy \u015bw. o godz. 18.00, zapraszamy wszystkich parafian na kolejny <strong>Wiecz\u00f3r Uwielbienia<\/strong>, <strong>kt\u00f3ry b\u0119dzie\u00a0po\u015bwi\u0119cony <\/strong>modlitwie do Naj\u015bwi\u0119tszego Imienia Jezus, z modlitw\u0105 wstawiennicz\u0105 i b\u0142ogos\u0142awie\u0144stwem Naj\u015bwi\u0119tszym Sakramentem. Przypominamy te\u017c, \u017ce nowenna przed \u015bwi\u0119tem Mi\u0142osierdzia Bo\u017cego jest odprawiana codziennie o godz. 17.30.<\/li>\n<li>Tak\u017ce w Niedziel\u0119 Bo\u017cego Mi\u0142osierdzia rozpocznie si\u0119 kolejny <strong>Tydzie\u0144 Mi\u0142osierdzia<\/strong>. Odpowiadaj\u0105c na apel Ojca \u015awi\u0119tego Franciszka i Episkopatu Polski za tydzie\u0144 po ka\u017cdej Mszy \u015bw. <strong>zbi\u00f3rka do puszek Caritas z przeznaczeniem na pomoc ofiarom wojny w Syrii. <\/strong>O przeprowadzenie tej\u017ce zbi\u00f3rki prosimy R\u00f3\u017ce R\u00f3\u017ca\u0144cowe.<\/li>\n<li>Wszyscy Ci, kt\u00f3rzy przez okres Wielkiego Postu oszcz\u0119dzali pieni\u0105\u017cki do specjalnych <strong>skarbonek Caritas, <\/strong>prosimy, aby przynie\u015bli je w najbli\u017csz\u0105 niedziel\u0119 i z\u0142o\u017cyli jako dar ofiarny w czasie dowolnej Mszy \u015bw.<\/li>\n<li>W imieniu obdarowanych rodzin, sk\u0142adamy serdeczne <strong>podzi\u0119kowanie<\/strong> tym wszystkim, kt\u00f3rzy podzielili si\u0119 <strong>darami na st\u00f3\u0142 wielkanocny<\/strong>.<\/li>\n<li>Wszystkich wyje\u017cd\u017caj\u0105cych na <strong>pielgrzymk\u0119 do Ziemi \u015awi\u0119tej<\/strong> informujemy, i\u017c wyjazd b\u0119dzie w pi\u0105tek 28 kwietnia z parkingu przy ko\u015bciele o godz. 4.30.<\/li>\n<li><strong>W Siewcy<\/strong> przed po\u0142udniem do nabycia prasa i publikacje katolickie.<\/li>\n<li><strong>Naczelnik Urz\u0119du Skarbowego w Le\u017cajsku<\/strong> zaprasza na Dzie\u0144 Otwarty Urz\u0119du w\u00a0sobot\u0119 22 kwietnia oraz zawiadamia, \u017ce w dniach 27-28 kwietnia br., b\u0119d\u0105 wyd\u0142u\u017cone godziny pracy urz\u0119du. R\u00f3wnocze\u015bnie przypomina, \u017ce ju\u017c od kilku lat istnieje mo\u017cliwo\u015b\u0107 przesy\u0142ania zezna\u0144 podatkowych drog\u0105 elektroniczn\u0105. Szczeg\u00f3\u0142y na tablicy og\u0142osze\u0144.<\/li>\n<\/ol>\n<p><strong><u>Intencje zbiorowe: <\/u><\/strong><\/p>\n<ul>\n<li>W intencji nowennowych pr\u00f3\u015bb i podzi\u0119kowa\u0144 do MB Pocieszenia \u2013 \u015broda, godz. 18.00.<\/li>\n<li>Za \u015bp. Zofi\u0119 Lasek \u2013 intencja od wsp\u00f3\u0142pracownik\u00f3w c\u00f3rki z OIOM-u i anestezjologii \u2013 czwartek, godz. 6.30 i pi\u0105tek, godz. 18.00.<\/li>\n<li>Z R\u00f3\u017cy Mi\u0142osierdzia Bo\u017cego \u2013 niedziela, godz. 7.00.<\/li>\n<li>Z intencji Stra\u017cy Honorowej NSPJ \u2013 niedziela, godz. 16.00.<\/li>\n<li>Z R\u00f3\u017cy \u015bw. s. Faustyny \u2013 niedziela, godz. 18.00.<\/li>\n<li>Za \u015bp. Ryszarda Ostrowskiego \u2013 intencja od pracownik\u00f3w Starostwa Powiatowego w\u00a0Le\u017cajsku \u2013 niedziela, godz. 10.00 w MK.<\/li>\n<\/ul>\n","protected":false},"excerpt":{"rendered":"<p>Rozpoczynamy tzw. \u201eBia\u0142y Tydzie\u0144\u201d \u2013 oktaw\u0119 Wielkanocy, kt\u00f3ra jest przed\u0142u\u017ceniem \u015bwi\u0119towania pami\u0105tki Zmartwychwstania Pana Jezusa na ca\u0142y tydzie\u0144, dlatego w\u00a0najbli\u017cszy pi\u0105tek nie obowi\u0105zuje wstrzemi\u0119\u017aliwo\u015b\u0107 od pokarm\u00f3w mi\u0119snych. W pi\u0105tek po Mszy \u015bw. wieczornej, kolejne spotkanie dla m\u0142odych ma\u0142\u017conk\u00f3w. Wszystkich dotychczasowych uczestnik\u00f3w jak i nowych ch\u0119tnych, zapraszamy do wsp\u00f3lnoty. Najbli\u017csza niedziela, to Niedziela Mi\u0142osierdzia Bo\u017cego i [&hellip;]<\/p>\n","protected":false},"author":4,"featured_media":0,"comment_status":"closed","ping_status":"open","sticky":false,"template":"","format":"standard","meta":[],"categories":[5],"tags":[],"_links":{"self":[{"href":"https:\/\/lezajsk.przemyska.pl\/index.php?rest_route=\/wp\/v2\/posts\/1683"}],"collection":[{"href":"https:\/\/lezajsk.przemyska.pl\/index.php?rest_route=\/wp\/v2\/posts"}],"about":[{"href":"https:\/\/lezajsk.przemyska.pl\/index.php?rest_route=\/wp\/v2\/types\/post"}],"author":[{"embeddable":true,"href":"https:\/\/lezajsk.przemyska.pl\/index.php?rest_route=\/wp\/v2\/users\/4"}],"replies":[{"embeddable":true,"href":"https:\/\/lezajsk.przemyska.pl\/index.php?rest_route=%2Fwp%2Fv2%2Fcomments&post=1683"}],"version-history":[{"count":1,"href":"https:\/\/lezajsk.przemyska.pl\/index.php?rest_route=\/wp\/v2\/posts\/1683\/revisions"}],"predecessor-version":[{"id":1684,"href":"https:\/\/lezajsk.przemyska.pl\/index.php?rest_route=\/wp\/v2\/posts\/1683\/revisions\/1684"}],"wp:attachment":[{"href":"https:\/\/lezajsk.przemyska.pl\/index.php?rest_route=%2Fwp%2Fv2%2Fmedia&parent=1683"}],"wp:term":[{"taxonomy":"category","embeddable":true,"href":"https:\/\/lezajsk.przemyska.pl\/index.php?rest_route=%2Fwp%2Fv2%2Fcategories&post=1683"},{"taxonomy":"post_tag","embeddable":true,"href":"https:\/\/lezajsk.przemyska.pl\/index.php?rest_route=%2Fwp%2Fv2%2Ftags&post=1683"}],"curies":[{"name":"wp","href":"https:\/\/api.w.org\/{rel}","templated":true}]}}