
{"id":16618,"date":"2024-03-09T21:02:41","date_gmt":"2024-03-09T20:02:41","guid":{"rendered":"https:\/\/lezajsk.przemyska.pl\/?p=16618"},"modified":"2024-03-09T21:02:41","modified_gmt":"2024-03-09T20:02:41","slug":"iv-niedziela-wielkiego-postu-10-03-2024-r","status":"publish","type":"post","link":"https:\/\/lezajsk.przemyska.pl\/?p=16618","title":{"rendered":"IV Niedziela Wielkiego Postu &#8211; 10.03.2024 r."},"content":{"rendered":"<ol>\n<li>Dzi\u015b zapraszamy jeszcze na <strong>nabo\u017ce\u0144stwo Gorzkich \u017bali z kazaniem pasyjnym<\/strong> i\u00a0pocz\u0105tek <strong>nowenny do \u015bw. J\u00f3zefa<\/strong> w\u00a0obu ko\u015bcio\u0142ach na godz. 17.00. Nowenna w\u00a0tygodniu po Mszy \u015bw. o godz. 18.00.<\/li>\n<li>Jutro po Mszy \u015bw. wieczornej <strong>spotkanie Akcji Katolickiej<\/strong>. Wszystkich cz\u0142onk\u00f3w Akcji Katolickiej serdecznie zapraszamy.<\/li>\n<li>We wtorek <strong>nowenna do \u015bw. Antoniego<\/strong>. Pro\u015bby i podzi\u0119kowania sk\u0142adamy przy figurze \u015bwi\u0119tego a po nowennie b\u0142ogos\u0142awie\u0144stwo dzieci.<\/li>\n<li>W tym tygodniu zapraszamy m\u0142odzie\u017c na kolejne spotkania <strong>formacyjne w\u00a0ramach przygotowania do przyj\u0119cia sakramentu bierzmowania<\/strong>. I\u00a0tak we wtorek na godz. 17.00 zapraszamy klasy VI ze SP nr 1 i 2, a w \u015brod\u0119 klasy VII. M\u0142odzie\u017c zabiera ze sob\u0105 indeksy. Spotkania b\u0119d\u0105 si\u0119 odbywa\u0107 w ma\u0142ym ko\u015bciele.<\/li>\n<li>W pi\u0105tek <strong>nabo\u017ce\u0144stwo Drogi Krzy\u017cowej<\/strong> rano o godz. 7.30, popo\u0142udniu o godz.16.00 dla dzieci a nast\u0119pnie, o godz. 17.30 i 20.00.<\/li>\n<li><strong>Tak\u017ce w pi\u0105tek o godz. 10.30,<\/strong> specjalne nabo\u017ce\u0144stwo Drogi Krzy\u017cowej, je\u015bli pozwoli pogoda to wok\u00f3\u0142 ko\u015bcio\u0142a, prowadzone przez podopiecznych <strong>Warsztat\u00f3w Terapii Zaj\u0119ciowej<\/strong> przy naszym Caritas przy udziale przedstawicieli innych plac\u00f3wek z terenu Podkarpacia. Wszystkich ch\u0119tnych a zw\u0142aszcza osoby z\u00a0niepe\u0142nosprawno\u015bci\u0105 i ich bliskich serdecznie zapraszamy.<\/li>\n<li>Duszpasterstwo Rodzin Archidiecezji Przemyskiej i Diecezji Rzeszowskiej, zaprasza w\u00a0<strong>sobot\u0119 23 marca na<\/strong> <strong>Marsz \u201eZ B\u0142ogos\u0142awion\u0105 Rodzin\u0105 Ulm\u00f3w w obronie \u017cycia\u201d<\/strong>. Wydarzenie to, ma u\u015bwiadomi\u0107 nam wszystkim, zw\u0142aszcza dzi\u015b, w sytuacji nasilaj\u0105cych si\u0119 atak\u00f3w na \u015bwi\u0119to\u015b\u0107 \u017cycia, i\u017c ka\u017cde \u017cycie, od pocz\u0119cia do naturalnej \u015bmierci, jest darem Boga a jego obrona to nasz podstawowy chrze\u015bcija\u0144ski obowi\u0105zek. Marsz ten rozpocznie si\u0119 zawi\u0105zaniem wsp\u00f3lnoty przy ko\u015bciele \u015bw. Micha\u0142a Archanio\u0142a w\u00a0\u0141a\u0144cucie, po czym 9 km. pieszej pielgrzymki do Markowej, zwie\u0144czonej <strong>Msz\u0105 \u015bw. o\u00a0godz. 12.00, pod przewodnictwem bpa Jana W\u0105troby z Rzeszowa<\/strong>. Z Le\u017cajska b\u0119dzie zorganizowany autokar, kt\u00f3ry wszystkich ch\u0119tnych zawiezie do \u0141a\u0144cuta <strong>na godz. 9.00 (wyjazd o godz. 8.00) a potem<\/strong> <strong>po zako\u0144czeniu Mszy \u015bw. w\u00a0Markowej oko\u0142o\u00a0godz. 13.30<\/strong>, przywiezie wszystkich do Le\u017cajska. Serdecznie zapraszamy a zapisy w zakrystii. Oczywi\u015bcie mo\u017cna si\u0119 uda\u0107 do Markowej tak\u017ce w\u0142asnym \u015brodkiem lokomocji.<\/li>\n<li>W imieniu <strong>Zarz\u0105du MZKS Pogo\u0144 Le\u017cajsk<\/strong> zapraszamy dzia\u0142aczy, trener\u00f3w, rodzic\u00f3w, zawodnik\u00f3w i wszystkich sympatyk\u00f3w klubu na <strong>Msz\u0119 \u015awi\u0119t\u0105 inauguruj\u0105c\u0105 pi\u0142karsk\u0105 rund\u0119 wiosenn\u0105<\/strong>, kt\u00f3ra zostanie odprawiona w naszej Farze, w niedziel\u0119 17 marca br. o\u00a0godz. 13.00.<\/li>\n<li>Dzisiejsza taca mszalna jest przeznaczona na planowane <strong>prace remontowe przy naszej parafii<\/strong>. Za wszystkie z\u0142o\u017cone dzi\u015b ofiary serdecznie dzi\u0119kujemy. Za\u015b za tydzie\u0144, w\u00a0niedziel\u0119, zbi\u00f3rka do puszek z\u00a0przeznaczeniem na pomoc <strong>Fundacji Pomocy M\u0142odzie\u017cy im. \u015aw. Jana Paw\u0142a II \u2013 WZRASTANIE, prowadz\u0105cej m.in. domy dziecka<\/strong>. O\u00a0przeprowadzenie tej\u017ce zbi\u00f3rki prosimy <strong>Stra\u017c Honorow\u0105 NSPJ<\/strong>. Wsparcia fundacji mo\u017cemy dokona\u0107 tak\u017ce poprzez przekazanie 1,5% ze swego podatku. Stosowne wizyt\u00f3wki z numerem KRS s\u0105 wy\u0142o\u017cone na o\u0142tarzach.<\/li>\n<li><strong>W Siewcy<\/strong> do nabycia prasa i publikacje katolickie oraz paschaliki Caritas.<\/li>\n<li>Dzi\u0119ki uprzejmo\u015bci Miejskiego Centrum Kultury, <strong>zapraszamy do kina na parafialn\u0105 projekcj\u0119 filmu \u201ePowo\u0142any 2\u201d<\/strong>. Projekcja b\u0119dzie mia\u0142a miejsce w poniedzia\u0142ek 18 marca o godz. 19.00. Zapisy w zakrystii a cena biletu to 17 z\u0142. Serdecznie zapraszamy.<\/li>\n<\/ol>\n<p><strong><u>Intencje zbiorowe: <\/u><\/strong><\/p>\n<ul>\n<li>Za \u015bp. Aleksandra Iwanowskiego \u2013 intencja od grupy \u201eOpiekun medyczny\u201d z Le\u017cajska \u2013 wtorek, godz. 18.00 (poza parafi\u0105).<\/li>\n<li>Z R\u00f3\u017cy b\u0142. Anieli Salawy \u2013 wtorek, godz. 18.00.<\/li>\n<li>W intencji nowennowych pr\u00f3\u015bb i podzi\u0119kowa\u0144 do MB Pocieszenia \u2013 \u015broda, godz. 18.00.<\/li>\n<li>Za \u015bp. Tadeusza Dery\u0142o \u2013 intencja od PSP w Le\u017cajsku \u2013 czwartek, godz. 7.00.<\/li>\n<li>Za \u015bp. Mateusza Dro\u017cd\u017cal \u2013 intencja od s\u0105siad\u00f3w z bloku przy ul. Braci \u015aniadeckich 4, klatka 4 \u2013 czwartek, godz. 18.00.<\/li>\n<li>Za \u015bp. Roman\u0119 Dudzi\u0144sk\u0105 \u2013 intencja od pracownik\u00f3w NZOZ Lekarz Rodzinny \u2013 sobota, godz. 7.00.<\/li>\n<\/ul>\n<p>W ostatnim tygodniu odesz\u0142y od nas do wieczno\u015bci <strong>\u015bp. Katarzyna Maci\u0105ga <\/strong>z ul. Mickiewicza i <strong>W\u0142adys\u0142awa Pietruska<\/strong> z ul. Furgalskiego \u2013 wieczny odpoczynek. \u2026..<\/p>\n","protected":false},"excerpt":{"rendered":"<p>Dzi\u015b zapraszamy jeszcze na nabo\u017ce\u0144stwo Gorzkich \u017bali z kazaniem pasyjnym i\u00a0pocz\u0105tek nowenny do \u015bw. J\u00f3zefa w\u00a0obu ko\u015bcio\u0142ach na godz. 17.00. Nowenna w\u00a0tygodniu po Mszy \u015bw. o godz. 18.00. Jutro po Mszy \u015bw. wieczornej spotkanie Akcji Katolickiej. Wszystkich cz\u0142onk\u00f3w Akcji Katolickiej serdecznie zapraszamy. We wtorek nowenna do \u015bw. Antoniego. Pro\u015bby i podzi\u0119kowania sk\u0142adamy przy figurze \u015bwi\u0119tego [&hellip;]<\/p>\n","protected":false},"author":4,"featured_media":0,"comment_status":"closed","ping_status":"open","sticky":false,"template":"","format":"standard","meta":[],"categories":[5],"tags":[],"_links":{"self":[{"href":"https:\/\/lezajsk.przemyska.pl\/index.php?rest_route=\/wp\/v2\/posts\/16618"}],"collection":[{"href":"https:\/\/lezajsk.przemyska.pl\/index.php?rest_route=\/wp\/v2\/posts"}],"about":[{"href":"https:\/\/lezajsk.przemyska.pl\/index.php?rest_route=\/wp\/v2\/types\/post"}],"author":[{"embeddable":true,"href":"https:\/\/lezajsk.przemyska.pl\/index.php?rest_route=\/wp\/v2\/users\/4"}],"replies":[{"embeddable":true,"href":"https:\/\/lezajsk.przemyska.pl\/index.php?rest_route=%2Fwp%2Fv2%2Fcomments&post=16618"}],"version-history":[{"count":1,"href":"https:\/\/lezajsk.przemyska.pl\/index.php?rest_route=\/wp\/v2\/posts\/16618\/revisions"}],"predecessor-version":[{"id":16619,"href":"https:\/\/lezajsk.przemyska.pl\/index.php?rest_route=\/wp\/v2\/posts\/16618\/revisions\/16619"}],"wp:attachment":[{"href":"https:\/\/lezajsk.przemyska.pl\/index.php?rest_route=%2Fwp%2Fv2%2Fmedia&parent=16618"}],"wp:term":[{"taxonomy":"category","embeddable":true,"href":"https:\/\/lezajsk.przemyska.pl\/index.php?rest_route=%2Fwp%2Fv2%2Fcategories&post=16618"},{"taxonomy":"post_tag","embeddable":true,"href":"https:\/\/lezajsk.przemyska.pl\/index.php?rest_route=%2Fwp%2Fv2%2Ftags&post=16618"}],"curies":[{"name":"wp","href":"https:\/\/api.w.org\/{rel}","templated":true}]}}