
{"id":15751,"date":"2023-06-10T23:27:40","date_gmt":"2023-06-10T21:27:40","guid":{"rendered":"https:\/\/lezajsk.przemyska.pl\/?p=15751"},"modified":"2023-06-11T09:18:41","modified_gmt":"2023-06-11T07:18:41","slug":"x-niedziela-zwykla-11-06-2023-r","status":"publish","type":"post","link":"https:\/\/lezajsk.przemyska.pl\/?p=15751","title":{"rendered":"X Niedziela zwyk\u0142a &#8211; 11.06.2023 r."},"content":{"rendered":"<ol>\n<li>Dzi\u015b zapraszamy jeszcze na <strong>nabo\u017ce\u0144stwo do Serca Pana Jezusa<\/strong> na godz. 17.30 z\u00a0procesj\u0105 eucharystyczn\u0105 a\u00a0po nim Msza \u015bw. wieczorna. W tygodniu, przez czas oktawy do czwartku w\u0142\u0105cznie, <strong>najpierw o godz. 18.00 Msza \u015bw.<\/strong> wieczorna a po niej nabo\u017ce\u0144stwo i\u00a0procesja eucharystyczna.<\/li>\n<li>We wtorek <strong>nowenna do \u015bw. Antoniego<\/strong> i b\u0142ogos\u0142awie\u0144stwo dzieci. Pro\u015bby i\u00a0podzi\u0119kowania mo\u017cna sk\u0142ada\u0107 przy figurze \u015bwi\u0119tego.<\/li>\n<li>Tak\u017ce we wtorek,<strong> 13 czerwca<\/strong>, wszystkich czcicieli Matki Bo\u017cej, zapraszamy na kolejne w\u00a0tym roku <strong>Nabo\u017ce\u0144stwo Fatimskie <\/strong>z procesj\u0105 r\u00f3\u017ca\u0144cow\u0105<strong>, <\/strong>kt\u00f3re rozpocznie si\u0119 Msz\u0105 \u015bw. o\u00a0godz. 18.00.<\/li>\n<li>W \u015brod\u0119, o godz. 16.00 w Muzeum Ziemi Le\u017cajskiej odb\u0119dzie si\u0119 prezentacja i spotkanie z\u00a0autorami ksi\u0105\u017cki pt. <strong>\u201eFARA w Le\u017cajsku w czterechsetn\u0105 rocznic\u0119 konsekracji (1619-2019)\u201d. <\/strong>Wszystkich pasjonat\u00f3w historii serdecznie zapraszamy. Za\u015b dla wszystkich zainteresowanych parafian ksi\u0105\u017cka b\u0119dzie dost\u0119pna od najbli\u017cszej niedzieli.<\/li>\n<li>W czwartek o godz. 18.00 Msza \u015bw. na <strong>zako\u0144czenie oktawy Bo\u017cego Cia\u0142a <\/strong>po\u0142\u0105czona z\u00a0po\u015bwi\u0119ceniem wiank\u00f3w i\u00a0b\u0142ogos\u0142awie\u0144stwem dzieci a po niej procesja eucharystyczna. Wszystkich a szczeg\u00f3lnie dzieci, zapraszamy do licznego udzia\u0142u. Po procesji <strong>indywidualne b\u0142ogos\u0142awie\u0144stwo dzieci<\/strong>.<\/li>\n<li>W pi\u0105tek <strong>Uroczysto\u015b\u0107 Naj\u015bwi\u0119tszego Serca Pana Jezusa<\/strong> i w zwi\u0105zku z tym nie obowi\u0105zuje w tym dniu wstrzemi\u0119\u017aliwo\u015b\u0107 od pokarm\u00f3w mi\u0119snych. <strong>Akt zawierzenia naszej parafii i\u00a0wszystkich rodzin<\/strong> <strong>Naj\u015bwi\u0119tszemu Sercu Pana Jezusa<\/strong> w czasie uroczystej Mszy \u015bw. o\u00a0godz. 18.00.<\/li>\n<li>Wyjazd Stra\u017cy Honorowej NSPJ na pielgrzymk\u0119 <strong>do Krakowa &#8211; \u0141agiewnik w sobot\u0119 17 czerwca br<\/strong>. <strong>o godz. 7.00<\/strong> z parkingu przy placu targowym. S\u0105 jeszcze wolne miejsca a zapisy do czwartku.<\/li>\n<li>Zapraszamy wszystkich zainteresowanych do udzia\u0142u w\u00a0<strong>43<\/strong><strong> Pieszej Pielgrzymce na Jasna G\u00f3r\u0119<\/strong>. Zapisy drog\u0105 internetow\u0105 b\u0105d\u017a bezpo\u015brednio u przewodnika ks. \u0141ukasza. Szczeg\u00f3\u0142owe informacje na plakacie i tablicy og\u0142osze\u0144.<\/li>\n<li>Dzisiejsza taca mszalna jest przeznaczona na trwaj\u0105ce<strong> prace remontowe przy dachu naszej Fary<\/strong>. Wszystkim darczy\u0144com, cz\u0119sto anonimowym, za systematycznie sk\u0142adane ofiary, \u017cyczliwo\u015b\u0107 i\u00a0zrozumienie sk\u0142adamy serdeczne B\u00f3g zap\u0142a\u0107.<\/li>\n<li><strong>W Siewcy<\/strong> przed po\u0142udniem do nabycia prasa i publikacje katolickie<strong>.<\/strong><\/li>\n<\/ol>\n<p><strong>\u00a0<\/strong><strong><u>Intencje zbiorowe: <\/u><\/strong><\/p>\n<ul>\n<li>Za dusze w czy\u015b\u0107cu cierpi\u0105ce \u2013 intencja od Apostolskiego Dzie\u0142a Pomocy dla Czy\u015b\u0107ca \u2013 poniedzia\u0142ek, godz. 7.00.<\/li>\n<li>Za zmar\u0142ych fundator\u00f3w, opiekun\u00f3w i wszystkich os\u00f3b modl\u0105cych si\u0119 przy kapliczce obok stadionu \u2013 poniedzia\u0142ek, godz. 18.00.<\/li>\n<li>Z R\u00f3\u017cy \u015bw. Antoniego \u2013 wtorek, godz. 18.00.<\/li>\n<li>Z intencji wszystkich R\u00f3\u017c R\u00f3\u017ca\u0144cowych \u2013 wtorek, godz. 18.00.<\/li>\n<li>W intencji nowennowych pr\u00f3\u015bb i podzi\u0119kowa\u0144 do MB Pocieszenia \u2013 \u015broda, godz. 18.00.<\/li>\n<li>Za \u015bp. Mieczys\u0142awa D\u0105bka \u2013 intencja od Firmy Rudkowski i Tr\u0119bacz \u2013 czwartek, godz. 7.00.<\/li>\n<li>Z intencji Stra\u017cy Honorowej NSPJ, wynagradzaj\u0105ca za grzechy \u2013 pi\u0105tek, godz. 18.00.<\/li>\n<li>Za \u015bp. Zofi\u0119 Go\u017adziewsk\u0105 \u2013 intencja od kole\u017canek i koleg\u00f3w c\u00f3rki Marii z Gimnazjum Miejskiego w Le\u017cajsku \u2013 sobota, godz. 18.00.<\/li>\n<li>Z intencji Bractwa Szkaplerza \u015awi\u0119tego \u2013 sobota, godz. 18.00.<\/li>\n<\/ul>\n","protected":false},"excerpt":{"rendered":"<p>Dzi\u015b zapraszamy jeszcze na nabo\u017ce\u0144stwo do Serca Pana Jezusa na godz. 17.30 z\u00a0procesj\u0105 eucharystyczn\u0105 a\u00a0po nim Msza \u015bw. wieczorna. W tygodniu, przez czas oktawy do czwartku w\u0142\u0105cznie, najpierw o godz. 18.00 Msza \u015bw. wieczorna a po niej nabo\u017ce\u0144stwo i\u00a0procesja eucharystyczna. We wtorek nowenna do \u015bw. Antoniego i b\u0142ogos\u0142awie\u0144stwo dzieci. Pro\u015bby i\u00a0podzi\u0119kowania mo\u017cna sk\u0142ada\u0107 przy figurze [&hellip;]<\/p>\n","protected":false},"author":4,"featured_media":0,"comment_status":"closed","ping_status":"open","sticky":false,"template":"","format":"standard","meta":[],"categories":[5],"tags":[],"_links":{"self":[{"href":"https:\/\/lezajsk.przemyska.pl\/index.php?rest_route=\/wp\/v2\/posts\/15751"}],"collection":[{"href":"https:\/\/lezajsk.przemyska.pl\/index.php?rest_route=\/wp\/v2\/posts"}],"about":[{"href":"https:\/\/lezajsk.przemyska.pl\/index.php?rest_route=\/wp\/v2\/types\/post"}],"author":[{"embeddable":true,"href":"https:\/\/lezajsk.przemyska.pl\/index.php?rest_route=\/wp\/v2\/users\/4"}],"replies":[{"embeddable":true,"href":"https:\/\/lezajsk.przemyska.pl\/index.php?rest_route=%2Fwp%2Fv2%2Fcomments&post=15751"}],"version-history":[{"count":2,"href":"https:\/\/lezajsk.przemyska.pl\/index.php?rest_route=\/wp\/v2\/posts\/15751\/revisions"}],"predecessor-version":[{"id":15753,"href":"https:\/\/lezajsk.przemyska.pl\/index.php?rest_route=\/wp\/v2\/posts\/15751\/revisions\/15753"}],"wp:attachment":[{"href":"https:\/\/lezajsk.przemyska.pl\/index.php?rest_route=%2Fwp%2Fv2%2Fmedia&parent=15751"}],"wp:term":[{"taxonomy":"category","embeddable":true,"href":"https:\/\/lezajsk.przemyska.pl\/index.php?rest_route=%2Fwp%2Fv2%2Fcategories&post=15751"},{"taxonomy":"post_tag","embeddable":true,"href":"https:\/\/lezajsk.przemyska.pl\/index.php?rest_route=%2Fwp%2Fv2%2Ftags&post=15751"}],"curies":[{"name":"wp","href":"https:\/\/api.w.org\/{rel}","templated":true}]}}