
{"id":15249,"date":"2023-04-09T22:40:17","date_gmt":"2023-04-09T20:40:17","guid":{"rendered":"https:\/\/lezajsk.przemyska.pl\/?p=15249"},"modified":"2023-04-09T22:40:17","modified_gmt":"2023-04-09T20:40:17","slug":"poniedzialek-wielkanocny-10-kwietnia-2023-r","status":"publish","type":"post","link":"https:\/\/lezajsk.przemyska.pl\/?p=15249","title":{"rendered":"Poniedzia\u0142ek Wielkanocny &#8211; 10 kwietnia 2023 r."},"content":{"rendered":"<ol>\n<li>Rozpoczynamy tzw. <strong>\u201eBia\u0142y Tydzie\u0144\u201d \u2013 oktaw\u0119 Wielkanocy<\/strong>, kt\u00f3ra jest przed\u0142u\u017ceniem \u015bwi\u0119towania pami\u0105tki Zmartwychwstania Pana Jezusa na ca\u0142y tydzie\u0144, dlatego <strong>w\u00a0najbli\u017cszy pi\u0105tek nie obowi\u0105zuje wstrzemi\u0119\u017aliwo\u015b\u0107 od pokarm\u00f3w mi\u0119snych<\/strong>.<\/li>\n<li>Najbli\u017csza niedziela, to <strong>Niedziela Mi\u0142osierdzia Bo\u017cego<\/strong> i z tej okazji za tydzie\u0144 po ka\u017cdej Mszy \u015bw. odm\u00f3wimy <strong>Koronk\u0119 do Bo\u017cego Mi\u0142osierdzia<\/strong>. Ponadto, w\u00a0ko\u015bciele Jezusa Mi\u0142osiernego, odm\u00f3wimy Koronk\u0119 do Bo\u017cego Mi\u0142osierdzia o\u00a0godz. 15.00. Przypominamy, \u017ce<strong> nowenna przed \u015bwi\u0119tem Mi\u0142osierdzia Bo\u017cego <\/strong>b\u0119dzie odprawiana<strong> codziennie o godz. 18.00 <\/strong>i b\u0119dzie poprzedza\u0107 wieczorn\u0105 Msz\u0119 \u015bw<strong>.<\/strong><\/li>\n<li>We wtorek <strong>nowenna do \u015bw. Antoniego<\/strong> i b\u0142ogos\u0142awie\u0144stwo dzieci. Pro\u015bby i\u00a0podzi\u0119kowania mo\u017cna sk\u0142ada\u0107 przy figurze \u015bwi\u0119tego.<\/li>\n<li>W pi\u0105tek w Sanoku, rozpocznie si\u0119 <strong>XXX Spotkanie M\u0142odych Archidiecezji Przemyskiej<\/strong>, w kt\u00f3rym b\u0119d\u0105 bra\u0107 udzia\u0142 przedstawiciele tak\u017ce naszej parafii. Otoczmy m\u0142odych ca\u0142ej Archidiecezji nasz szczeg\u00f3lna modlitw\u0105.<\/li>\n<li>W Niedziel\u0119 Bo\u017cego Mi\u0142osierdzia rozpocznie si\u0119 kolejny <strong>Tydzie\u0144 Mi\u0142osierdzia<\/strong>.<\/li>\n<li><strong>W Niedziel\u0119 Mi\u0142osierdzia, zbi\u00f3rka do puszek Caritas<\/strong> z przeznaczeniem na pomoc potrzebuj\u0105cym. O przeprowadzenie tej\u017ce zbi\u00f3rki prosimy R\u00f3\u017ce R\u00f3\u017ca\u0144cowe. R\u00f3wnocze\u015bnie prosimy wszystkich, kt\u00f3rzy przez okres Wielkiego Postu oszcz\u0119dzali pieni\u0105\u017cki do specjalnych <strong>skarbonek Caritas, <\/strong>aby przynie\u015bli je w najbli\u017csz\u0105 niedziel\u0119 i\u00a0z\u0142o\u017cyli jako dar ofiarny w czasie dowolnej Mszy \u015bw.<\/li>\n<li>Z inicjatywy Bractwa Szkaplerza \u015awi\u0119tego <strong>w sobot\u0119 22 kwietnia<\/strong>, odb\u0119dzie si\u0119 kolejna pielgrzymka do sanktuari\u00f3w maryjnych naszej Archidiecezji a mianowicie do Jasienia k\/Ustrzyk Dolnych, Czarnej (\u015bw. Rita) i Pola\u0144czyka. Zapisy w zakrystii do najbli\u017cszej niedzieli.<\/li>\n<li><strong>W Siewcy<\/strong> do nabycia prasa i publikacje katolickie a na o\u0142tarzach, jest wy\u0142o\u017cona najnowsza parafialna <strong>gazetka Siewca<\/strong>. Serdecznie polecamy.<\/li>\n<\/ol>\n<p><strong><u>Intencje zbiorowe: <\/u><\/strong><\/p>\n<ul>\n<li>Za \u015bp. Fryderyka Kostk\u0119 \u2013 intencja od s\u0105siad\u00f3w z bloku przy ul. Ko\u0142\u0142\u0105taja 8 \u2013 wtorek, godz. 18.00.<\/li>\n<li>Za \u015bp. J\u00f3zefa Jakubowskiego \u2013 intencja od wsp\u00f3\u0142pracownik\u00f3w Krzysztofa \u2013 \u015broda, godz. 6.30.<\/li>\n<li>W intencji nowennowych pr\u00f3\u015bb i podzi\u0119kowa\u0144 do MB Pocieszenia \u2013 \u015broda, godz. 18.00.<\/li>\n<li>Za dusze w czy\u015b\u0107cu cierpi\u0105ce \u2013 intencja od Apostolskiego Dzie\u0142a Pomocy Duszom \u00a0Czy\u015b\u0107cowym \u2013 czwartek, godz. 7.00.<\/li>\n<li>Z intencji Ko\u0142a Przyjaci\u00f3\u0142 Radia Maryja \u2013 pi\u0105tek, godz. 18.00.<\/li>\n<li>Z intencji Stra\u017cy Honorowej NSPJ \u2013 niedziela, godz. 10.00.<\/li>\n<\/ul>\n<p>W ostatnim tygodniu odeszli od nas do wieczno\u015bci <strong>\u015bp. Jan Szwaja i Maria Lizak <\/strong>z ul. Kopernika, <strong>Maria Stadnik<\/strong> z ul. Garncarskiej i <strong>Maria Winiarska<\/strong> z ul. Mickiewicza \u2013 wieczny odpoczynek \u2026..<\/p>\n","protected":false},"excerpt":{"rendered":"<p>Rozpoczynamy tzw. \u201eBia\u0142y Tydzie\u0144\u201d \u2013 oktaw\u0119 Wielkanocy, kt\u00f3ra jest przed\u0142u\u017ceniem \u015bwi\u0119towania pami\u0105tki Zmartwychwstania Pana Jezusa na ca\u0142y tydzie\u0144, dlatego w\u00a0najbli\u017cszy pi\u0105tek nie obowi\u0105zuje wstrzemi\u0119\u017aliwo\u015b\u0107 od pokarm\u00f3w mi\u0119snych. Najbli\u017csza niedziela, to Niedziela Mi\u0142osierdzia Bo\u017cego i z tej okazji za tydzie\u0144 po ka\u017cdej Mszy \u015bw. odm\u00f3wimy Koronk\u0119 do Bo\u017cego Mi\u0142osierdzia. Ponadto, w\u00a0ko\u015bciele Jezusa Mi\u0142osiernego, odm\u00f3wimy Koronk\u0119 do [&hellip;]<\/p>\n","protected":false},"author":4,"featured_media":0,"comment_status":"closed","ping_status":"open","sticky":false,"template":"","format":"standard","meta":[],"categories":[5],"tags":[],"_links":{"self":[{"href":"https:\/\/lezajsk.przemyska.pl\/index.php?rest_route=\/wp\/v2\/posts\/15249"}],"collection":[{"href":"https:\/\/lezajsk.przemyska.pl\/index.php?rest_route=\/wp\/v2\/posts"}],"about":[{"href":"https:\/\/lezajsk.przemyska.pl\/index.php?rest_route=\/wp\/v2\/types\/post"}],"author":[{"embeddable":true,"href":"https:\/\/lezajsk.przemyska.pl\/index.php?rest_route=\/wp\/v2\/users\/4"}],"replies":[{"embeddable":true,"href":"https:\/\/lezajsk.przemyska.pl\/index.php?rest_route=%2Fwp%2Fv2%2Fcomments&post=15249"}],"version-history":[{"count":1,"href":"https:\/\/lezajsk.przemyska.pl\/index.php?rest_route=\/wp\/v2\/posts\/15249\/revisions"}],"predecessor-version":[{"id":15250,"href":"https:\/\/lezajsk.przemyska.pl\/index.php?rest_route=\/wp\/v2\/posts\/15249\/revisions\/15250"}],"wp:attachment":[{"href":"https:\/\/lezajsk.przemyska.pl\/index.php?rest_route=%2Fwp%2Fv2%2Fmedia&parent=15249"}],"wp:term":[{"taxonomy":"category","embeddable":true,"href":"https:\/\/lezajsk.przemyska.pl\/index.php?rest_route=%2Fwp%2Fv2%2Fcategories&post=15249"},{"taxonomy":"post_tag","embeddable":true,"href":"https:\/\/lezajsk.przemyska.pl\/index.php?rest_route=%2Fwp%2Fv2%2Ftags&post=15249"}],"curies":[{"name":"wp","href":"https:\/\/api.w.org\/{rel}","templated":true}]}}