
{"id":15130,"date":"2023-04-01T21:56:43","date_gmt":"2023-04-01T19:56:43","guid":{"rendered":"https:\/\/lezajsk.przemyska.pl\/?p=15130"},"modified":"2023-04-01T21:56:43","modified_gmt":"2023-04-01T19:56:43","slug":"niedziela-meki-panskiej-palmowa-02-04-2023-r","status":"publish","type":"post","link":"https:\/\/lezajsk.przemyska.pl\/?p=15130","title":{"rendered":"Niedziela M\u0119ki Pa\u0144skiej &#8211; Palmowa 02.04.2023 r."},"content":{"rendered":"<ol>\n<li>Dzi\u015b zapraszamy jeszcze na <strong>nabo\u017ce\u0144stwo Gorzkich \u017bali<\/strong> z kazaniem pasyjnym na godz. 17.00 w obu ko\u015bcio\u0142ach.<\/li>\n<li>Dzisiejsz\u0105 niedziel\u0105 rozpoczynamy<strong> Wielki Tydzie\u0144<\/strong>. Prze\u017cywa\u0107 b\u0119dziemy <strong>\u015awi\u0119te Triduum Paschalne<\/strong>. Niech pami\u0119\u0107 o tym, co uczyni\u0142 Chrystus dla naszego zbawienia, zgromadzi nas jak najliczniej w naszej Farze na tych, jak\u017ce pi\u0119knych, nabo\u017ce\u0144stwach Wielkiego Tygodnia.<\/li>\n<li>We wtorek <strong>dzie\u0144 naszej parafialnej spowiedzi wielkanocnej<\/strong>. Zapraszamy do skorzystania z sakramentu Bo\u017cego Mi\u0142osierdzia w godz.<strong> od 9.00 do 12.00 i popo\u0142udniu (i tu uwaga) od 16.00 do 20.00 z p\u00f3\u0142godzinnymi przerwami o godz. 10.30 i 18.00 na czas Mszy \u015bw. wieczornej.<\/strong> Bardzo prosimy nie odk\u0142ada\u0107 spowiedzi na kolejne dni Wielkiego Tygodnia.<\/li>\n<li>Do wtorku, do specjalnego kosza wystawionego przy o\u0142tarzu NSPJ, mo\u017cna sk\u0142ada\u0107 <strong>dary na st\u00f3\u0142 \u015bwi\u0105teczny<\/strong> dla potrzebuj\u0105cych. Caritas pomoc \u015bwi\u0105teczn\u0105 potrzebuj\u0105cym b\u0119dzie wydawa\u0142 w \u015brod\u0119 5 kwietnia w siedzibie Caritas.<\/li>\n<li><strong>Wielki Czwartek<\/strong>. Jest to dzie\u0144 ustanowienia Eucharystii i sakramentu Kap\u0142a\u0144stwa. <strong>Msza Wieczerzy Pa\u0144skiej<\/strong> <strong>zostanie odprawiona o godz. 18.00<\/strong>. Po uroczystej Mszy \u015bw. nast\u0105pi przeniesienie Naj\u015bwi\u0119tszego Sakramentu do Ciemnicy. Adoracja Pana Jezusa w\u00a0Ciemnicy trwa\u0107 b\u0119dzie do godz. 24.00. Zach\u0119camy do adorowania i\u00a0oddania czci Jezusowi.<\/li>\n<li><strong>Wielki Pi\u0105tek<\/strong>. Adorujemy Pana Jezusa w Ciemnicy od godz. 7.00 rano. <strong>O godz. 8.00 rozpocznie si\u0119 nabo\u017ce\u0144stwo Drogi Krzy\u017cowej.<\/strong> Serdecznie zapraszamy wszystkich do adoracji w ci\u0105gu dnia a szczeg\u00f3lnie siostry i\u00a0braci z R\u00f3\u017c \u017bywego R\u00f3\u017ca\u0144ca jak i innych grup apostolskich czy modlitewnych. Szczeg\u00f3\u0142owy plan adoracji zostanie wywieszony w gablocie. <strong>Liturgia M\u0119ki Pa\u0144skiej rozpocznie si\u0119 o godz. 18.00<\/strong>, w czasie kt\u00f3rej, po wys\u0142uchaniu M\u0119ki Pa\u0144skiej b\u0119dziemy adorowa\u0107 krzy\u017c Chrystusa, a nast\u0119pnie przeniesiemy Pana Jezusa w\u00a0Naj\u015bwi\u0119tszym Sakramencie do symbolicznego Grobu. Adoracja przy Bo\u017cym Grobie tak\u017ce do godz. 24.00. Zach\u0119camy do osobistej modlitwy i\u00a0adoracji.<\/li>\n<li>Wielki Pi\u0105tek, to tym razem r\u00f3wnocze\u015bnie<strong> I pi\u0105tek miesi\u0105ca<\/strong>. Wszystkich piel\u0119gnuj\u0105cy nabo\u017ce\u0144stwo I pi\u0105tk\u00f3w, prosimy o wcze\u015bniejsz\u0105 spowied\u017a, np. we wtorek, tak aby w\u00a0pi\u0105tek przyj\u0105\u0107 ju\u017c tylko Komunie \u015bw.<\/li>\n<li>W Wielki Pi\u0105tek od godz. 9.00 <strong>odwiedzimy w domach chorych z Komuni\u0105 \u015bw.<\/strong> \u2013 nowych chorych prosimy zg\u0142asza\u0107 w zakrystii.<\/li>\n<li>Od Wielkiego Pi\u0105tku, rozpoczniemy <strong>nowenn\u0119 przed \u015awi\u0119tem Mi\u0142osierdzia Bo\u017cego.<\/strong> B\u0119dzie si\u0119 ona rozpoczyna\u0107 codziennie <strong>p\u00f3\u0142 godziny przed wieczornym nabo\u017ce\u0144stwem.<\/strong><\/li>\n<li>W Wielki Pi\u0105tek <strong>obowi\u0105zuje post \u015bcis\u0142y<\/strong> ilo\u015bciowy i jako\u015bciowy.<\/li>\n<li><strong>Wielka Sobota<\/strong>. Adoracja Pana Jezusa w Grobie od godz. 7.00. Po\u015bwi\u0119cenie pokarm\u00f3w na st\u00f3\u0142 wielkanocny <strong>od godz. 8.00 do 14.00 co godzin\u0119<\/strong>. <strong>Obrz\u0119d Wigilii Paschalnej rozpocznie si\u0119 o godz. 19.00 <\/strong>od po\u015bwi\u0119cenia ognia przed ko\u015bcio\u0142em. Na to nabo\u017ce\u0144stwo zabieramy ze sob\u0105 \u015bwiece.<\/li>\n<li><strong>Niedziela Zmartwychwstania Pa\u0144skiego<\/strong>. Rezurekcja <strong>o godz. 6.00<\/strong> a nast\u0119pne Msze \u015bw. <strong>o godz. 8.30, 10.00 i 11.30 a tak\u017ce popo\u0142udniu o godz. 18.00.<\/strong> <strong>W Niedziel\u0119 Wielkanocn\u0105 jak i w Poniedzia\u0142ek Wielkanocny<\/strong> nie b\u0119dzie tylko Mszy \u015bw. o godz. 16.00. B\u0119d\u0105 Msze \u015bw. w ma\u0142ym ko\u015bciele.<\/li>\n<li>Wszystkich parafian i zainteresowanych informujemy, <strong>i\u017c mo\u017cliwo\u015b\u0107 zamawiania intencji mszalnych na rok 2023<\/strong> si\u0119 wyczerpa\u0142a. O otwarciu kalendarza z intencjami na rok 2024 poinformujemy w stosownym czasie. Warto jednak pami\u0119ta\u0107, i\u017c jest wiele parafii i wielu ksi\u0119\u017cy, kt\u00f3rzy nie maj\u0105 intencji i mog\u0105 odprawi\u0107 Msz\u0119 \u015bw., cz\u0119sto niemal\u017ce z dnia na dzie\u0144 ale poza nasz\u0105 parafi\u0105 (tak si\u0119 dzieje np. z intencjami pogrzebowymi) o czym informujemy zainteresowanych.<\/li>\n<li>Sk\u0142adamy serdeczne B\u00f3g zap\u0142a\u0107 za wszystkie ofiary z\u0142o\u017cone na <strong>kwiaty i dekoracje do Bo\u017cego Grobu i Ciemnicy<\/strong> w czasie Gorzkich \u017bali. Przy okazji przypominamy, i\u017c ofiary sk\u0142adane podczas adoracji krzy\u017ca s\u0105 przeznaczone na renowacj\u0119 chrze\u015bcija\u0144skich zabytk\u00f3w w Ziemi \u015awi\u0119tej.<\/li>\n<li>Dzisiejsza taca mszalna jest przeznaczona na <strong>potrzeby Seminarium Duchownego w\u00a0Przemy\u015blu,<\/strong> za\u015b za tydzie\u0144, w II niedziel\u0119 miesi\u0105ca, taca b\u0119dzie przeznaczona na trwaj\u0105ce <strong>prace remontowe przy dachu naszej Fary. <\/strong>Wszystkim darczy\u0144com za ka\u017cd\u0105 przekazan\u0105 z\u0142ot\u00f3wk\u0119, za \u017cyczliwo\u015b\u0107 i\u00a0zrozumienie sk\u0142adamy serdeczne B\u00f3g zap\u0142a\u0107.<\/li>\n<li>Przed ko\u015bcio\u0142em z r\u0105k ministrant\u00f3w mo\u017cna zabra\u0107 kolejny numer darmowych <strong>Dobry Nowin<\/strong>, kt\u00f3re tym razem s\u0105 w ca\u0142o\u015bci po\u015bwi\u0119cone osobie <strong>\u015bw. Jana Paw\u0142a II<\/strong>.<\/li>\n<li><strong>W Siewcy<\/strong> do nabycia \u015bwi\u0105teczn\u0105 pras\u0119 katolick\u0105. Szczeg\u00f3lnie polecamy <strong>paschaliki i\u00a0miodki Caritas, <\/strong>z kt\u00f3rych doch\u00f3d jest przeznaczony na wsparcie potrzebuj\u0105cych.<\/li>\n<\/ol>\n<p><strong><u>Intencje zbiorowe: <\/u><\/strong><\/p>\n<ul>\n<li>Za \u015bp. Joann\u0119 Fularz \u2013 intencja od s\u0105siad\u00f3w z bloku przy ul. Mickiewicza 55, klatka 3 \u2013 wtorek, godz. 6.30 i od koleg\u00f3w z Firmy Pogrzebowej \u201eSkowronek\u201d \u2013 niedziela, godz. 9.30 w MK.<\/li>\n<li>W intencji nowennowych pr\u00f3\u015bb i podzi\u0119kowa\u0144 do MB Pocieszenia \u2013 \u015broda, godz. 18.00.<\/li>\n<li>Msze \u015bw. w intencji kap\u0142an\u00f3w pracuj\u0105cych w naszej parafii \u2013 od Akcji Katolickiej, Bractwa Szkaplerza \u015awi\u0119tego, R\u00f3\u017c R\u00f3\u017ca\u0144cowych, Stra\u017cy Honorowej NSPJ i Dzie\u0142a Pomocy Powo\u0142aniom \u2013 czwartek, godz. 18.00.<\/li>\n<li>Z R\u00f3\u017cy b\u0142. Kard. S. Wyszy\u0144skiego \u2013 sobota, godz. 19.00.<\/li>\n<\/ul>\n<p>W ostatnim tygodniu odesz\u0142y od nas do wieczno\u015bci <strong>\u015bp. J\u00f3zefa Kostka <\/strong>z ul. Ogrodowej i <strong>Zofia Popowicz<\/strong> z ul. Ko\u0142\u0142\u0105taja \u2013 wieczny odpoczynek \u2026<\/p>\n","protected":false},"excerpt":{"rendered":"<p>Dzi\u015b zapraszamy jeszcze na nabo\u017ce\u0144stwo Gorzkich \u017bali z kazaniem pasyjnym na godz. 17.00 w obu ko\u015bcio\u0142ach. Dzisiejsz\u0105 niedziel\u0105 rozpoczynamy Wielki Tydzie\u0144. Prze\u017cywa\u0107 b\u0119dziemy \u015awi\u0119te Triduum Paschalne. Niech pami\u0119\u0107 o tym, co uczyni\u0142 Chrystus dla naszego zbawienia, zgromadzi nas jak najliczniej w naszej Farze na tych, jak\u017ce pi\u0119knych, nabo\u017ce\u0144stwach Wielkiego Tygodnia. We wtorek dzie\u0144 naszej parafialnej [&hellip;]<\/p>\n","protected":false},"author":4,"featured_media":0,"comment_status":"closed","ping_status":"open","sticky":false,"template":"","format":"standard","meta":[],"categories":[5],"tags":[],"_links":{"self":[{"href":"https:\/\/lezajsk.przemyska.pl\/index.php?rest_route=\/wp\/v2\/posts\/15130"}],"collection":[{"href":"https:\/\/lezajsk.przemyska.pl\/index.php?rest_route=\/wp\/v2\/posts"}],"about":[{"href":"https:\/\/lezajsk.przemyska.pl\/index.php?rest_route=\/wp\/v2\/types\/post"}],"author":[{"embeddable":true,"href":"https:\/\/lezajsk.przemyska.pl\/index.php?rest_route=\/wp\/v2\/users\/4"}],"replies":[{"embeddable":true,"href":"https:\/\/lezajsk.przemyska.pl\/index.php?rest_route=%2Fwp%2Fv2%2Fcomments&post=15130"}],"version-history":[{"count":1,"href":"https:\/\/lezajsk.przemyska.pl\/index.php?rest_route=\/wp\/v2\/posts\/15130\/revisions"}],"predecessor-version":[{"id":15131,"href":"https:\/\/lezajsk.przemyska.pl\/index.php?rest_route=\/wp\/v2\/posts\/15130\/revisions\/15131"}],"wp:attachment":[{"href":"https:\/\/lezajsk.przemyska.pl\/index.php?rest_route=%2Fwp%2Fv2%2Fmedia&parent=15130"}],"wp:term":[{"taxonomy":"category","embeddable":true,"href":"https:\/\/lezajsk.przemyska.pl\/index.php?rest_route=%2Fwp%2Fv2%2Fcategories&post=15130"},{"taxonomy":"post_tag","embeddable":true,"href":"https:\/\/lezajsk.przemyska.pl\/index.php?rest_route=%2Fwp%2Fv2%2Ftags&post=15130"}],"curies":[{"name":"wp","href":"https:\/\/api.w.org\/{rel}","templated":true}]}}