
{"id":15126,"date":"2023-03-25T22:56:56","date_gmt":"2023-03-25T21:56:56","guid":{"rendered":"https:\/\/lezajsk.przemyska.pl\/?p=15126"},"modified":"2023-03-25T22:56:56","modified_gmt":"2023-03-25T21:56:56","slug":"v-niedziela-wielkiego-postu-26-03-2023-r","status":"publish","type":"post","link":"https:\/\/lezajsk.przemyska.pl\/?p=15126","title":{"rendered":"V Niedziela Wielkiego Postu &#8211; 26.03.2023 r."},"content":{"rendered":"<ol>\n<li>Dzi\u015b zapraszamy jeszcze na nabo\u017ce\u0144stwo <strong>Gorzkich \u017bali z kazaniem pasyjnym<\/strong> w\u00a0obu ko\u015bcio\u0142ach na godz. 17.00.<\/li>\n<li>W pi\u0105tek <strong>nabo\u017ce\u0144stwo Drogi Krzy\u017cowej<\/strong> rano o godz. 7.30 i popo\u0142udniu o godz.16.00 dla dzieci. Tak\u017ce <strong>w pi\u0105tek po Mszy \u015bw. o godz. 18.00<\/strong> a wi\u0119c oko\u0142o godz. 18.30 rozpocznie si\u0119 doroczna <strong>Miejska Droga Krzy\u017cowa,<\/strong> tym razem z Fary do Klasztoru. Na to nabo\u017ce\u0144stwo serdecznie zapraszamy wszystkich mieszka\u0144c\u00f3w naszego miasta. Z\u00a0tego te\u017c powodu nie b\u0119dzie w ko\u015bciele drogi krzy\u017cowej o godz. 17.30 i 20.00.<\/li>\n<li><strong>Tak\u017ce w pi\u0105tek o godz. 12.30,<\/strong> specjalne nabo\u017ce\u0144stwo Drogi Krzy\u017cowej, je\u015bli pozwoli pogoda to wok\u00f3\u0142 ko\u015bcio\u0142a, prowadzone przez podopiecznych <strong>Warsztat\u00f3w Terapii Zaj\u0119ciowej<\/strong> przy naszym Caritas. Wszystkich ch\u0119tnych a zw\u0142aszcza osoby z\u00a0niepe\u0142nosprawno\u015bci\u0105 serdecznie zapraszamy.<\/li>\n<li>W sobot\u0119 na godz. 17.00, zapraszamy wszystkich czcicieli Matki Bo\u017cej, na kolejne<strong> nabo\u017ce\u0144stwo I soboty<\/strong>, wynagradzaj\u0105ce Niepokalanemu Sercu NMP, po\u0142\u0105czone z\u00a0modlitw\u0105 r\u00f3\u017ca\u0144cow\u0105.<\/li>\n<li>Najbli\u017csza niedziela <strong>2 kwietnia jest<\/strong> <strong>Niedziel\u0105 M\u0119ki Pa\u0144skiej<\/strong>, czyli Niedziel\u0105 Palmow\u0105. Obrz\u0119d po\u015bwi\u0119cenia palm na pocz\u0105tku ka\u017cdej Mszy \u015bw.<\/li>\n<li>Zgodnie ze starym zwyczajem od dzisiejszej niedzieli mo\u017cna <strong>zas\u0142oni\u0107 krzy\u017ce<\/strong>. Pozostaj\u0105 one zas\u0142oni\u0119te a\u017c do liturgii Wielkiego Pi\u0105tku.<\/li>\n<li><strong>W Niedziel\u0119 Palmow\u0105<\/strong> po wszystkich Mszach \u015bw. przed po\u0142udniem, Warsztaty Terapii Zaj\u0119ciowej przy naszym Caritas organizuj\u0105 <strong>\u201eKiermasz \u015awi\u0105teczny\u201d.<\/strong> Sprzedawane b\u0119d\u0105 ozdoby, stroiki \u015bwi\u0105teczne i palmy wykonane przez niepe\u0142nosprawnych uczestnik\u00f3w WTZ.<\/li>\n<li>Tak\u017ce w przysz\u0142\u0105 niedziel\u0119 po ka\u017cdej Mszy \u015bw. i w dzie\u0144 spowiedzi parafialnej czyli we wtorek 4 kwietnia, przez ca\u0142y dzie\u0144 <strong>Oaza Dzieci Bo\u017cych<\/strong> przy pomocy starszych wolontariuszy,\u00a0 b\u0119dzie rozprowadza\u0107 r\u0119cznie wykonane pisanki i baranki z ciasta na st\u00f3\u0142 wielkanocny. Serdecznie polecamy a zebrany doch\u00f3d zasili ich fundusz rekolekcyjny.<\/li>\n<li><strong>W Siewcy<\/strong> do nabycia prasa i publikacje katolickie<strong>. <\/strong>S\u0105 tam te\u017c specjalne <strong>paschaliki i\u00a0miody Caritas,<\/strong> kt\u00f3re obecne na \u015bwi\u0105tecznym stole, b\u0119d\u0105 znakiem naszej solidarno\u015bci z\u00a0bardziej potrzebuj\u0105cymi. Jest tam te\u017c ciekawa ksi\u0105\u017ceczka <strong> \u201eRodzina Ulm\u00f3w \u2013 Droga ku \u015bwi\u0119to\u015bci\u201d,<\/strong> za jedyne 3 z\u0142. <strong>Caritas dzi\u0119kuje<\/strong>, tak\u017ce wszystkim osobom, kt\u00f3re wzi\u0119\u0142y udzia\u0142 w zbi\u00f3rce \u017cywno\u015bci na rzecz potrzebuj\u0105cych w sklepach na terenie Le\u017cajska.<\/li>\n<li>Jutro, dzi\u0119ki uprzejmo\u015bci <strong>Miejskiego Centrum Kultury<\/strong>, odb\u0119dzie si\u0119 kolejna <strong>parafialna projekcja filmu tym razem pt. \u201eOpiekun\u201d <\/strong>opowiadaj\u0105ca pi\u0119kn\u0105 histori\u0119 rodziny w \u017cycie kt\u00f3rej wkracza \u015bw. J\u00f3zef. S\u0105 jeszcze wolne miejsca i dzi\u015b do zako\u0144czenia wieczornej Mszy \u015bw., mo\u017cna si\u0119 jeszcze zapisa\u0107. Film rozpocznie si\u0119 jutro, tj. <strong>27 marca o godz. 19.00<\/strong>. Osoby, kt\u00f3re si\u0119 zapisa\u0142y oczekuj\u0105 w kinie kilka minut przed godz. 19.00.<\/li>\n<\/ol>\n<p><strong><u>Intencje zbiorowe: <\/u><\/strong><\/p>\n<ul>\n<li>Za \u015bp. Zbigniewa \u0141ach \u2013 intencja od kole\u017canek \u017cony \u2013 poniedzia\u0142ek, godz. 6.30.<\/li>\n<li>Za \u015bp. Mariana Kasper \u2013 intencja od zmiany M z Hortino \u2013 poniedzia\u0142ek, godz. 18.00.<\/li>\n<li>Za \u015bp. Wojciecha Go\u017adziewskiego \u2013 intencja od przyjaci\u00f3\u0142 \u2013 poniedzia\u0142ek, godz. 18.00.<\/li>\n<li>Za zmar\u0142ych z ul. Zmuliska \u2013 wtorek, godz. 18.00.<\/li>\n<li>Za \u015bp. Franciszka B\u0105cal \u2013 intencja od s\u0105siad\u00f3w z klatki bloku przy ul. Kopernika 11 \u2013 \u015broda, godz. 6.30.<\/li>\n<li>Za \u015bp. Helen\u0119 Sadek \u2013 intencja od rodzic\u00f3w i wychowank\u00f3w c\u00f3rki Katarzyny \u2013 \u015broda, godz. 6.30.<\/li>\n<li>Za \u015bp. Stanis\u0142aw\u0119 Dudek \u2013 intencja od kole\u017canek synowej z Przychodni Specjalistycznej w\u00a0Le\u017cajsku \u2013 \u015broda, godz. 18.00.<\/li>\n<li>W intencji nowennowych pr\u00f3\u015bb i podzi\u0119kowa\u0144 do MB Pocieszenia \u2013 \u015broda, godz. 18.00.<\/li>\n<li>Za \u015bp. Zofi\u0119 Drzyma\u0142a \u2013 intencja od przyjaci\u00f3\u0142 siostry Marysi \u2013 czwartek, godz. 18.00.<\/li>\n<li>Msze \u015bw. gregoria\u0144skie za \u015bp. Stefani\u0119 Zaj\u0105c \u2013 pocz\u0105tek pi\u0105tek, godz. 7.00.<\/li>\n<li>Msze \u015bw. gregoria\u0144skie za \u015bp. Ann\u0119 Kula \u2013 pocz\u0105tek sobota, godz. 18.00 (poza parafi\u0105).<\/li>\n<li>Wynagradzaj\u0105ca Niepokalanemu Sercu NMP \u2013 intencja od Bractwa Szkaplerza \u015awi\u0119tego i\u00a0R\u00f3\u017c R\u00f3\u017ca\u0144cowych \u2013 sobota, godz. 18.00.<\/li>\n<li>Z R\u00f3\u017cy \u015bw. Jana Paw\u0142a II \u2013 niedziela, godz. 11.30.<\/li>\n<\/ul>\n","protected":false},"excerpt":{"rendered":"<p>Dzi\u015b zapraszamy jeszcze na nabo\u017ce\u0144stwo Gorzkich \u017bali z kazaniem pasyjnym w\u00a0obu ko\u015bcio\u0142ach na godz. 17.00. W pi\u0105tek nabo\u017ce\u0144stwo Drogi Krzy\u017cowej rano o godz. 7.30 i popo\u0142udniu o godz.16.00 dla dzieci. Tak\u017ce w pi\u0105tek po Mszy \u015bw. o godz. 18.00 a wi\u0119c oko\u0142o godz. 18.30 rozpocznie si\u0119 doroczna Miejska Droga Krzy\u017cowa, tym razem z Fary do [&hellip;]<\/p>\n","protected":false},"author":4,"featured_media":0,"comment_status":"closed","ping_status":"open","sticky":false,"template":"","format":"standard","meta":[],"categories":[5],"tags":[],"_links":{"self":[{"href":"https:\/\/lezajsk.przemyska.pl\/index.php?rest_route=\/wp\/v2\/posts\/15126"}],"collection":[{"href":"https:\/\/lezajsk.przemyska.pl\/index.php?rest_route=\/wp\/v2\/posts"}],"about":[{"href":"https:\/\/lezajsk.przemyska.pl\/index.php?rest_route=\/wp\/v2\/types\/post"}],"author":[{"embeddable":true,"href":"https:\/\/lezajsk.przemyska.pl\/index.php?rest_route=\/wp\/v2\/users\/4"}],"replies":[{"embeddable":true,"href":"https:\/\/lezajsk.przemyska.pl\/index.php?rest_route=%2Fwp%2Fv2%2Fcomments&post=15126"}],"version-history":[{"count":1,"href":"https:\/\/lezajsk.przemyska.pl\/index.php?rest_route=\/wp\/v2\/posts\/15126\/revisions"}],"predecessor-version":[{"id":15127,"href":"https:\/\/lezajsk.przemyska.pl\/index.php?rest_route=\/wp\/v2\/posts\/15126\/revisions\/15127"}],"wp:attachment":[{"href":"https:\/\/lezajsk.przemyska.pl\/index.php?rest_route=%2Fwp%2Fv2%2Fmedia&parent=15126"}],"wp:term":[{"taxonomy":"category","embeddable":true,"href":"https:\/\/lezajsk.przemyska.pl\/index.php?rest_route=%2Fwp%2Fv2%2Fcategories&post=15126"},{"taxonomy":"post_tag","embeddable":true,"href":"https:\/\/lezajsk.przemyska.pl\/index.php?rest_route=%2Fwp%2Fv2%2Ftags&post=15126"}],"curies":[{"name":"wp","href":"https:\/\/api.w.org\/{rel}","templated":true}]}}