
{"id":15124,"date":"2023-03-18T22:59:51","date_gmt":"2023-03-18T21:59:51","guid":{"rendered":"https:\/\/lezajsk.przemyska.pl\/?p=15124"},"modified":"2023-03-18T22:59:51","modified_gmt":"2023-03-18T21:59:51","slug":"iv-niedziela-wielkiego-postu-19-03-2023-r","status":"publish","type":"post","link":"https:\/\/lezajsk.przemyska.pl\/?p=15124","title":{"rendered":"IV Niedziela Wielkiego Postu &#8211; 19.03.2023 r."},"content":{"rendered":"<ol>\n<li>Dzi\u015b zapraszamy jeszcze na nabo\u017ce\u0144stwo <strong>Gorzkich \u017bali z kazaniem pasyjnym na\u00a0godz. 17.00 <\/strong>w obu ko\u015bcio\u0142ach<strong>.<\/strong><\/li>\n<li>Jutro, na zasadzie wyj\u0105tku, poniewa\u017c niedziele Wielkiego Postu nie dopuszczaj\u0105 \u017cadnych innych uroczysto\u015bci, b\u0119dziemy liturgicznie obchodzi\u0107 <strong>Uroczysto\u015b\u0107 \u015aw. J\u00f3zefa Oblubie\u0144ca NMP<\/strong>. Zapraszamy do liczniejszego uczestnictwa we Mszy \u015bw. i modlitwy w intencji ojc\u00f3w i m\u0119\u017c\u00f3w. Z\u00a0okazji imienin pami\u0119tajmy tak\u017ce w\u00a0modlitwie o\u00a0naszym <strong>Abp Seniorze J\u00f3zefie Michaliku<\/strong> i\u00a0wszystkich solenizantach a\u00a0zw\u0142aszcza o\u00a0naszych by\u0142ych proboszczach <strong>\u015bp. ks. J\u00f3zefie Gorczycy i ks. J\u00f3zefie W\u00f3jciku.<\/strong><\/li>\n<li>We wtorek <strong>nowenna do \u015aw. J\u00f3zefa \u2013 Oblubie\u0144ca NMP<\/strong>. Podzi\u0119kowania i\u00a0pro\u015bby mo\u017cna sk\u0142ada\u0107 bezpo\u015brednio przed nabo\u017ce\u0144stwem na o\u0142tarzu Matki Bo\u017cej.<\/li>\n<li>W pi\u0105tek nabo\u017ce\u0144stwo <strong>Drogi Krzy\u017cowej<\/strong> rano o godz.<strong>30<\/strong>, popo\u0142udniu <strong>o godz.16.00 dla dzieci a nast\u0119pnie o godz. 17.30 i 20.00. <\/strong><\/li>\n<li><strong>W sobot\u0119 25 marca,<\/strong> <strong>Uroczysto\u015b\u0107 Zwiastowania Pa\u0144skiego<\/strong>. Zapraszamy do liczniejszego udzia\u0142u we Mszy \u015bw. i uczczenia Matki Naj\u015bwi\u0119tszej. W czasie wieczornej Mszy \u015bw. b\u0119dzie mo\u017cna z\u0142o\u017cy\u0107 deklaracje duchowej adopcji dziecka pocz\u0119tego. Formularze deklaracji s\u0105 wy\u0142o\u017cone na o\u0142tarzach bocznych.<\/li>\n<li>Przypominamy, \u017ce za tydzie\u0144, z soboty na niedziel\u0119 <strong>zmiana czasu na letni<\/strong>.<\/li>\n<li>Jutro, dzi\u0119ki uprzejmo\u015bci <strong>Miejskiego Centrum Kultury<\/strong>, odb\u0119dzie si\u0119 <strong>parafialna projekcja filmu \u201eMedjugorje\u201d<\/strong>. S\u0105 jeszcze wolne miejsca i dzi\u015b do zako\u0144czenia wieczornej Mszy \u015bw., mo\u017cna si\u0119 jeszcze zapisa\u0107. Film rozpocznie si\u0119 jutro, tj. w <strong>poniedzia\u0142ek 20 marca o godz. 19.00<\/strong>. Osoby, kt\u00f3re si\u0119 zapisa\u0142y oczekuj\u0105 w kinie kilka minut przed godz. 19.00. Za\u015b za tydzie\u0144, w <strong>poniedzia\u0142ek 27 marca, tak\u017ce o godz. 19.00<\/strong>, zapraszamy na film pt. <strong>\u201eOpiekun\u201d<\/strong> opowiadaj\u0105cy pi\u0119kn\u0105 histori\u0119 zagro\u017conej rodziny w kt\u00f3rej \u017cycie wkracza \u015bw. J\u00f3zef. Zapisy na ten film od dzi\u015b do nast\u0119pnej niedzieli w\u0142\u0105cznie w zakrystii a cena biletu tak\u017ce 15 z\u0142. Serdecznie zapraszamy.<\/li>\n<li><strong>W Siewcy<\/strong> do nabycia prasa i publikacje katolickie a tak\u017ce <strong>paschaliki Caritas<\/strong>.<\/li>\n<li>Dzi\u015b przed ko\u015bcio\u0142em, zbi\u00f3rka do puszek z\u00a0przeznaczeniem na pomoc <strong>Fundacji Pomocy M\u0142odzie\u017cy im. \u015aw. Jana Paw\u0142a II &#8211; WZRASTANIE<\/strong>. Za z\u0142o\u017cone ofiary wszystkim B\u00f3g zap\u0142a\u0107.<\/li>\n<\/ol>\n<p><strong><u>Intencje zbiorowe: <\/u><\/strong><\/p>\n<ul>\n<li>Z intencji Bractwa Szkaplerza \u015awi\u0119tego \u2013 poniedzia\u0142ek i sobota, godz. 18.00.<\/li>\n<li>W intencji \u015bp. ks. J\u00f3zefa Gorczycy i ks. J\u00f3zefa W\u00f3jcika z okazji imienin \u2013 poniedzia\u0142ek, godz. 18.00.<\/li>\n<li>Za \u015bp. Mari\u0119 Curkowicz \u2013 intencja od kole\u017canek i koleg\u00f3w ze SP w Biedaczowie \u2013 wtorek, godz. 18.00.<\/li>\n<li>W intencji nowennowych pr\u00f3\u015bb i podzi\u0119kowa\u0144 do MB Pocieszenia \u2013 \u015broda, godz. 18.00.<\/li>\n<li>Za \u015bp. Edwarda Guta \u2013 intencja od po\u0142o\u017cnych z oddzia\u0142u ginekologiczno\u2013po\u0142o\u017cniczego szpitala w Le\u017cajsku \u2013 pi\u0105tek, godz. 6.30.<\/li>\n<li>Za \u015bp. Mariana Kasper \u2013 intencja od s\u0105siad\u00f3w z ul. S\u0142owackiego \u2013 pi\u0105tek, godz. 18.00.<\/li>\n<\/ul>\n","protected":false},"excerpt":{"rendered":"<p>Dzi\u015b zapraszamy jeszcze na nabo\u017ce\u0144stwo Gorzkich \u017bali z kazaniem pasyjnym na\u00a0godz. 17.00 w obu ko\u015bcio\u0142ach. Jutro, na zasadzie wyj\u0105tku, poniewa\u017c niedziele Wielkiego Postu nie dopuszczaj\u0105 \u017cadnych innych uroczysto\u015bci, b\u0119dziemy liturgicznie obchodzi\u0107 Uroczysto\u015b\u0107 \u015aw. J\u00f3zefa Oblubie\u0144ca NMP. Zapraszamy do liczniejszego uczestnictwa we Mszy \u015bw. i modlitwy w intencji ojc\u00f3w i m\u0119\u017c\u00f3w. Z\u00a0okazji imienin pami\u0119tajmy tak\u017ce w\u00a0modlitwie [&hellip;]<\/p>\n","protected":false},"author":4,"featured_media":0,"comment_status":"closed","ping_status":"open","sticky":false,"template":"","format":"standard","meta":[],"categories":[5],"tags":[],"_links":{"self":[{"href":"https:\/\/lezajsk.przemyska.pl\/index.php?rest_route=\/wp\/v2\/posts\/15124"}],"collection":[{"href":"https:\/\/lezajsk.przemyska.pl\/index.php?rest_route=\/wp\/v2\/posts"}],"about":[{"href":"https:\/\/lezajsk.przemyska.pl\/index.php?rest_route=\/wp\/v2\/types\/post"}],"author":[{"embeddable":true,"href":"https:\/\/lezajsk.przemyska.pl\/index.php?rest_route=\/wp\/v2\/users\/4"}],"replies":[{"embeddable":true,"href":"https:\/\/lezajsk.przemyska.pl\/index.php?rest_route=%2Fwp%2Fv2%2Fcomments&post=15124"}],"version-history":[{"count":1,"href":"https:\/\/lezajsk.przemyska.pl\/index.php?rest_route=\/wp\/v2\/posts\/15124\/revisions"}],"predecessor-version":[{"id":15125,"href":"https:\/\/lezajsk.przemyska.pl\/index.php?rest_route=\/wp\/v2\/posts\/15124\/revisions\/15125"}],"wp:attachment":[{"href":"https:\/\/lezajsk.przemyska.pl\/index.php?rest_route=%2Fwp%2Fv2%2Fmedia&parent=15124"}],"wp:term":[{"taxonomy":"category","embeddable":true,"href":"https:\/\/lezajsk.przemyska.pl\/index.php?rest_route=%2Fwp%2Fv2%2Fcategories&post=15124"},{"taxonomy":"post_tag","embeddable":true,"href":"https:\/\/lezajsk.przemyska.pl\/index.php?rest_route=%2Fwp%2Fv2%2Ftags&post=15124"}],"curies":[{"name":"wp","href":"https:\/\/api.w.org\/{rel}","templated":true}]}}