
{"id":15121,"date":"2023-03-11T21:14:47","date_gmt":"2023-03-11T20:14:47","guid":{"rendered":"https:\/\/lezajsk.przemyska.pl\/?p=15121"},"modified":"2023-03-11T21:14:47","modified_gmt":"2023-03-11T20:14:47","slug":"iii-niedziela-wielkiego-postu-12-03-2023-r","status":"publish","type":"post","link":"https:\/\/lezajsk.przemyska.pl\/?p=15121","title":{"rendered":"III Niedziela Wielkiego Postu &#8211; 12.03.2023 r."},"content":{"rendered":"<ol>\n<li>Dzi\u015b zapraszamy jeszcze na <strong>nabo\u017ce\u0144stwo Gorzkich \u017bali z kazaniem pasyjnym<\/strong> po\u0142\u0105czone z nowenn\u0105 do \u015bw. J\u00f3zefa w\u00a0obu ko\u015bcio\u0142ach na godz. 17.00. Nowenna w\u00a0tygodniu po Mszy \u015bw. o godz. 18.00.<\/li>\n<li>We wtorek <strong>nowenna do \u015bw. Antoniego<\/strong>. Pro\u015bby i podzi\u0119kowania sk\u0142adamy przy figurze \u015bwi\u0119tego a po nowennie b\u0142ogos\u0142awie\u0144stwo dzieci.<\/li>\n<li>W pi\u0105tek <strong>nabo\u017ce\u0144stwo Drogi Krzy\u017cowej<\/strong> rano o godz. 7.30, popo\u0142udniu o godz.16.00 dla dzieci a nast\u0119pnie, o godz. 17.30 i 20.00.<\/li>\n<li>Tak\u017ce w pi\u0105tek rozpocznie si\u0119 <strong> kurs przedma\u0142\u017ce\u0144ski czyli katechezy przedma\u0142\u017ce\u0144skie<\/strong> i\u00a0b\u0119dzie trwa\u0142 3 dni. Przy okazji kolejny raz przypominamy wszystkim zainteresowanym, \u017ce przygotowanie do ma\u0142\u017ce\u0144stwa to dwa etapy. Pierwszy to wspomniany wy\u017cej tzw. <strong>\u201ekurs przedma\u0142\u017ce\u0144ski\u201d<\/strong>, kt\u00f3ry mo\u017ce by\u0107 zrealizowany znacznie wcze\u015bniej nawet kilka lata przed planowanym \u015blubem a drugi etap &#8211; ju\u017c bezpo\u015brednio przed \u015blubem &#8211; to <strong>poradnia rodzinna dla narzeczonych<\/strong>, kt\u00f3r\u0105 rozpoczynaj\u0105 narzeczeni 3-4 miesi\u0105ce przed \u015blubem. Poradnia dla narzeczonych zaprasza w ka\u017cdy II czwartek miesi\u0105ca po Mszy \u015bw. wieczornej. Wszystkie te informacje s\u0105 tak\u017ce umieszczone na naszej stronie parafialnej w zak\u0142adce \u2013 sakrament ma\u0142\u017ce\u0144stwa.<\/li>\n<li>Dzisiejsza taca mszalna jest przeznaczona na trwaj\u0105ce <strong>prace remontowe przy dachu naszej Fary<\/strong>. Za wszystkie z\u0142o\u017cone dzi\u015b ofiary serdecznie dzi\u0119kujemy. Za\u015b za tydzie\u0144, w\u00a0niedziel\u0119, zbi\u00f3rka do puszek z\u00a0przeznaczeniem na pomoc <strong>Fundacji Pomocy M\u0142odzie\u017cy im. \u015aw. Jana Paw\u0142a II &#8211; WZRASTANIE<\/strong>. O\u00a0przeprowadzenie tej\u017ce zbi\u00f3rki prosimy Bractwo Szkaplerza \u015awi\u0119tego. Wsparcie dla Dzie\u0142 Caritas Archidiecezji Przemyskiej mo\u017cemy okaza\u0107 tak\u017ce poprzez przekazanie 1,5% ze swego podatku. Stosowne blankiety s\u0105 wy\u0142o\u017cone na o\u0142tarzach.<\/li>\n<li><strong>Caritas Archidiecezji Przemyskiej Oddzia\u0142 Le\u017cajsk<\/strong>, organizuje zbi\u00f3rk\u0119 \u017cywno\u015bci w\u00a0sklepach na teranie Le\u017cajska w dniach 17 i 18 marca (pi\u0105tek i sobota). Zebrana \u017cywno\u015b\u0107 zostanie wykorzystana do przygotowywania posi\u0142k\u00f3w w tutejszych o\u015brodkach Caritas oraz dla os\u00f3b potrzebuj\u0105cych. R\u00f3wnocze\u015bnie przypominamy, i\u017c przy naszej parafii w domu katechetycznym, z inicjatywy Caritas dzia\u0142a <strong>wypo\u017cyczalnia sprz\u0119tu rehabilitacyjnego<\/strong>, czynna codziennie w godz. od 8 do 9.00.<\/li>\n<li><strong>W Siewcy<\/strong> do nabycia prasa i publikacje katolickie. S\u0105 tam te\u017c paschaliki Caritas i\u00a0charytatywne s\u0142oiczki z miodem.<\/li>\n<li>Dyrektorzy le\u017cajskich szk\u00f3\u0142 podstawowych informuj\u0105, \u017ce w dniach 13-15 marca 2023 r. odbywa\u0107 si\u0119 b\u0119d\u0105 <strong>zapisy dzieci do klas pierwszych<\/strong>. Szczeg\u00f3\u0142y rekrutacji na stronach internetowych szk\u00f3\u0142 i Urz\u0119du Miasta.<\/li>\n<li>Dzi\u0119ki uprzejmo\u015bci Miejskiego Centrum Kultury, <strong>zapraszamy do kina na parafialn\u0105 projekcj\u0119 filmu \u201eMedjugorje\u201d<\/strong>. Projekcja b\u0119dzie mia\u0142a miejsce w poniedzia\u0142ek 20 marca o godz. 19.00. Zapisy od dzi\u015b w zakrystii a cena biletu to 15 z\u0142. Serdecznie zapraszamy.<\/li>\n<\/ol>\n<p><strong><u>Intencje zbiorowe: <\/u><\/strong><\/p>\n<ul>\n<li>Za dusze w czy\u015b\u0107cu cierpi\u0105ce \u2013 intencja od Apostolskiego Dzie\u0142a Pomocy dla Czy\u015b\u0107ca \u2013 poniedzia\u0142ek, godz. 7.00.<\/li>\n<li>Za \u015bp. Mieczys\u0142awa Samolej \u2013 intencja od s\u0105siad\u00f3w ul. Kopernika 3 \u2013 poniedzia\u0142ek, godz. 18.00.<\/li>\n<li>Za \u015bp. Eugeni\u0119 Janas \u2013 intencja od pracownik\u00f3w Urz\u0119du Miejskiego w Le\u017cajsku \u2013 wtorek, godz. 18.00.<\/li>\n<li>Za \u015bp. Iren\u0119 Tutka \u2013 intencja od kole\u017canek i koleg\u00f3w brata Stanis\u0142awa z PKS Le\u017cajsk \u2013 wtorek, godz. 18.00.<\/li>\n<li>Za \u015bp. Andrzeja Ordyczy\u0144skiego \u2013 intencja od Dyrekcji Podkarpackiego Oddzia\u0142u ARiMR wraz z kierownictwem i pracownikami le\u017cajskiego biura \u2013 \u015broda, godz. 7.00.<\/li>\n<li>W intencji nowennowych pr\u00f3\u015bb i podzi\u0119kowa\u0144 do MB Pocieszenia \u2013 \u015broda, godz. 18.00.<\/li>\n<li>Za \u015bp. Edward Gut \u2013 intencja od pracownik\u00f3w dzia\u0142u \u017cywienia ze szpitala \u2013 czwartek, godz. 7.00.<\/li>\n<li>Za \u015bp. Mari\u0119 Curkowicz \u2013 intencja od s\u0105siad\u00f3w z klatki bloku przy ul. Kopernika \u2013 pi\u0105tek, godz. 18.00.<\/li>\n<li>Z R\u00f3\u017cy \u015bw. J\u00f3zefa \u2013 niedziela, godz. 10.00.<\/li>\n<\/ul>\n<p>W ostatnim tygodniu odeszli od nas do wieczno\u015bci <strong>\u015bp. Mieczys\u0142aw Czapla <\/strong>z ul. Ko\u0142\u0142\u0105taja, <strong>Anna Sapu\u0142a<\/strong> z ul. Mickiewicza,\u00a0<strong>Henryk Mi\u015bkiewicz <\/strong>z ul. Garncarskiej i <strong>Alicja Czop<\/strong> z ul. Kopernika \u2013 wieczny odpoczynek. \u2026..<\/p>\n","protected":false},"excerpt":{"rendered":"<p>Dzi\u015b zapraszamy jeszcze na nabo\u017ce\u0144stwo Gorzkich \u017bali z kazaniem pasyjnym po\u0142\u0105czone z nowenn\u0105 do \u015bw. J\u00f3zefa w\u00a0obu ko\u015bcio\u0142ach na godz. 17.00. Nowenna w\u00a0tygodniu po Mszy \u015bw. o godz. 18.00. We wtorek nowenna do \u015bw. Antoniego. Pro\u015bby i podzi\u0119kowania sk\u0142adamy przy figurze \u015bwi\u0119tego a po nowennie b\u0142ogos\u0142awie\u0144stwo dzieci. W pi\u0105tek nabo\u017ce\u0144stwo Drogi Krzy\u017cowej rano o godz. [&hellip;]<\/p>\n","protected":false},"author":4,"featured_media":0,"comment_status":"closed","ping_status":"open","sticky":false,"template":"","format":"standard","meta":[],"categories":[5],"tags":[],"_links":{"self":[{"href":"https:\/\/lezajsk.przemyska.pl\/index.php?rest_route=\/wp\/v2\/posts\/15121"}],"collection":[{"href":"https:\/\/lezajsk.przemyska.pl\/index.php?rest_route=\/wp\/v2\/posts"}],"about":[{"href":"https:\/\/lezajsk.przemyska.pl\/index.php?rest_route=\/wp\/v2\/types\/post"}],"author":[{"embeddable":true,"href":"https:\/\/lezajsk.przemyska.pl\/index.php?rest_route=\/wp\/v2\/users\/4"}],"replies":[{"embeddable":true,"href":"https:\/\/lezajsk.przemyska.pl\/index.php?rest_route=%2Fwp%2Fv2%2Fcomments&post=15121"}],"version-history":[{"count":1,"href":"https:\/\/lezajsk.przemyska.pl\/index.php?rest_route=\/wp\/v2\/posts\/15121\/revisions"}],"predecessor-version":[{"id":15122,"href":"https:\/\/lezajsk.przemyska.pl\/index.php?rest_route=\/wp\/v2\/posts\/15121\/revisions\/15122"}],"wp:attachment":[{"href":"https:\/\/lezajsk.przemyska.pl\/index.php?rest_route=%2Fwp%2Fv2%2Fmedia&parent=15121"}],"wp:term":[{"taxonomy":"category","embeddable":true,"href":"https:\/\/lezajsk.przemyska.pl\/index.php?rest_route=%2Fwp%2Fv2%2Fcategories&post=15121"},{"taxonomy":"post_tag","embeddable":true,"href":"https:\/\/lezajsk.przemyska.pl\/index.php?rest_route=%2Fwp%2Fv2%2Ftags&post=15121"}],"curies":[{"name":"wp","href":"https:\/\/api.w.org\/{rel}","templated":true}]}}