
{"id":15105,"date":"2023-03-04T21:49:26","date_gmt":"2023-03-04T20:49:26","guid":{"rendered":"https:\/\/lezajsk.przemyska.pl\/?p=15105"},"modified":"2023-03-04T21:49:26","modified_gmt":"2023-03-04T20:49:26","slug":"ii-niedziela-wielkiego-postu-05-03-2023-r","status":"publish","type":"post","link":"https:\/\/lezajsk.przemyska.pl\/?p=15105","title":{"rendered":"II Niedziela Wielkiego Postu &#8211; 05.03.2023 r."},"content":{"rendered":"<ol>\n<li>Dzi\u015b zapraszamy jeszcze na nabo\u017ce\u0144stwo <strong>Gorzkich \u017bali z kazaniem pasyjnym<\/strong> w\u00a0obu ko\u015bcio\u0142ach na godz. 17.00.<\/li>\n<li>Jutro po Mszy \u015bw. wieczornej spotkanie <strong>R\u00f3\u017c R\u00f3\u017ca\u0144cowych, Apostolskiego Dzie\u0142a Pomocy dla Czy\u015b\u0107ca oraz Dzie\u0142a Pomocy Powo\u0142aniom. <\/strong><\/li>\n<li>We wtorek spotkanie<strong> Stra\u017cy Honorowej NSPJ.<\/strong><\/li>\n<li>W \u015brod\u0119 spotkanie <strong>Bractwa Szkaplerza \u015awi\u0119tego. <\/strong><\/li>\n<li>Tak\u017ce w \u015brod\u0119 <strong>Dzie\u0144 Kobiet<\/strong>. Wszystkim Paniom ju\u017c dzi\u015b sk\u0142adamy najlepsze \u017cyczenia a\u00a0wszystkich m\u0119\u017cczyzn zach\u0119camy do permanentnej \u017cyczliwo\u015bci i wdzi\u0119cznej modlitwy w intencji wszystkich naszych Pa\u0144, zar\u00f3wno w \u015brod\u0119 jak i przez ca\u0142y rok.<\/li>\n<li>W pi\u0105tek nabo\u017ce\u0144stwo <strong>Drogi Krzy\u017cowej<\/strong> rano o godz. <strong>7.30<\/strong>, popo\u0142udniu <strong>o godz.16.00 dla dzieci a nast\u0119pnie, o godz. 17.30 i 20.00.<\/strong><\/li>\n<li>W pi\u0105tek pocz\u0105tek <strong>nowenny przed Uroczysto\u015bci\u0105 \u015aw. J\u00f3zefa \u2013 Oblubie\u0144ca NMP.<\/strong><\/li>\n<li>W dalszym ci\u0105gu zapraszamy m\u0142odych naszej parafii do udzia\u0142u w <strong>XXX Spotkaniu M\u0142odych Archidiecezji Przemyskiej<\/strong>, kt\u00f3re tym razem odb\u0119dzie si\u0119 w Sanoku. Wi\u0119cej informacji na stronie: mlodziez.przemyska.pl. Zapisy do 20 marca w zakrystii lub u ks. Grzegorza.<\/li>\n<li><strong>Caritas Archidiecezji Przemyskiej Oddzia\u0142 Le\u017cajsk<\/strong>, zaprasza osoby starsze jak i\u00a0niepe\u0142nosprawne do skorzystania z wielowymiarowej pomocy jak\u0105 oferuj\u0105 Warsztaty Terapii Zaj\u0119ciowej w Le\u017cajsku oraz \u015arodowiskowy Dom Samopomocy w Starym Mie\u015bcie. Wiele cennych informacji dla zainteresowanych na tablicy og\u0142osze\u0144 a ulotki s\u0105 wy\u0142o\u017cone na o\u0142tarzach bocznych. Wolne miejsca czekaj\u0105.<\/li>\n<li>Z ca\u0142ego serca dzi\u0119kujemy <strong>Eugeniuszowi Kwieci\u0144skiemu,\u00a0kt\u00f3ry wczoraj wraz z\u00a0bra\u0107mi i bratankiem<\/strong>, kolejny raz bezinteresowne odkurzyli o\u0142tarze, okna i \u015bciany naszej Fary. B\u00f3g zap\u0142a\u0107.<\/li>\n<li>Dzisiejsza taca mszalna jest przeznaczona na <strong>potrzeby Seminarium Duchownego w\u00a0Przemy\u015blu,<\/strong> za\u015b za tydzie\u0144, w II niedziel\u0119 miesi\u0105ca, taca b\u0119dzie przeznaczona na trwaj\u0105ce <strong>prace remontowe przy dachu naszej Fary. <\/strong>Wszystkim darczy\u0144com za ka\u017cd\u0105 przekazan\u0105 z\u0142ot\u00f3wk\u0119, za \u017cyczliwo\u015b\u0107 i\u00a0zrozumienie sk\u0142adamy serdeczne B\u00f3g zap\u0142a\u0107.<\/li>\n<li><strong>W<\/strong> <strong>Siewcy<\/strong> do nabycia prasa i publikacje katolickie. S\u0105 tam te\u017c paschaliki Caritas i\u00a0charytatywne s\u0142oiki z miodem<strong>.<\/strong><\/li>\n<\/ol>\n<p><strong><u>Intencje zbiorowe: <\/u><\/strong><\/p>\n<ul>\n<li>W intencji Ko\u015bcio\u0142a, Ojczyzny, parafii i naszych rodzin za przyczyn\u0105 \u015awi\u0119tego Micha\u0142a Archanio\u0142a \u2013 wtorek, godz. 6.30.<\/li>\n<li>Za \u015bp. Jana \u0106wik\u0142\u0119 \u2013 intencja od s\u0105siad\u00f3w z ul. Witosa \u2013 wtorek, godz. 7.00.<\/li>\n<li>W intencji nowennowych pr\u00f3\u015bb i podzi\u0119kowa\u0144 do MB Pocieszenia \u2013 \u015broda, godz. 18.00.<\/li>\n<li>Za \u015bp. Eugeni\u0119 Janas \u2013 intencja od Burmistrza i Rady Miejskiej w Le\u017cajsku \u2013 czwartek, godz. 6.30.<\/li>\n<li>Za zmar\u0142ych z ul. Zmuliska, kpt. Kuczka, Lipy i Podzwierzyniec \u2013 czwartek, godz. 18.00.<\/li>\n<li>Za \u015bp. Genowef\u0119 Haracz \u2013 intencja od mieszka\u0144c\u00f3w bloku przy ul. Staszica 4 \u2013 pi\u0105tek, godz. 6.30.<\/li>\n<li>Za \u015bp. Andrzeja Ordyczy\u0144skiego \u2013 intencja od pracownik\u00f3w PGK Grodzisko Dolne \u2013 pi\u0105tek, godz. 7.00.<\/li>\n<li>Z intencji Ko\u0142a Przyjaci\u00f3\u0142 Radia Maryja \u2013 pi\u0105tek, godz. 18.00.<\/li>\n<li>Za \u015bp. J\u00f3zef\u0119 Teres\u0119 Salmo\u0144sk\u0105 \u2013 intencja od kole\u017canek i koleg\u00f3w z klasy ze SP nr 1 \u2013 sobota, godz. 7.00.<\/li>\n<li>Z R\u00f3\u017cy b\u0142. Anieli Salawy \u2013 niedziela, godz. 8.30.<\/li>\n<\/ul>\n","protected":false},"excerpt":{"rendered":"<p>Dzi\u015b zapraszamy jeszcze na nabo\u017ce\u0144stwo Gorzkich \u017bali z kazaniem pasyjnym w\u00a0obu ko\u015bcio\u0142ach na godz. 17.00. Jutro po Mszy \u015bw. wieczornej spotkanie R\u00f3\u017c R\u00f3\u017ca\u0144cowych, Apostolskiego Dzie\u0142a Pomocy dla Czy\u015b\u0107ca oraz Dzie\u0142a Pomocy Powo\u0142aniom. We wtorek spotkanie Stra\u017cy Honorowej NSPJ. W \u015brod\u0119 spotkanie Bractwa Szkaplerza \u015awi\u0119tego. Tak\u017ce w \u015brod\u0119 Dzie\u0144 Kobiet. Wszystkim Paniom ju\u017c dzi\u015b sk\u0142adamy najlepsze [&hellip;]<\/p>\n","protected":false},"author":4,"featured_media":0,"comment_status":"closed","ping_status":"open","sticky":false,"template":"","format":"standard","meta":[],"categories":[5],"tags":[],"_links":{"self":[{"href":"https:\/\/lezajsk.przemyska.pl\/index.php?rest_route=\/wp\/v2\/posts\/15105"}],"collection":[{"href":"https:\/\/lezajsk.przemyska.pl\/index.php?rest_route=\/wp\/v2\/posts"}],"about":[{"href":"https:\/\/lezajsk.przemyska.pl\/index.php?rest_route=\/wp\/v2\/types\/post"}],"author":[{"embeddable":true,"href":"https:\/\/lezajsk.przemyska.pl\/index.php?rest_route=\/wp\/v2\/users\/4"}],"replies":[{"embeddable":true,"href":"https:\/\/lezajsk.przemyska.pl\/index.php?rest_route=%2Fwp%2Fv2%2Fcomments&post=15105"}],"version-history":[{"count":1,"href":"https:\/\/lezajsk.przemyska.pl\/index.php?rest_route=\/wp\/v2\/posts\/15105\/revisions"}],"predecessor-version":[{"id":15106,"href":"https:\/\/lezajsk.przemyska.pl\/index.php?rest_route=\/wp\/v2\/posts\/15105\/revisions\/15106"}],"wp:attachment":[{"href":"https:\/\/lezajsk.przemyska.pl\/index.php?rest_route=%2Fwp%2Fv2%2Fmedia&parent=15105"}],"wp:term":[{"taxonomy":"category","embeddable":true,"href":"https:\/\/lezajsk.przemyska.pl\/index.php?rest_route=%2Fwp%2Fv2%2Fcategories&post=15105"},{"taxonomy":"post_tag","embeddable":true,"href":"https:\/\/lezajsk.przemyska.pl\/index.php?rest_route=%2Fwp%2Fv2%2Ftags&post=15105"}],"curies":[{"name":"wp","href":"https:\/\/api.w.org\/{rel}","templated":true}]}}