
{"id":15102,"date":"2023-02-25T22:19:39","date_gmt":"2023-02-25T21:19:39","guid":{"rendered":"https:\/\/lezajsk.przemyska.pl\/?p=15102"},"modified":"2023-02-25T22:19:39","modified_gmt":"2023-02-25T21:19:39","slug":"i-niedziela-wielkiego-postu-26-02-2023-r","status":"publish","type":"post","link":"https:\/\/lezajsk.przemyska.pl\/?p=15102","title":{"rendered":"I Niedziela Wielkiego Postu &#8211; 26.02.2023 r."},"content":{"rendered":"<ol>\n<li>Dzi\u015b ko\u0144czymy nasze<strong> Parafialne Rekolekcje Wielkopostne<\/strong>. Z ca\u0142ego serca dzi\u0119kujemy <strong> prof. Dariuszowi Dziadoszowi,<\/strong> za g\u0142oszone S\u0142owo Bo\u017ce i\u00a0pomoc w\u00a0odkrywaniu najwa\u017cniejszych prawd naszej chrze\u015bcija\u0144skiej wiary. Niech Dobry B\u00f3g ks. Rektorowi hojnie b\u0142ogos\u0142awi a\u00a0Matka Bo\u017ca Pocieszenia, Pani Le\u017cajska otacza\u00a0swoj\u0105 przemo\u017cn\u0105 opiek\u0105.<\/li>\n<li>Dzi\u015b na <strong> godz. 17.00, <\/strong>zapraszamy wszystkich na pierwsze nabo\u017ce\u0144stwo <strong>Gorzkich \u017bali z kazaniem pasyjnym.<\/strong> Gorzkie \u017bale b\u0119d\u0105 odprawiane jak zawsze w obu ko\u015bcio\u0142ach. Ofiary zbierane w\u00a0czasie nabo\u017ce\u0144stwa Gorzkich \u017bali s\u0105 przeznaczone na kwiaty i dekoracje do Bo\u017cego Grobu. Po Gorzkich \u017balach Msza \u015bw. wieczorna o godz. 18.00.<\/li>\n<li><strong>W tym tygodniu przypada<\/strong> <strong>I czwartek, I pi\u0105tek i I sobota miesi\u0105ca<\/strong>. Adoracja Naj\u015bwi\u0119tszego Sakramentu po Mszy \u015bw. wieczornej w czwartek i pi\u0105tek do godz. 20.00. Spowied\u017a w\u00a0pi\u0105tek od godz. 15.30 dla dzieci a potem od godz. 17.00.<\/li>\n<li>W pi\u0105tek nabo\u017ce\u0144stwo<strong> Drogi Krzy\u017cowej rano o godz. 7.30, popo\u0142udniu o\u00a0godz. 16.00 dla dzieci i wieczorem o godz. 17.30 i 20.00 dla m\u0142odzie\u017cy<\/strong>.<\/li>\n<li>W pi\u0105tek od godz. 9.00,<strong> odwiedziny chorych w domach z Komuni\u0105 \u015bw<\/strong>.<\/li>\n<li>W sobot\u0119 na godz. 17.00 zapraszamy wszystkich czcicieli Matki Bo\u017cej na kolejne <strong>nabo\u017ce\u0144stwo I soboty<\/strong>, wynagradzaj\u0105ce Niepokalanemu Sercu NMP, po\u0142\u0105czone z\u00a0modlitw\u0105 r\u00f3\u017ca\u0144cow\u0105.<\/li>\n<li>Ca\u0142odzienna <strong>pi\u0105tkowa<\/strong> <strong>adoracja Naj\u015bwi\u0119tszego Sakramentu<\/strong> przez ca\u0142y okres Wielkiego Postu b\u0119dzie si\u0119 rozpoczyna\u0107 po nabo\u017ce\u0144stwie Drogi Krzy\u017cowej a wi\u0119c oko\u0142o godz. 8.00 i\u00a0ko\u0144czy\u0107 o godz. 16.00.<\/li>\n<li><strong>W<\/strong> <strong>Siewcy<\/strong> przed po\u0142udniem do nabycia prasa i publikacje<strong>. <\/strong>S\u0105 te\u017c charytatywne paschaliki Caritas i s\u0142oiczki z miodem (10 z\u0142.). Na o\u0142tarzach s\u0105 wy\u0142o\u017cone skarbonki na <strong>ja\u0142mu\u017cn\u0119 wielkopostn\u0105.<\/strong><\/li>\n<li>Przed ko\u015bcio\u0142em z r\u0105k ministrant\u00f3w, b\u0105d\u017a z bocznych o\u0142tarzy, mo\u017cna zabra\u0107 kolejny, darmowy numer <strong>Dobrych Nowin.<\/strong><\/li>\n<\/ol>\n<p><strong><u>Intencje zbiorowe: <\/u><\/strong><\/p>\n<ul>\n<li>Za \u015bp. Mieczys\u0142awa Samolej \u2013 intencja od s\u0105siad\u00f3w z ul. Kopernika 3 \u2013 poniedzia\u0142ek, godz. 6.30.<\/li>\n<li>Za \u015bp. Andrzeja Ordyczy\u0144skiego \u2013 intencja od W\u00f3jta i pracownik\u00f3w Gminy Grodzisko Dolne \u2013 wtorek, godz. 6.30.<\/li>\n<li>Za \u015bp. Mari\u0119 Michalak \u2013 intencja od Caritas Archidiecezji Przemyskiej \u2013 Oddzia\u0142 Le\u017cajsk \u2013 wtorek, godz. 18.00 i od s\u0105siad\u00f3w z ul. Podzwierzyniec \u2013 pi\u0105tek, godz. 7.00.<\/li>\n<li>Msze \u015bw. gregoria\u0144skie za \u015bp. Krystyn\u0119 \u0141abaziewicz \u2013 pocz\u0105tek, \u015broda, godz. 6.30.<\/li>\n<li>Za \u015bp. Jana \u0106wik\u0142\u0119 \u2013 intencja od s\u0105siad\u00f3w z ul. Witosa \u2013 \u015broda, godz. 6.30.<\/li>\n<li>W intencji nowennowych pr\u00f3\u015bb i podzi\u0119kowa\u0144 do MB Pocieszenia \u2013 \u015broda, godz. 18.00.<\/li>\n<li>Za kap\u0142an\u00f3w i o nowe \u015bwi\u0119te powo\u0142ania kap\u0142a\u0144skie i zakonne \u2013 intencja od Stra\u017cy Honorowej NSPJ \u2013 czwartek, godz. 18.00.<\/li>\n<li>Z intencji Stra\u017cy Honorowej NSPJ \u2013 pi\u0105tek, godz. 18.00.<\/li>\n<li>Za \u015bp. Zbigniewa \u0141ach \u2013 intencja od pracownik\u00f3w Hortino \u2013 sobota, godz. 18.00.<\/li>\n<li>Wynagradzaj\u0105ca Niepokalanemu Sercu NMP z intencji Bractwa Szkaplerza \u015awi\u0119tego i R\u00f3\u017c R\u00f3\u017ca\u0144cowych \u2013 sobota, godz. 18.00.<\/li>\n<li>Z R\u00f3\u017cy \u015bw. Kazimierza \u2013 niedziela, godz. 10.00.<\/li>\n<\/ul>\n<p>W ostatnim tygodniu odszed\u0142 od nas do wieczno\u015bci <strong>\u015bp. Zenon Hozer <\/strong>z ul. Szkolnej \u2013 wieczny odpoczynek \u2026..<\/p>\n","protected":false},"excerpt":{"rendered":"<p>Dzi\u015b ko\u0144czymy nasze Parafialne Rekolekcje Wielkopostne. Z ca\u0142ego serca dzi\u0119kujemy prof. Dariuszowi Dziadoszowi, za g\u0142oszone S\u0142owo Bo\u017ce i\u00a0pomoc w\u00a0odkrywaniu najwa\u017cniejszych prawd naszej chrze\u015bcija\u0144skiej wiary. Niech Dobry B\u00f3g ks. Rektorowi hojnie b\u0142ogos\u0142awi a\u00a0Matka Bo\u017ca Pocieszenia, Pani Le\u017cajska otacza\u00a0swoj\u0105 przemo\u017cn\u0105 opiek\u0105. Dzi\u015b na godz. 17.00, zapraszamy wszystkich na pierwsze nabo\u017ce\u0144stwo Gorzkich \u017bali z kazaniem pasyjnym. Gorzkie \u017bale [&hellip;]<\/p>\n","protected":false},"author":4,"featured_media":0,"comment_status":"closed","ping_status":"open","sticky":false,"template":"","format":"standard","meta":[],"categories":[5],"tags":[],"_links":{"self":[{"href":"https:\/\/lezajsk.przemyska.pl\/index.php?rest_route=\/wp\/v2\/posts\/15102"}],"collection":[{"href":"https:\/\/lezajsk.przemyska.pl\/index.php?rest_route=\/wp\/v2\/posts"}],"about":[{"href":"https:\/\/lezajsk.przemyska.pl\/index.php?rest_route=\/wp\/v2\/types\/post"}],"author":[{"embeddable":true,"href":"https:\/\/lezajsk.przemyska.pl\/index.php?rest_route=\/wp\/v2\/users\/4"}],"replies":[{"embeddable":true,"href":"https:\/\/lezajsk.przemyska.pl\/index.php?rest_route=%2Fwp%2Fv2%2Fcomments&post=15102"}],"version-history":[{"count":1,"href":"https:\/\/lezajsk.przemyska.pl\/index.php?rest_route=\/wp\/v2\/posts\/15102\/revisions"}],"predecessor-version":[{"id":15103,"href":"https:\/\/lezajsk.przemyska.pl\/index.php?rest_route=\/wp\/v2\/posts\/15102\/revisions\/15103"}],"wp:attachment":[{"href":"https:\/\/lezajsk.przemyska.pl\/index.php?rest_route=%2Fwp%2Fv2%2Fmedia&parent=15102"}],"wp:term":[{"taxonomy":"category","embeddable":true,"href":"https:\/\/lezajsk.przemyska.pl\/index.php?rest_route=%2Fwp%2Fv2%2Fcategories&post=15102"},{"taxonomy":"post_tag","embeddable":true,"href":"https:\/\/lezajsk.przemyska.pl\/index.php?rest_route=%2Fwp%2Fv2%2Ftags&post=15102"}],"curies":[{"name":"wp","href":"https:\/\/api.w.org\/{rel}","templated":true}]}}