
{"id":14933,"date":"2023-02-04T21:50:46","date_gmt":"2023-02-04T20:50:46","guid":{"rendered":"https:\/\/lezajsk.przemyska.pl\/?p=14933"},"modified":"2023-02-04T22:48:38","modified_gmt":"2023-02-04T21:48:38","slug":"v-niedziela-zwykla-05-02-2023-r","status":"publish","type":"post","link":"https:\/\/lezajsk.przemyska.pl\/?p=14933","title":{"rendered":"V Niedziela zwyk\u0142a &#8211; 05.02.2023 r."},"content":{"rendered":"<ol>\n<li>Dzi\u015b zapraszamy na nabo\u017ce\u0144stwo eucharystyczne z <strong>modlitw\u0105 r\u00f3\u017ca\u0144cow\u0105<\/strong> o\u00a0godz. 17.30.<\/li>\n<li>W tym tygodniu na kolejne spotkania formacyjne <strong>zapraszamy m\u0142odzie\u017c<\/strong> <strong>przygotowuj\u0105c\u0105 si\u0119 do przyj\u0119cia sakramentu bierzmowania<\/strong>. I tak klasy VI zapraszamy w poniedzia\u0142ek a\u00a0klasy VII we wtorek na godz. 15.30 do ma\u0142ego ko\u015bcio\u0142a.<\/li>\n<li>Jutro po Mszy \u015bw. wieczornej spotkanie <strong>R\u00f3\u017c R\u00f3\u017ca\u0144cowych, Apostolskiego Dzie\u0142a Pomocy dla Czy\u015b\u0107ca oraz Dzie\u0142a Pomocy Powo\u0142aniom. <\/strong><\/li>\n<li>We wtorek <strong>nowenna do \u015bw. Antoniego<\/strong> i b\u0142ogos\u0142awie\u0144stwo dzieci. Pro\u015bby i\u00a0podzi\u0119kowania mo\u017cna sk\u0142ada\u0107 przy figurze \u015bwi\u0119tego.<\/li>\n<li>Tak\u017ce we wtorek spotkanie<strong> Stra\u017cy Honorowej NSPJ.<\/strong><\/li>\n<li>W \u015brod\u0119 spotkanie <strong>Bractwa Szkaplerza \u015awi\u0119tego.<\/strong><\/li>\n<li><strong>W sobot\u0119 11 lutego, w dzie\u0144 liturgicznego wspomnienia Matki Bo\u017cej z Lourdes<\/strong>, b\u0119dziemy obchodzi\u0107 <strong>XXXI \u015awiatowy Dzie\u0144 Chorego<\/strong>. Z\u00a0tej okazji, oczywi\u015bcie w miar\u0119 mo\u017cliwo\u015bci, zapraszamy wszystkie osoby starsze i chore na specjaln\u0105 <strong>Msz\u0119 \u015bw. i nabo\u017ce\u0144stwo o\u00a0godz. 10.00<\/strong> w\u00a0czasie, kt\u00f3rego b\u0119dzie mo\u017cna przyj\u0105\u0107 sakrament namaszczenia chorych. Modlitewne spotkanie zako\u0144czy si\u0119 adoracj\u0105 z\u00a0b\u0142ogos\u0142awie\u0144stwem Naj\u015bwi\u0119tszym Sakramentem na spos\u00f3b b\u0142ogos\u0142awie\u0144stwa udzielanego w Lourdes. Przypominamy i uwra\u017cliwiamy, i\u017c sakrament namaszczenia mo\u017ce przyj\u0105\u0107 osoba chora b\u0105d\u017a starsza, b\u0119d\u0105ca w stanie \u0142aski u\u015bwi\u0119caj\u0105cej i po spowiedzi. Dlatego te\u017c, przed Msz\u0105 \u015bw. <strong>od godz. 9.30 b\u0119dzie mo\u017cliwo\u015b\u0107 skorzystania z\u00a0sakramentu pokuty<\/strong>.<\/li>\n<li><strong>Parafia Wierzawice<\/strong> zaprasza wszystkich ch\u0119tnych a szczeg\u00f3lnie ma\u0142\u017conk\u00f3w do udzia\u0142u w\u00a0<strong>Rekolekcjach Ewangelizacyjnych<\/strong>, kt\u00f3re odb\u0119d\u0105 si\u0119 ko\u015bciele parafialny i\u00a0Szkole Podstawowej w Wierzawicach w dniach 24-26 lutego. Szczeg\u00f3\u0142y na tablicy og\u0142osze\u0144.<\/li>\n<li>Dzisiejsza taca mszalna jest przeznaczona na <strong>potrzeby Archidiecezji,<\/strong> za\u015b za tydzie\u0144, w\u00a0II niedziel\u0119 miesi\u0105ca, taca b\u0119dzie przeznaczona na dalsze prace remontowe przy dachu ko\u015bcio\u0142a Farnego. Wszystkim darczy\u0144com za zrozumienie, \u017cyczliwo\u015b\u0107 i\u00a0ka\u017cd\u0105 przekazan\u0105 z\u0142ot\u00f3wk\u0119 sk\u0142adamy serdeczne B\u00f3g zap\u0142a\u0107.<\/li>\n<li>W Siewcy przedpo\u0142udniem do nabycia <strong>prasa i publikacje katolickie.<\/strong><\/li>\n<li><strong>Zesp\u00f3\u0142 Pie\u015bni i Ta\u0144ca \u201eZiemia Le\u017cajska\u201d<\/strong> zaprasza dzi\u015b na \u201eKoncert Noworoczny\u201d do Franciszka\u0144skiego O\u015brodka Kultury przy klasztorze OO Bernardyn\u00f3w. Pocz\u0105tek, godz. 17.00.<\/li>\n<\/ol>\n<p><strong><u>Intencje zbiorowe: <\/u><\/strong><\/p>\n<ul>\n<li>Za \u015bp. Mari\u0119 Rudiak \u2013 intencja od Stra\u017cy Honorowej NSPJ \u2013 poniedzia\u0142ek, godz. 6.30.<\/li>\n<li>W intencji nowennowych pr\u00f3\u015bb i podzi\u0119kowa\u0144 do MB Pocieszenia \u2013 \u015broda, godz. 18.00.<\/li>\n<li>Za \u015bp. Lucyn\u0119 Jasion \u2013 intencja od m\u0142odzie\u017cy oazowej i ks. Witolda \u2013 pi\u0105tek, godz. 18.00.<\/li>\n<li>Z intencji Ko\u0142a Przyjaci\u00f3\u0142 Radia Maryja \u2013 pi\u0105tek, godz. 18.00.<\/li>\n<li>W intencji os\u00f3b chorych i starszych \u2013 sobota, godz. 10.00.<\/li>\n<li>Z intencji Bractwa Szkaplerza \u015awi\u0119tego \u2013 sobota, godz. 18.00.<\/li>\n<li>Za \u015bp. Zofi\u0119 Kraska \u2013 intencja od Akcji Katolickiej \u2013 niedziela, godz. 7.00.<\/li>\n<\/ul>\n<p>W ostatnim tygodniu odeszli od nas do wieczno\u015bci <strong>\u015bp. El\u017cbieta Berestka <\/strong>z ul. Reymonta, <strong>Zbigniew Zychowski<\/strong> z ul. M.C. Sk\u0142odowskiej i <strong>Maria Bobowska <\/strong>z ul. Mickiewicza \u2013 wieczny odpoczynek \u2026..<\/p>\n","protected":false},"excerpt":{"rendered":"<p>Dzi\u015b zapraszamy na nabo\u017ce\u0144stwo eucharystyczne z modlitw\u0105 r\u00f3\u017ca\u0144cow\u0105 o\u00a0godz. 17.30. W tym tygodniu na kolejne spotkania formacyjne zapraszamy m\u0142odzie\u017c przygotowuj\u0105c\u0105 si\u0119 do przyj\u0119cia sakramentu bierzmowania. I tak klasy VI zapraszamy w poniedzia\u0142ek a\u00a0klasy VII we wtorek na godz. 15.30 do ma\u0142ego ko\u015bcio\u0142a. Jutro po Mszy \u015bw. wieczornej spotkanie R\u00f3\u017c R\u00f3\u017ca\u0144cowych, Apostolskiego Dzie\u0142a Pomocy dla Czy\u015b\u0107ca [&hellip;]<\/p>\n","protected":false},"author":4,"featured_media":0,"comment_status":"closed","ping_status":"open","sticky":false,"template":"","format":"standard","meta":[],"categories":[5],"tags":[],"_links":{"self":[{"href":"https:\/\/lezajsk.przemyska.pl\/index.php?rest_route=\/wp\/v2\/posts\/14933"}],"collection":[{"href":"https:\/\/lezajsk.przemyska.pl\/index.php?rest_route=\/wp\/v2\/posts"}],"about":[{"href":"https:\/\/lezajsk.przemyska.pl\/index.php?rest_route=\/wp\/v2\/types\/post"}],"author":[{"embeddable":true,"href":"https:\/\/lezajsk.przemyska.pl\/index.php?rest_route=\/wp\/v2\/users\/4"}],"replies":[{"embeddable":true,"href":"https:\/\/lezajsk.przemyska.pl\/index.php?rest_route=%2Fwp%2Fv2%2Fcomments&post=14933"}],"version-history":[{"count":2,"href":"https:\/\/lezajsk.przemyska.pl\/index.php?rest_route=\/wp\/v2\/posts\/14933\/revisions"}],"predecessor-version":[{"id":14935,"href":"https:\/\/lezajsk.przemyska.pl\/index.php?rest_route=\/wp\/v2\/posts\/14933\/revisions\/14935"}],"wp:attachment":[{"href":"https:\/\/lezajsk.przemyska.pl\/index.php?rest_route=%2Fwp%2Fv2%2Fmedia&parent=14933"}],"wp:term":[{"taxonomy":"category","embeddable":true,"href":"https:\/\/lezajsk.przemyska.pl\/index.php?rest_route=%2Fwp%2Fv2%2Fcategories&post=14933"},{"taxonomy":"post_tag","embeddable":true,"href":"https:\/\/lezajsk.przemyska.pl\/index.php?rest_route=%2Fwp%2Fv2%2Ftags&post=14933"}],"curies":[{"name":"wp","href":"https:\/\/api.w.org\/{rel}","templated":true}]}}