
{"id":14930,"date":"2023-01-28T20:15:34","date_gmt":"2023-01-28T19:15:34","guid":{"rendered":"https:\/\/lezajsk.przemyska.pl\/?p=14930"},"modified":"2023-01-28T20:15:34","modified_gmt":"2023-01-28T19:15:34","slug":"iv-niedziela-zwykla-29-01-2023-r","status":"publish","type":"post","link":"https:\/\/lezajsk.przemyska.pl\/?p=14930","title":{"rendered":"IV Niedziela zwyk\u0142a &#8211; 29.01.2023 r."},"content":{"rendered":"<ol>\n<li>Dzi\u015b wyj\u0105tkowo ze wzgl\u0119du na zapowiadany <strong>przegl\u0105d kol\u0119d i pastora\u0142ek<\/strong>, kt\u00f3ry rozpocznie si\u0119 po Mszy \u015bw. o godz. 16.00, nie b\u0119dzie wieczornego nabo\u017ce\u0144stwa, kt\u00f3re zast\u0105pi wsp\u00f3lne kol\u0119dowanie, na kt\u00f3re wszystkich serdecznie zapraszamy.<\/li>\n<li>Jutro o godz. 16.30, <strong>zbi\u00f3rka dla wszystkich ministrant\u00f3w i lektor\u00f3w <\/strong>w ko\u015bciele.<\/li>\n<li>W czwartek 2 lutego <strong>\u015awi\u0119to Ofiarowania Pa\u0144skiego<\/strong> zwane popularnie \u015bwi\u0119tem MB. Gromnicznej. Msze \u015bw. w naszym ko\u015bciele o godz. <strong>6.30, 7.00, 8.30 i 10.00<\/strong> oraz popo\u0142udniu o\u00a0godz. <strong>16.00<\/strong> i <strong>18.00<\/strong>. Na pocz\u0105tku ka\u017cdej Mszy \u015bw. b\u0142ogos\u0142awie\u0144stwo gromnic.<\/li>\n<li>\u015awi\u0119to MB Gromnicznej, to r\u00f3wnocze\u015bnie <strong>\u015awiatowy Dzie\u0144 \u017bycia Konsekrowanego<\/strong>. \u0141\u0105czymy si\u0119 w\u00a0tym dniu modlitw\u0105 z\u00a0wszystkimi osobami powo\u0142anymi do \u017cycia zakonnego i\u00a0prosimy o\u00a0nowe, \u015bwi\u0119te powo\u0142ania do tej szczeg\u00f3lnej s\u0142u\u017cby. Swoj\u0105 wdzi\u0119czn\u0105 modlitw\u0105 i\u00a0pami\u0119ci\u0105 obejmijmy szczeg\u00f3lnie <strong>Siostry S\u0142u\u017cebniczki Starowiejskie<\/strong> pos\u0142uguj\u0105ce w\u00a0naszej parafii. Taca z\u00a0Uroczysto\u015bci MB Gromnicznej b\u0119dzie przeznaczona na potrzeby <strong>Si\u00f3str Klauzurowych w\u00a0naszej Archidiecezji<\/strong>.<\/li>\n<li>Tak\u017ce w czwartek, dzi\u0119ki uprzejmo\u015bci <strong>Miejskiego Centrum Kultury<\/strong>, <strong>zapraszamy do MCK-u na godz. 16.00, <\/strong>wszystkie grupy parafialne i wszystkich ch\u0119tnych parafian,<strong> na<\/strong> <strong>jase\u0142ka w wykonaniu dzieci i naszej m\u0142odzie\u017cy i wsp\u00f3lne kol\u0119dowanie<\/strong>. Po zako\u0144czeniu kol\u0119dowania nasza m\u0142odzie\u017c stanie z\u00a0przys\u0142owiowym \u201ekapeluszem na datki\u201d, kt\u00f3re zasil\u0105 ich fundusz rekolekcyjny. Jeszcze raz serdecznie wszystkich zapraszamy.<\/li>\n<li>W pi\u0105tek 3 lutego przypada <strong>wspomnienie \u015bw. B\u0142a\u017ceja bpa<\/strong>. Po\u015bwi\u0119cenie \u015bwiec i jab\u0142ek po ka\u017cdej Mszy \u015bw., podobnie w\u00a0przysz\u0142\u0105 niedziel\u0119 5\u00a0lutego <strong>wspomnienie \u015bw. Agaty<\/strong> i\u00a0po\u015bwi\u0119cenie wody, chleba i soli.<\/li>\n<li>W tym tygodniu przypada<strong> I czwartek, pi\u0105tek i I sobota miesi\u0105ca.<\/strong> Adoracja Naj\u015bwi\u0119tszego Sakramentu po Mszy \u015bw. tylko w pi\u0105tek do godz. 20.00. Spowied\u017a w\u00a0pi\u0105tek od godz. 17.00.<\/li>\n<li>W pi\u0105tek przed po\u0142udniem<strong> odwiedziny chorych w domach z Komuni\u0105 \u015bw<\/strong>.<\/li>\n<li>W sobot\u0119 wszystkich czcicieli Matki Bo\u017cej, zapraszamy na kolejne <strong>nabo\u017ce\u0144stwo I\u00a0soboty<\/strong>, <strong>wynagradzaj\u0105ce Niepokalanemu Sercu NMP<\/strong>, po\u0142\u0105czone z modlitw\u0105 r\u00f3\u017ca\u0144cow\u0105 na godz. 17.00.<\/li>\n<li><strong>W Siewcy<\/strong> do nabycia prasa i publikacje katolickie oraz gromnice \u2013 serdecznie polecamy<strong>.<\/strong> Z r\u0105k ministrant\u00f3w mo\u017cna odebra\u0107 kolejne darmowe wydanie <strong>Dobrych Nowin<\/strong>.<\/li>\n<\/ol>\n<p><strong><u>Intencje zbiorowe: <\/u><\/strong><\/p>\n<ul>\n<li>Msze \u015bw. gregoria\u0144skie za \u015bp. W\u0142adys\u0142aw\u0119 Filist, pocz\u0105tek \u2013 poniedzia\u0142ek, godz. 6.30.<\/li>\n<li>Za \u015bp. Kamila Gardziel \u2013 intencja od spo\u0142eczno\u015bci ZSL w Le\u017cajsku \u2013 poniedzia\u0142ek, godz. 18.00.<\/li>\n<li>Msze \u015bw. gregoria\u0144skie za \u015bp. Mari\u0119 Franciszk\u0119 Ko\u0142cz, pocz\u0105tek \u2013 wtorek, godz. 7.00 (poza parafi\u0105).<\/li>\n<li>Msze \u015bw. gregoria\u0144skie za \u015bp. Mieczys\u0142awa D\u0105bka, pocz\u0105tek \u2013 wtorek, godz. 18.00 (poza parafi\u0105)<\/li>\n<li>W intencji nowennowych pr\u00f3\u015bb i podzi\u0119kowa\u0144 do MB Pocieszenia \u2013 \u015broda, godz. 18.00.<\/li>\n<li>Za kap\u0142an\u00f3w i o nowe \u015bwi\u0119te powo\u0142ania kap\u0142a\u0144skie i zakonne \u2013 intencja od Stra\u017cy Honorowej NSPJ \u2013 czwartek, godz. 18.00.<\/li>\n<li>Za \u015bp. Ireneusza Tomaszewskiego \u2013 intencja od s\u0105siad\u00f3w z klatki \u2013 pi\u0105tek, godz. 7.00.<\/li>\n<li>Z intencji Stra\u017cy Honorowej NSPJ \u2013 pi\u0105tek, godz. 18.00.<\/li>\n<li>Wynagradzaj\u0105ca Niepokalanemu Sercu NMP z intencji Bractwa Szkaplerza \u015awi\u0119tego i R\u00f3\u017c R\u00f3\u017ca\u0144cowych \u2013 sobota, godz. 18.00.<\/li>\n<\/ul>\n<p>W ostatnim tygodniu odszed\u0142 od nas do wieczno\u015bci <strong>\u015bp. Jerzy \u017bo\u0142ynia <\/strong>z ul. Ko\u0142\u0142\u0105taja (ostatnio Wierzawice)\u00a0\u2013 wieczny odpoczynek\u2026<\/p>\n","protected":false},"excerpt":{"rendered":"<p>Dzi\u015b wyj\u0105tkowo ze wzgl\u0119du na zapowiadany przegl\u0105d kol\u0119d i pastora\u0142ek, kt\u00f3ry rozpocznie si\u0119 po Mszy \u015bw. o godz. 16.00, nie b\u0119dzie wieczornego nabo\u017ce\u0144stwa, kt\u00f3re zast\u0105pi wsp\u00f3lne kol\u0119dowanie, na kt\u00f3re wszystkich serdecznie zapraszamy. Jutro o godz. 16.30, zbi\u00f3rka dla wszystkich ministrant\u00f3w i lektor\u00f3w w ko\u015bciele. W czwartek 2 lutego \u015awi\u0119to Ofiarowania Pa\u0144skiego zwane popularnie \u015bwi\u0119tem MB. [&hellip;]<\/p>\n","protected":false},"author":4,"featured_media":0,"comment_status":"closed","ping_status":"open","sticky":false,"template":"","format":"standard","meta":[],"categories":[5],"tags":[],"_links":{"self":[{"href":"https:\/\/lezajsk.przemyska.pl\/index.php?rest_route=\/wp\/v2\/posts\/14930"}],"collection":[{"href":"https:\/\/lezajsk.przemyska.pl\/index.php?rest_route=\/wp\/v2\/posts"}],"about":[{"href":"https:\/\/lezajsk.przemyska.pl\/index.php?rest_route=\/wp\/v2\/types\/post"}],"author":[{"embeddable":true,"href":"https:\/\/lezajsk.przemyska.pl\/index.php?rest_route=\/wp\/v2\/users\/4"}],"replies":[{"embeddable":true,"href":"https:\/\/lezajsk.przemyska.pl\/index.php?rest_route=%2Fwp%2Fv2%2Fcomments&post=14930"}],"version-history":[{"count":1,"href":"https:\/\/lezajsk.przemyska.pl\/index.php?rest_route=\/wp\/v2\/posts\/14930\/revisions"}],"predecessor-version":[{"id":14931,"href":"https:\/\/lezajsk.przemyska.pl\/index.php?rest_route=\/wp\/v2\/posts\/14930\/revisions\/14931"}],"wp:attachment":[{"href":"https:\/\/lezajsk.przemyska.pl\/index.php?rest_route=%2Fwp%2Fv2%2Fmedia&parent=14930"}],"wp:term":[{"taxonomy":"category","embeddable":true,"href":"https:\/\/lezajsk.przemyska.pl\/index.php?rest_route=%2Fwp%2Fv2%2Fcategories&post=14930"},{"taxonomy":"post_tag","embeddable":true,"href":"https:\/\/lezajsk.przemyska.pl\/index.php?rest_route=%2Fwp%2Fv2%2Ftags&post=14930"}],"curies":[{"name":"wp","href":"https:\/\/api.w.org\/{rel}","templated":true}]}}