
{"id":14928,"date":"2023-01-21T21:13:06","date_gmt":"2023-01-21T20:13:06","guid":{"rendered":"https:\/\/lezajsk.przemyska.pl\/?p=14928"},"modified":"2023-01-21T21:13:06","modified_gmt":"2023-01-21T20:13:06","slug":"iii-niedziela-zwykla-22-01-2023-r","status":"publish","type":"post","link":"https:\/\/lezajsk.przemyska.pl\/?p=14928","title":{"rendered":"III Niedziela zwyk\u0142a &#8211; 22.01.2023 r."},"content":{"rendered":"<ol>\n<li>Dzi\u015b zapraszamy jeszcze na nabo\u017ce\u0144stwo eucharystyczne z<strong> Koronk\u0105 do Bo\u017cego Mi\u0142osierdzia <\/strong>o godz. 17.30.<\/li>\n<li>Tak\u017ce dzi\u015b w czasie Mszy \u015bw. o godz. 16.00 b\u0119dzie nam towarzyszy\u0142 <strong>ch\u00f3r EMAUS<\/strong> z\u00a0parafii OO. Bernardyn\u00f3w.<\/li>\n<li>W \u015brod\u0119 <strong>\u015awi\u0119to Nawr\u00f3cenia \u015bw. Paw\u0142a<\/strong> i zako\u0144czenie <strong>Tygodnia Powszechnej Modlitwy o\u00a0Jedno\u015b\u0107 Chrze\u015bcijan<\/strong>. Z tej okazji zapraszamy w \u015brod\u0119 na specjalne nabo\u017ce\u0144stwo eucharystyczne z modlitw\u0105 r\u00f3\u017ca\u0144cow\u0105<strong> o godz. 17.30<\/strong>. Nabo\u017ce\u0144stwo to b\u0119dzie po\u0142\u0105czone z cotygodniow\u0105 nowenn\u0105 do MB Pocieszenia. Za udzia\u0142 w tym nabo\u017ce\u0144stwie mo\u017cna zyska\u0107 odpust zupe\u0142ny.<\/li>\n<li>Za tydzie\u0144 w <strong>niedziel\u0119 29 stycznia<\/strong> po Mszy \u015bw. o godz. 16.00 w naszym ko\u015bciele odb\u0119dzie si\u0119 <strong>I<\/strong> <strong>Parafialny Przegl\u0105d Kol\u0119d i Pastora\u0142ek<\/strong> dla dzieci i m\u0142odzie\u017cy. W\u00a0zwi\u0105zku z powy\u017cszym nie b\u0119dzie wtedy wieczornego nabo\u017ce\u0144stwa, kt\u00f3re zast\u0105pi wsp\u00f3lne kol\u0119dowanie. Wszystkich parafian serdecznie ju\u017c dzi\u015b zapraszamy.<\/li>\n<li><strong>Bractwo Szkaplerza \u015awi\u0119tego<\/strong> zaprasza do udzia\u0142u w Dniu Skupienia Rodziny Szkaplerznej, kt\u00f3ry odb\u0119dzie si\u0119 <strong>w sobot\u0119 4 lutego, <\/strong>tym razem w Rzeszowie, w\u00a0Sanktuarium MB Rzeszowskiej u OO. Bernardyn\u00f3w. Zapisy w zakrystii.<\/li>\n<li>Na parkingu obok domu si\u00f3str przy ul. Furgalskiego w dalszym ci\u0105gu jest wystawiony <strong>kontener na makulatur\u0119 z przeznaczeniem na budow\u0119 studni w Afryce<\/strong>.<\/li>\n<li><strong>W Siewcy<\/strong> przed po\u0142udniem do nabycia <strong>publikacje i prasa katolicka. <\/strong>S\u0105 te\u017c<strong> \u015bwiece gromnice <\/strong>i wiele ciekawych nowo\u015bci<strong>.<\/strong><\/li>\n<li><strong>Komenda Powiatowa Policji w Le\u017cajsku<\/strong> po raz kolejny przestrzega, zw\u0142aszcza osoby starsze przed oszustami pr\u00f3buj\u0105cymi wy\u0142udzi\u0107 nasze dane osobowe a w konsekwencji pieni\u0105dze znanymi ju\u017c metodami czy to na wnuczka, policjanta, pracownika banku czy BLIKA. Pe\u0142na tre\u015b\u0107 komunikatu na tablicy og\u0142osze\u0144.<strong> Apelujemy o ostro\u017cno\u015b\u0107.<\/strong><\/li>\n<\/ol>\n<p><strong><u>Intencje zbiorowe: <\/u><\/strong><\/p>\n<ul>\n<li>Za \u015bp. Zofi\u0119 Kraska \u2013 intencja od s\u0105siad\u00f3w z klatki \u2013 wtorek, godz. 6.30 oraz od s\u0105siad\u00f3w z klatki c\u00f3rki Barbary \u2013 \u015broda, godz. 6.30 i niedziela, godz. 18.00.<\/li>\n<li>W intencji nowennowych pr\u00f3\u015bb i podzi\u0119kowa\u0144 do MB Pocieszenia \u2013 \u015broda, godz. 18.00.<\/li>\n<li>Z R\u00f3\u017cy \u015bw. Bernadety \u2013 niedziela, godz. 9.30 w MK.<\/li>\n<\/ul>\n<p>W ostatnim tygodniu odeszli od nas do wieczno\u015bci <strong>\u015bp. J\u00f3zef Boro\u0144 <\/strong>z ul.\u00a0Mickiewicza, <strong>Danuta Konior<\/strong> z ul. Rynek i <strong>Mieczys\u0142aw Baj <\/strong>z ul. Podolszyny \u2013 wieczny odpoczynek \u2026<\/p>\n","protected":false},"excerpt":{"rendered":"<p>Dzi\u015b zapraszamy jeszcze na nabo\u017ce\u0144stwo eucharystyczne z Koronk\u0105 do Bo\u017cego Mi\u0142osierdzia o godz. 17.30. Tak\u017ce dzi\u015b w czasie Mszy \u015bw. o godz. 16.00 b\u0119dzie nam towarzyszy\u0142 ch\u00f3r EMAUS z\u00a0parafii OO. Bernardyn\u00f3w. W \u015brod\u0119 \u015awi\u0119to Nawr\u00f3cenia \u015bw. Paw\u0142a i zako\u0144czenie Tygodnia Powszechnej Modlitwy o\u00a0Jedno\u015b\u0107 Chrze\u015bcijan. Z tej okazji zapraszamy w \u015brod\u0119 na specjalne nabo\u017ce\u0144stwo eucharystyczne z [&hellip;]<\/p>\n","protected":false},"author":4,"featured_media":0,"comment_status":"closed","ping_status":"open","sticky":false,"template":"","format":"standard","meta":[],"categories":[5],"tags":[],"_links":{"self":[{"href":"https:\/\/lezajsk.przemyska.pl\/index.php?rest_route=\/wp\/v2\/posts\/14928"}],"collection":[{"href":"https:\/\/lezajsk.przemyska.pl\/index.php?rest_route=\/wp\/v2\/posts"}],"about":[{"href":"https:\/\/lezajsk.przemyska.pl\/index.php?rest_route=\/wp\/v2\/types\/post"}],"author":[{"embeddable":true,"href":"https:\/\/lezajsk.przemyska.pl\/index.php?rest_route=\/wp\/v2\/users\/4"}],"replies":[{"embeddable":true,"href":"https:\/\/lezajsk.przemyska.pl\/index.php?rest_route=%2Fwp%2Fv2%2Fcomments&post=14928"}],"version-history":[{"count":1,"href":"https:\/\/lezajsk.przemyska.pl\/index.php?rest_route=\/wp\/v2\/posts\/14928\/revisions"}],"predecessor-version":[{"id":14929,"href":"https:\/\/lezajsk.przemyska.pl\/index.php?rest_route=\/wp\/v2\/posts\/14928\/revisions\/14929"}],"wp:attachment":[{"href":"https:\/\/lezajsk.przemyska.pl\/index.php?rest_route=%2Fwp%2Fv2%2Fmedia&parent=14928"}],"wp:term":[{"taxonomy":"category","embeddable":true,"href":"https:\/\/lezajsk.przemyska.pl\/index.php?rest_route=%2Fwp%2Fv2%2Fcategories&post=14928"},{"taxonomy":"post_tag","embeddable":true,"href":"https:\/\/lezajsk.przemyska.pl\/index.php?rest_route=%2Fwp%2Fv2%2Ftags&post=14928"}],"curies":[{"name":"wp","href":"https:\/\/api.w.org\/{rel}","templated":true}]}}