
{"id":14925,"date":"2023-01-14T21:26:54","date_gmt":"2023-01-14T20:26:54","guid":{"rendered":"https:\/\/lezajsk.przemyska.pl\/?p=14925"},"modified":"2023-01-14T21:26:54","modified_gmt":"2023-01-14T20:26:54","slug":"ii-niedziela-zwykla-15-01-2023-r","status":"publish","type":"post","link":"https:\/\/lezajsk.przemyska.pl\/?p=14925","title":{"rendered":"II Niedziela zwyk\u0142a &#8211; 15.01.2023 r."},"content":{"rendered":"<ol>\n<li>Dzi\u015b zapraszamy jeszcze na nabo\u017ce\u0144stwo eucharystyczne z <strong>modlitw\u0105 r\u00f3\u017ca\u0144cow\u0105<\/strong> o\u00a0godz. 17.30. B\u0119dziemy prosi\u0107 o\u00a0potrzebne \u0142aski dla wszystkich rodzin z naszej parafii, odwiedzanych z tegoroczn\u0105 wizyt\u0105 duszpastersk\u0105.<\/li>\n<li>We wtorek <strong>nowenna do \u015aw. J\u00f3zefa \u2013 Oblubie\u0144ca NMP<\/strong>. Podzi\u0119kowania i\u00a0pro\u015bby mo\u017cna sk\u0142ada\u0107 bezpo\u015brednio przed nabo\u017ce\u0144stwem na o\u0142tarzu Matki Bo\u017cej.<\/li>\n<li>W \u015brod\u0119 18 stycznia rozpoczyna si\u0119 doroczny <strong>Tydzie\u0144 Modlitw o Jedno\u015b\u0107 Chrze\u015bcijan<\/strong>, kt\u00f3ry zako\u0144czy si\u0119 25 stycznia \u015bwi\u0119tem Nawr\u00f3cenia \u015aw. Paw\u0142a. Ka\u017cdy, kto w\u00a0czasie trwania tego\u017c tygodnia uczyni co\u015b dla jedno\u015bci Ko\u015bcio\u0142a (modlitwa, post, ja\u0142mu\u017cna itp.) i\u00a0we\u017amie udzia\u0142 w\u00a0jego zako\u0144czeniu, zyskuje odpust zupe\u0142ny po zwyk\u0142ymi warunkami.<\/li>\n<li>W czwartek <strong>spotkanie Akcji Katolickiej po Mszy \u015bw. wieczornej, <\/strong>na kt\u00f3re wszystkich cz\u0142onk\u00f3w i kandydat\u00f3w serdecznie zapraszamy.<\/li>\n<li>W czwartek przypada liturgiczne <strong>wspomnienie \u015bw. J\u00f3zefa Sebastiana Pelczara<\/strong>. Z tej okazji b\u0119dzie mo\u017cna uczci\u0107 Jego relikwie, kt\u00f3re b\u0119d\u0105 wystawione na o\u0142tarzu Matki Bo\u017cej.<\/li>\n<li>W sobot\u0119 <strong>wspomnienie \u015bw. Agnieszki<\/strong>, dziewicy i m\u0119czennicy. Jest to r\u00f3wnocze\u015bnie dzie\u0144 babci, dlatego w tym dniu szczeg\u00f3lnie pami\u0119tajmy w\u00a0modlitwie o\u00a0naszych babciach, zar\u00f3wno \u017cyj\u0105cych jak i zmar\u0142ych.<\/li>\n<li>W najbli\u017csz\u0105 niedziel\u0119, w czasie Mszy \u015bw. o godz. 16.00, b\u0119dziemy go\u015bci\u0107 ch\u00f3r <strong>\u201eEmaus\u201d z klasztoru<\/strong>. Serdecznie zapraszamy.<\/li>\n<li>Wczoraj zako\u0144czyli\u015bmy doroczn\u0105 wizyt\u0119 duszpastersk\u0105. W imieniu wszystkich ksi\u0119\u017cy pracuj\u0105cych w naszej parafii, <strong>wyra\u017camy serdeczne podzi\u0119kowanie wszystkim rodzinom za \u017cyczliwe przyj\u0119cie i go\u015bcinno\u015b\u0107<\/strong>. B\u00f3g zap\u0142a\u0107 za sk\u0142adane z\u00a0okazji kol\u0119dy ofiary dla kap\u0142an\u00f3w i ministrant\u00f3w a tak\u017ce za ofiary sk\u0142adane na potrzeby remontowe przy naszej parafii. Niech Bo\u017ce b\u0142ogos\u0142awie\u0144stwo wniesione w\u00a0Wasze domy i\u00a0mieszkania, towarzyszy Wam w ka\u017cdym dniu Nowego Roku. <strong>Jutro, w\u00a0poniedzia\u0142ek od godz. 16.00<\/strong>, ch\u0119tnie odwiedzimy jeszcze te rodziny, kt\u00f3re z\u00a0przyczyn obiektywnych nie mia\u0142y kol\u0119dy a chcia\u0142yby takich odwiedzin. Zainteresowanych prosimy o zg\u0142oszenie si\u0119 w\u00a0zakrystii.<\/li>\n<li>Na parkingu obok domu si\u00f3str przy ul. Furgalskiego jest wystawiony <strong>kontener na makulatur\u0119 z przeznaczeniem na budow\u0119 studni w Afryce<\/strong>. To doskona\u0142a okazja aby pozby\u0107 si\u0119 niepotrzebnych czasopism, karton\u00f3w czy tym podobnych papierowych materia\u0142\u00f3w i r\u00f3wnocze\u015bnie uczyni\u0107 co\u015b dobrego. Przy okazji apelujemy aby takowych czasopism nie przynosi\u0107 i nie zostawia\u0107 w przedsionku ko\u015bcio\u0142a, bo robimy w ten spos\u00f3b ba\u0142agan.<\/li>\n<li>W <strong>Siewcy<\/strong> przed po\u0142udniem do nabycia prasa i publikacje katolickie.<\/li>\n<\/ol>\n<p><strong>\u00a0<\/strong><strong><u>Intencje zbiorowe: <\/u><\/strong><\/p>\n<ul>\n<li>W intencji Ko\u015bcio\u0142a, Ojczyzny, parafii i naszych rodzin za przyczyn\u0105 \u015awi\u0119tego Micha\u0142a Archanio\u0142a \u2013 wtorek, godz. 6.30.<\/li>\n<li>W intencji nowennowych pr\u00f3\u015bb i podzi\u0119kowa\u0144 do MB Pocieszenia \u2013 \u015broda, godz. 18.00.<\/li>\n<li>Za \u015bp. Zofi\u0119 Kraska \u2013 intencja od s\u0105siad\u00f3w z klatki \u2013 sobota, godz. 6.30.<\/li>\n<li>Z R\u00f3\u017cy \u015bw. Sebastiana \u2013 niedziela, godz. 18.00.<\/li>\n<\/ul>\n<p>W ostatnim tygodniu odeszli od nas do wieczno\u015bci <strong>\u015bp.<\/strong> <strong>Danuta Malec <\/strong>z\u00a0ul. Mickiewicza, <strong>Leon D\u0119bicki<\/strong> z ul. Zmuliska i <strong>Edward Jonko<\/strong> z ul. Reymonta \u2013 wieczny odpoczynek \u2026..<\/p>\n","protected":false},"excerpt":{"rendered":"<p>Dzi\u015b zapraszamy jeszcze na nabo\u017ce\u0144stwo eucharystyczne z modlitw\u0105 r\u00f3\u017ca\u0144cow\u0105 o\u00a0godz. 17.30. B\u0119dziemy prosi\u0107 o\u00a0potrzebne \u0142aski dla wszystkich rodzin z naszej parafii, odwiedzanych z tegoroczn\u0105 wizyt\u0105 duszpastersk\u0105. We wtorek nowenna do \u015aw. J\u00f3zefa \u2013 Oblubie\u0144ca NMP. Podzi\u0119kowania i\u00a0pro\u015bby mo\u017cna sk\u0142ada\u0107 bezpo\u015brednio przed nabo\u017ce\u0144stwem na o\u0142tarzu Matki Bo\u017cej. W \u015brod\u0119 18 stycznia rozpoczyna si\u0119 doroczny Tydzie\u0144 Modlitw [&hellip;]<\/p>\n","protected":false},"author":4,"featured_media":0,"comment_status":"closed","ping_status":"open","sticky":false,"template":"","format":"standard","meta":[],"categories":[5],"tags":[],"_links":{"self":[{"href":"https:\/\/lezajsk.przemyska.pl\/index.php?rest_route=\/wp\/v2\/posts\/14925"}],"collection":[{"href":"https:\/\/lezajsk.przemyska.pl\/index.php?rest_route=\/wp\/v2\/posts"}],"about":[{"href":"https:\/\/lezajsk.przemyska.pl\/index.php?rest_route=\/wp\/v2\/types\/post"}],"author":[{"embeddable":true,"href":"https:\/\/lezajsk.przemyska.pl\/index.php?rest_route=\/wp\/v2\/users\/4"}],"replies":[{"embeddable":true,"href":"https:\/\/lezajsk.przemyska.pl\/index.php?rest_route=%2Fwp%2Fv2%2Fcomments&post=14925"}],"version-history":[{"count":1,"href":"https:\/\/lezajsk.przemyska.pl\/index.php?rest_route=\/wp\/v2\/posts\/14925\/revisions"}],"predecessor-version":[{"id":14926,"href":"https:\/\/lezajsk.przemyska.pl\/index.php?rest_route=\/wp\/v2\/posts\/14925\/revisions\/14926"}],"wp:attachment":[{"href":"https:\/\/lezajsk.przemyska.pl\/index.php?rest_route=%2Fwp%2Fv2%2Fmedia&parent=14925"}],"wp:term":[{"taxonomy":"category","embeddable":true,"href":"https:\/\/lezajsk.przemyska.pl\/index.php?rest_route=%2Fwp%2Fv2%2Fcategories&post=14925"},{"taxonomy":"post_tag","embeddable":true,"href":"https:\/\/lezajsk.przemyska.pl\/index.php?rest_route=%2Fwp%2Fv2%2Ftags&post=14925"}],"curies":[{"name":"wp","href":"https:\/\/api.w.org\/{rel}","templated":true}]}}