
{"id":14884,"date":"2023-01-07T21:52:37","date_gmt":"2023-01-07T20:52:37","guid":{"rendered":"https:\/\/lezajsk.przemyska.pl\/?p=14884"},"modified":"2023-01-11T14:26:52","modified_gmt":"2023-01-11T13:26:52","slug":"niedziela-chrztu-panskiego-08-01-2023-r","status":"publish","type":"post","link":"https:\/\/lezajsk.przemyska.pl\/?p=14884","title":{"rendered":"Niedziela Chrztu Pa\u0144skiego &#8211; 08.01.2023 r."},"content":{"rendered":"<ol>\n<li>Wraz z dzisiejsz\u0105 niedziel\u0105 <strong>ko\u0144czymy w liturgii okres Bo\u017cego Narodzenia<\/strong>, chocia\u017c kol\u0119dy, przeplatane pie\u015bniami okresowymi, \u015bpiewamy tradycyjnie do 2\u00a0lutego.<\/li>\n<li>We wtorek <strong>nowenna do \u015bw. Antoniego<\/strong> i b\u0142ogos\u0142awie\u0144stwo dzieci. Pro\u015bby i\u00a0podzi\u0119kowania mo\u017cna sk\u0142ada\u0107 przy figurze \u015bwi\u0119tego.<\/li>\n<li>Trwa <strong>wizyta duszpasterska<\/strong> zgodnie z harmonogramem, kt\u00f3ry jest wywieszony w\u00a0gablocie jak i\u00a0na stronie internetowej naszej parafii w zak\u0142adce z og\u0142oszeniami.<\/li>\n<li>Dzisiejsza taca mszalna jest przeznaczona na trwaj\u0105ce prace remontowe przy dachu naszej Fary. Za wszystkie z\u0142o\u017cone dzi\u015b ofiary sk\u0142adamy serdeczne B\u00f3g zap\u0142a\u0107.<\/li>\n<li>W niedziel\u0119 29 stycznia planujemy zorganizowa\u0107 <strong>Parafialny Przegl\u0105d Kol\u0119d i\u00a0Pastora\u0142ek<\/strong>. Do udzia\u0142u zapraszamy dzieci i m\u0142odzie\u017c w wyst\u0119pach indywidualnych\u00a0 lub grupowych. Bli\u017csze informacje na stronie internetowej a zapisy u Ks. Waldemara do przysz\u0142ej niedzieli 15 stycznia.<\/li>\n<li><strong>W Siewcy<\/strong> przed po\u0142udniem do nabycia prasa i publikacje katolickie.<\/li>\n<\/ol>\n<p><strong><u>Intencje zbiorowe: <\/u><\/strong><\/p>\n<ul>\n<li>W intencji nowennowych pr\u00f3\u015bb i podzi\u0119kowa\u0144 do MB Pocieszenia \u2013 \u015broda, godz. 18.00.<\/li>\n<li>Za dusze w czy\u015b\u0107cu cierpi\u0105ce \u2013 intencja od Apostolskiego Dzie\u0142a Pomocy dla Czy\u015b\u0107ca \u2013 pi\u0105tek, godz. 7.00.<\/li>\n<li>Z intencji Ko\u0142a Przyjaci\u00f3\u0142 Radia Maryja \u2013 pi\u0105tek, godz. 18.00.<\/li>\n<\/ul>\n<p><strong>Plan wizyty duszpasterskiej<\/strong><\/p>\n<p><strong>09-14.01. 2023 r.<\/strong><\/p>\n<p><strong>\u00a0<\/strong><strong><u>Poniedzia\u0142ek 09.01.2023 \u2013 godz. 15.00<\/u><\/strong><\/p>\n<ol>\n<li>Ksi\u0105dz Proboszcz \u2013 ul. Ko\u0142\u0142\u0105taja 1 i 1A<\/li>\n<li>Ksi\u0105dz Grzegorz \u2013 ul. Ko\u0142\u0142\u0105taja 3<\/li>\n<li>Ksi\u0105dz Witold \u2013 ul. Ko\u0142\u0142\u0105taja 4 i 5<\/li>\n<li>Ksi\u0105dz Waldemar \u2013 ul. Ko\u0142\u0142\u0105taja 6<\/li>\n<li>Ksi\u0105dz \u0141ukasz \u2013 ul. Ko\u0142\u0142\u0105taja 7<\/li>\n<li>Ksi\u0105dz Janusz \u2013 Ko\u0142\u0142\u0105taja 8 \u2013 Msza \u015bw.<\/li>\n<\/ol>\n<p><strong><u>Wtorek 10.01.2023 \u2013 godz. 15.00<\/u><\/strong><\/p>\n<ol>\n<li>Ksi\u0105dz Proboszcz \u2013 ul. Ko\u0142\u0142\u0105taja 10<\/li>\n<li>Ksi\u0105dz Grzegorz \u2013 ul. Szkolna i Garncarska \u2013 Msza \u015bw.<\/li>\n<li>Ksi\u0105dz Witold \u2013 ul. Sanowa (od pocz\u0105tku, potem Polna i Wi\u0119c\u0142awa \u015al\u0105skiego)<\/li>\n<li>Ksi\u0105dz Janusz \u2013 ul. Sanowa (od ko\u0144ca)<\/li>\n<li>Ksi\u0105dz Waldemar \u2013 Plac Dworcowy i ul. Mickiewicza (od dworca)<\/li>\n<li>Ksi\u0105dz \u0141ukasz \u2013 ul. \u017bwirki i Wigury, Plac Jaszowskiego, Furgalskiego i\u00a0Mickiewicza od strony Rynku)<\/li>\n<\/ol>\n<p><strong><u>\u015aroda 11.01.2023 \u2013 godz. 15.00<\/u><\/strong><\/p>\n<ol>\n<li>Ksi\u0105dz Witold \u2013 ul. Rynek i Rzeszowska (od Rynku)<\/li>\n<li>Ksi\u0105dz Grzegorz \u2013 ul. Rzeszowska (od Giedlarowej)<\/li>\n<li>Ksi\u0105dz Waldemar \u2013 ul. G\u00f3rna, Kr\u00f3tka, Piekarska, Plac Targowy i Targowa<\/li>\n<li>Ksi\u0105dz \u0141ukasz \u2013 ul. Wa\u0142owa i Kwiatowa \u2013 Msza \u015bw.<\/li>\n<li>Ksi\u0105dz Proboszcz \u2013 ul. Zmuliska<\/li>\n<li>Ksi\u0105dz Janusz \u2013 ul. S\u0142owackiego i Sp\u00f3\u0142dzielcza<\/li>\n<\/ol>\n<p><strong><u>Czwartek 12.01.2023 \u2013 godz. 15.00<\/u><\/strong><\/p>\n<ol>\n<li>Ksi\u0105dz Witold \u2013 ul. Baczy\u0144skiego i Witosa \u2013 Msza \u015bw.<\/li>\n<li>Ksi\u0105dz Waldemar \u2013 ul. Reymonta, Akacjowa, Klonowa, Wierzbowa.<\/li>\n<li>Ksi\u0105dz Grzegorz \u2013 ul.\u00a0Nizinna i Sportowa<\/li>\n<li>Ksi\u0105dz Proboszcz \u2013 ul. 28 Maja, Sikorskiego i B\u0142onie<\/li>\n<li>Ksi\u0105dz \u0141ukasz \u2013 ul. Podolszyny (od pocz\u0105tku)<\/li>\n<li>Ksi\u0105dz Janusz \u2013 ul. Kasztanowa + Podolszyny (od ko\u0144ca)<\/li>\n<\/ol>\n<p><strong><u>Pi\u0105tek 13.01.2023 \u2013 godz. 15.00 <\/u><\/strong><\/p>\n<ol>\n<li><strong>\u00a0<\/strong>Ksi\u0105dz Grzegorz\u2013 ul. Dolna i Burmistrz\u00f3w Zawilskich<\/li>\n<li>Ksi\u0105dz Janusz \u2013 ul. Moniuszki<\/li>\n<li>Ksi\u0105dz Witold \u2013 ul. Wieniawskiego, Szymanowskiego, Spokojna, Zaciszna, Cicha i \u0141agodna.<\/li>\n<li>Ksi\u0105dz \u0141ukasz \u2013 ul. Studzienna<\/li>\n<li>Ksi\u0105dz Waldemar \u2013 ul. Ogrodowa i Lawendowa<\/li>\n<\/ol>\n<p><strong><u>Sobota 14.01.2023 \u2013 godz. 9.00<\/u><\/strong><\/p>\n<ol>\n<li>Ksi\u0105dz Waldemar \u2013 ul. Tulipanowa, Konwaliowa, Krokusowa, B\u0142awatkowa, Irysowa i Fio\u0142kowa.<\/li>\n<li>Ksi\u0105dz Grzegorz \u2013 ul. Sandomierska (od pocz\u0105tku)<\/li>\n<li>Ksi\u0105dz Witold \u2013 ul. Sandomierska (od ko\u0144ca)<\/li>\n<\/ol>\n","protected":false},"excerpt":{"rendered":"<p>Wraz z dzisiejsz\u0105 niedziel\u0105 ko\u0144czymy w liturgii okres Bo\u017cego Narodzenia, chocia\u017c kol\u0119dy, przeplatane pie\u015bniami okresowymi, \u015bpiewamy tradycyjnie do 2\u00a0lutego. We wtorek nowenna do \u015bw. Antoniego i b\u0142ogos\u0142awie\u0144stwo dzieci. Pro\u015bby i\u00a0podzi\u0119kowania mo\u017cna sk\u0142ada\u0107 przy figurze \u015bwi\u0119tego. Trwa wizyta duszpasterska zgodnie z harmonogramem, kt\u00f3ry jest wywieszony w\u00a0gablocie jak i\u00a0na stronie internetowej naszej parafii w zak\u0142adce z og\u0142oszeniami. [&hellip;]<\/p>\n","protected":false},"author":4,"featured_media":0,"comment_status":"closed","ping_status":"open","sticky":false,"template":"","format":"standard","meta":[],"categories":[5],"tags":[],"_links":{"self":[{"href":"https:\/\/lezajsk.przemyska.pl\/index.php?rest_route=\/wp\/v2\/posts\/14884"}],"collection":[{"href":"https:\/\/lezajsk.przemyska.pl\/index.php?rest_route=\/wp\/v2\/posts"}],"about":[{"href":"https:\/\/lezajsk.przemyska.pl\/index.php?rest_route=\/wp\/v2\/types\/post"}],"author":[{"embeddable":true,"href":"https:\/\/lezajsk.przemyska.pl\/index.php?rest_route=\/wp\/v2\/users\/4"}],"replies":[{"embeddable":true,"href":"https:\/\/lezajsk.przemyska.pl\/index.php?rest_route=%2Fwp%2Fv2%2Fcomments&post=14884"}],"version-history":[{"count":2,"href":"https:\/\/lezajsk.przemyska.pl\/index.php?rest_route=\/wp\/v2\/posts\/14884\/revisions"}],"predecessor-version":[{"id":14924,"href":"https:\/\/lezajsk.przemyska.pl\/index.php?rest_route=\/wp\/v2\/posts\/14884\/revisions\/14924"}],"wp:attachment":[{"href":"https:\/\/lezajsk.przemyska.pl\/index.php?rest_route=%2Fwp%2Fv2%2Fmedia&parent=14884"}],"wp:term":[{"taxonomy":"category","embeddable":true,"href":"https:\/\/lezajsk.przemyska.pl\/index.php?rest_route=%2Fwp%2Fv2%2Fcategories&post=14884"},{"taxonomy":"post_tag","embeddable":true,"href":"https:\/\/lezajsk.przemyska.pl\/index.php?rest_route=%2Fwp%2Fv2%2Ftags&post=14884"}],"curies":[{"name":"wp","href":"https:\/\/api.w.org\/{rel}","templated":true}]}}