
{"id":14848,"date":"2022-12-31T18:16:45","date_gmt":"2022-12-31T17:16:45","guid":{"rendered":"https:\/\/lezajsk.przemyska.pl\/?p=14848"},"modified":"2022-12-31T18:16:45","modified_gmt":"2022-12-31T17:16:45","slug":"nowy-rok-uroczystosc-swietej-bozej-rodzicielki-01-01-2023-r","status":"publish","type":"post","link":"https:\/\/lezajsk.przemyska.pl\/?p=14848","title":{"rendered":"Nowy Rok &#8211; Uroczysto\u015b\u0107 \u015awi\u0119tej Bo\u017cej Rodzicielki &#8211; 01.01.2023 r."},"content":{"rendered":"<ol>\n<li>Dzi\u015b <strong>Nowy Rok \u2013 Uroczysto\u015b\u0107 \u015awi\u0119tej Bo\u017cej Rodzicielki<\/strong> \u2013 dzie\u0144 modlitw o\u00a0pok\u00f3j na \u015bwiecie. Msze \u015bw. jak w ka\u017cd\u0105 niedziel\u0119 \u2013 b\u0119dzie tak\u017ce Msza \u015bw. o\u00a0godz. 16.00. Po g\u0142\u00f3wnej Mszy \u015bw. a wi\u0119c po Mszy \u015bw. o godz. 11.30 wystawienie Naj\u015bwi\u0119tszego Sakramentu i\u00a0kr\u00f3tka adoracja z\u00a0modlitwami o pok\u00f3j.<\/li>\n<li>Dzi\u015b tak\u017ce u nas <strong> Niedziela Seminaryjna<\/strong> i z tej okazji go\u015bcimy alumna naszego Seminarium Duchownego w Przemy\u015blu <strong>Karola Jagie\u0142\u0142\u0119<\/strong> pochodz\u0105cego z parafii Jelna, kt\u00f3ry jest wyrazicielem wdzi\u0119czno\u015bci ca\u0142ej wsp\u00f3lnoty seminaryjnej za systematyczn\u0105 trosk\u0119 o seminarium i sk\u0142adane ofiary.<\/li>\n<li>Dzi\u015b wyj\u0105tkowo <strong>nie b\u0119dzie zmiany tajemnic r\u00f3\u017ca\u0144cowych<\/strong>. Odb\u0119dzie si\u0119 ona za tydzie\u0144 po Mszy \u015bw. o godz. 8.30 i 10.00.<\/li>\n<li>W tym tygodniu przypada<strong> I czwartek, pi\u0105tek i I sobota miesi\u0105ca<\/strong>. Tym razem I pi\u0105tek to Uroczysto\u015b\u0107 Trzech Kr\u00f3li, mamy wi\u0119c nadziej\u0119, \u017ce trwaj\u0105c w \u0142asce u\u015bwi\u0119caj\u0105cej wystarczy tylko przyj\u0105\u0107 Komuni\u0119 \u015bw. Gdyby jednak zasz\u0142a potrzeba spowiedzi, to przed i\u00a0w czasie ka\u017cdej Mszy \u015bw. w\u00a0dy\u017curnym konfesjonale i w konfesjonale pod ch\u00f3rem b\u0119dzie obecny kap\u0142an.<\/li>\n<li>W pi\u0105tek <strong>Uroczysto\u015b\u0107 Objawienia Pa\u0144skiego<\/strong> zwana popularnie <strong>\u015bwi\u0119tem Trzech Kr\u00f3li<\/strong>. Porz\u0105dek Mszy \u015bw. niedzielny. Z tej okazji Oaza Dzieci Bo\u017cych i Ministranci b\u0119d\u0105 przed ka\u017cd\u0105 Msz\u0105 \u015bwi\u0119t\u0105 rozprowadza\u0107 kred\u0119, w\u0119gielek i kadzide\u0142ko, kt\u00f3re b\u0119d\u0105 po\u015bwi\u0119cane w\u00a0czasie ka\u017cdej Mszy \u015bw. Zebrane ofiary zasil\u0105 ich fundusz rekolekcyjny.<\/li>\n<li>W sobot\u0119 na godz. 17.00 zapraszamy na kolejne<strong> nabo\u017ce\u0144stwo I soboty<\/strong>, wynagradzaj\u0105ce Niepokalanemu Sercu NMP, po\u0142\u0105czone z modlitw\u0105 r\u00f3\u017ca\u0144cow\u0105.<\/li>\n<li>W tym tygodniu od poniedzia\u0142ku do czwartku i w sobot\u0119, <strong>b\u0119dziemy kontynuowa\u0107 doroczn\u0105 wizyt\u0119 duszpastersk\u0105<\/strong>. Kol\u0119da rozpoczyna si\u0119 <strong>o\u00a0godz. 15.00 a\u00a0w sobot\u0119 od godz. 9.00<\/strong>. Szczeg\u00f3\u0142owy plan wizyty duszpasterskiej jest wywieszony w\u00a0gablocie i na naszej stronie internetowej w\u00a0zak\u0142adce og\u0142oszenia.<\/li>\n<li>W przysz\u0142\u0105 niedziel\u0119, 8 stycznia na Mszy \u015bw. o godz. 11.30, b\u0119dziemy go\u015bci\u0107 ch\u00f3r <strong>\u201eCantiamo\u201d<\/strong> pod batut\u0105 p. Barbary Kuczek. Przed i po Mszy \u015bw. kr\u00f3tki koncert kol\u0119d. Serdecznie zapraszamy.<\/li>\n<li>Dzisiejsza <strong>taca mszalna<\/strong> jest przeznaczona na <strong>WSD w Przemy\u015blu<\/strong>,\u00a0w\u00a0pi\u0105tek na\u00a0misje \u015bwi\u0119te, za\u015b w przysz\u0142\u0105, II niedziel\u0119 miesi\u0105ca, na dalsze prace remontowe przy dachu naszej Fary o czym szczeg\u00f3\u0142owo informowali\u015bmy w\u00a0czasie nabo\u017ce\u0144stwa na zako\u0144czenie Starego Roku. Przewidywany kosztorys na II etap, wynosi nieco ponad milion z\u0142. Wszystkim darczy\u0144com za zrozumienie, \u017cyczliwo\u015b\u0107 i\u00a0ka\u017cd\u0105 przekazan\u0105 z\u0142ot\u00f3wk\u0119 sk\u0142adamy serdeczne B\u00f3g zap\u0142a\u0107.<\/li>\n<\/ol>\n<p><strong><u>Intencje zbiorowe: <\/u><\/strong><\/p>\n<ul>\n<li>Za \u015bp. Danut\u0119 Golenia \u2013 intencja od wychowawc\u00f3w z internatu \u2013 \u015broda, godz. 6.30.<\/li>\n<li>W intencji nowennowych pr\u00f3\u015bb i podzi\u0119kowa\u0144 do MB Pocieszenia \u2013 \u015broda, godz. 18.00.<\/li>\n<li>Z intencji Stra\u017cy Honorowej NSPJ \u2013 czwartek i pi\u0105tek, godz. 18.00.<\/li>\n<li>Za \u015bp. Henryka P\u00f3\u0142torak \u2013 intencja od s\u0105siad\u00f3w z klatki \u2013 pi\u0105tek, godz. 7.00.<\/li>\n<li>Za \u015bp. Wies\u0142awa Kr\u00f3l \u2013 intencja od s\u0105siad\u00f3w z ul. Kopernika 9, klatka nr 6 \u2013 sobota, godz. 7.00.<\/li>\n<li>Wynagradzaj\u0105ca Niepokalanemu Sercu NMP \u2013 intencja od Bractwa Szkaplerza \u015awi\u0119tego i\u00a0R\u00f3\u017c R\u00f3\u017ca\u0144cowych \u2013 sobota, godz. 18.00.<\/li>\n<li>Z R\u00f3\u017cy b\u0142. Anieli Salawy \u2013 niedziela, godz. 10.00.<\/li>\n<li>W intencji p. katechetki Doroty Klimczak \u2013 intencja od uczni\u00f3w klasy VIII A \u2013 niedziela, godz. 11.30.<\/li>\n<\/ul>\n<p>W minionym tygodniu odszed\u0142 od nas do wieczno\u015bci <strong>\u015bp. Jan Dyjak <\/strong>z ul. Witosa \u2013 wieczny odpoczynek\u2026<\/p>\n<p><strong>\u00a0<\/strong><strong>Plan wizyty duszpasterskiej<\/strong><\/p>\n<p><strong>\u00a0\u00a0\u00a0 2-7.01.2023 r.<\/strong><\/p>\n<p><strong>\u00a0<\/strong><strong><u>Poniedzia\u0142ek 2.01.2023 \u2013 godz. 15.00<\/u><\/strong><\/p>\n<ol>\n<li>Ksi\u0105dz Proboszcz \u2013 ul. Kopernika 4 (mieszkania 1-37)<\/li>\n<li>Ksi\u0105dz Witold \u2013 ul. Kopernika 4 (mieszkania 38-75)<\/li>\n<li>Ksi\u0105dz Janusz &#8211; ul. Kopernika 5 (mieszkania 1-30) \u2013 Msza \u015bw.<\/li>\n<li>Ksi\u0105dz Waldemar &#8211; ul. Kopernika 5 (mieszkania 31-65)<\/li>\n<li>Ksi\u0105dz Grzegorz \u2013 Kopernika 6 (mieszkania 1-37)<\/li>\n<li>Ksi\u0105dz \u0141ukasz \u2013 ul. Kopernika 6 (mieszkania 38-75)<\/li>\n<\/ol>\n<p style=\"text-align: left;\">\u00a0<strong><u>Wtorek 3.01.2023 \u2013 godz. 15.00<\/u><\/strong><\/p>\n<ol>\n<li>Ksi\u0105dz Proboszcz \u2013 ul. Kopernika 7 (mieszkania 1-35)<\/li>\n<li>Ksi\u0105dz Witold &#8211; ul. Kopernika 7 (mieszkania 36-75)<\/li>\n<li>Ksi\u0105dz Waldemar &#8211; ul. Kopernika 9 (mieszkania 1-35)<\/li>\n<li>Ksi\u0105dz Janusz &#8211; ul. Kopernika 9 (mieszkania 36-75)<\/li>\n<li>Ksi\u0105dz \u0141ukasz \u2013 ul. Kopernika 11 (mieszkania 1-50)<\/li>\n<li>Ksi\u0105dz Grzegorz &#8211; ul. Staszica 1 i 3 \u2013 Msza \u015bw.<\/li>\n<\/ol>\n<p><strong><u>\u015aroda 4.01.2023 \u2013 godz. 15.00<\/u><\/strong><\/p>\n<ol>\n<li>Ksi\u0105dz Proboszcz &#8211; ul. Staszica 2<\/li>\n<li>Ksi\u0105dz Grzegorz \u2013 ul. Staszica 4<\/li>\n<li>Ksi\u0105dz Witold \u2013 ul. Staszica 5 i 8<\/li>\n<li>Ksi\u0105dz Waldemar \u2013 ul. Mickiewicza 53 (mieszkania 1-50).<\/li>\n<li>Ksi\u0105dz Janusz \u2013 ul. Mickiewicza 53 (mieszkania 51-75) i Mickiewicza 55 (1-25)<\/li>\n<li>Ksi\u0105dz \u0141ukasz \u2013 ul. Mickiewicza 54 i 60 \u2013 Msza \u015bw.<\/li>\n<\/ol>\n<p><strong><u>Czwartek 5.01.2023 \u2013 godz. 15.00<\/u><\/strong><\/p>\n<ol>\n<li>Ksi\u0105dz Grzegorz \u2013 ul. Mickiewicza 55 (mieszkania 26-75)<\/li>\n<li>Ksi\u0105dz Proboszcz \u2013 ul. Mickiewicza 57 (mieszkania 1-50)<\/li>\n<li>Ksi\u0105dz Waldemar \u2013 ul. Mickiewicza 57 (mieszkania 51-60) i Mickiewicza 63 (1-30)<\/li>\n<li>Ksi\u0105dz \u0141ukasz \u2013 ul. Mickiewicza 63 (mieszkania 31-75)<\/li>\n<li>Ksi\u0105dz Janusz \u2013 Mickiewicza 62 i 64<\/li>\n<li>Ksi\u0105dz Witold \u2013 Mickiewicza 63 A \u2013 Msza \u015bw.<\/li>\n<\/ol>\n<p><strong><u>Sobota 07.01.2022 \u2013 godz. 9.00 <\/u><\/strong><\/p>\n<p><strong>\u00a0(Domy jednorodzinne)<\/strong><\/p>\n<ol>\n<li>Ksi\u0105dz Proboszcz \u2013 ul. Jaros\u0142awska od sklepu Spo\u0142em, Kpt. Kuczka i ul. Lipy od strony tor\u00f3w.<\/li>\n<li>Ksi\u0105dz Grzegorz \u2013 ul.\u00a0Lipy od ko\u0144ca<\/li>\n<li>Ksi\u0105dz Witold \u2013 Wierzawice od ko\u0144ca w stron\u0119 ko\u015bcio\u0142a<\/li>\n<li>Ksi\u0105dz Janusz \u2013 ul. Podzwierzyniec (od strony tor\u00f3w kolejowych)<\/li>\n<li>Ksi\u0105dz Waldemar \u2013 ul. Podzwierzyniec od ostatniego numeru \u2013 Msza \u015bw.<\/li>\n<li>Ksi\u0105dz \u0141ukasz \u2013 ul. \u015bw. Kr\u00f3lowej Jadwigi<\/li>\n<\/ol>\n","protected":false},"excerpt":{"rendered":"<p>Dzi\u015b Nowy Rok \u2013 Uroczysto\u015b\u0107 \u015awi\u0119tej Bo\u017cej Rodzicielki \u2013 dzie\u0144 modlitw o\u00a0pok\u00f3j na \u015bwiecie. Msze \u015bw. jak w ka\u017cd\u0105 niedziel\u0119 \u2013 b\u0119dzie tak\u017ce Msza \u015bw. o\u00a0godz. 16.00. Po g\u0142\u00f3wnej Mszy \u015bw. a wi\u0119c po Mszy \u015bw. o godz. 11.30 wystawienie Naj\u015bwi\u0119tszego Sakramentu i\u00a0kr\u00f3tka adoracja z\u00a0modlitwami o pok\u00f3j. Dzi\u015b tak\u017ce u nas Niedziela Seminaryjna i z [&hellip;]<\/p>\n","protected":false},"author":4,"featured_media":0,"comment_status":"closed","ping_status":"open","sticky":false,"template":"","format":"standard","meta":[],"categories":[5],"tags":[],"_links":{"self":[{"href":"https:\/\/lezajsk.przemyska.pl\/index.php?rest_route=\/wp\/v2\/posts\/14848"}],"collection":[{"href":"https:\/\/lezajsk.przemyska.pl\/index.php?rest_route=\/wp\/v2\/posts"}],"about":[{"href":"https:\/\/lezajsk.przemyska.pl\/index.php?rest_route=\/wp\/v2\/types\/post"}],"author":[{"embeddable":true,"href":"https:\/\/lezajsk.przemyska.pl\/index.php?rest_route=\/wp\/v2\/users\/4"}],"replies":[{"embeddable":true,"href":"https:\/\/lezajsk.przemyska.pl\/index.php?rest_route=%2Fwp%2Fv2%2Fcomments&post=14848"}],"version-history":[{"count":1,"href":"https:\/\/lezajsk.przemyska.pl\/index.php?rest_route=\/wp\/v2\/posts\/14848\/revisions"}],"predecessor-version":[{"id":14849,"href":"https:\/\/lezajsk.przemyska.pl\/index.php?rest_route=\/wp\/v2\/posts\/14848\/revisions\/14849"}],"wp:attachment":[{"href":"https:\/\/lezajsk.przemyska.pl\/index.php?rest_route=%2Fwp%2Fv2%2Fmedia&parent=14848"}],"wp:term":[{"taxonomy":"category","embeddable":true,"href":"https:\/\/lezajsk.przemyska.pl\/index.php?rest_route=%2Fwp%2Fv2%2Fcategories&post=14848"},{"taxonomy":"post_tag","embeddable":true,"href":"https:\/\/lezajsk.przemyska.pl\/index.php?rest_route=%2Fwp%2Fv2%2Ftags&post=14848"}],"curies":[{"name":"wp","href":"https:\/\/api.w.org\/{rel}","templated":true}]}}