
{"id":14845,"date":"2022-12-24T22:13:53","date_gmt":"2022-12-24T21:13:53","guid":{"rendered":"https:\/\/lezajsk.przemyska.pl\/?p=14845"},"modified":"2022-12-24T22:13:53","modified_gmt":"2022-12-24T21:13:53","slug":"uroczystosc-bozego-narodzenia-25-12-2022-r","status":"publish","type":"post","link":"https:\/\/lezajsk.przemyska.pl\/?p=14845","title":{"rendered":"Uroczysto\u015b\u0107 Bo\u017cego Narodzenia &#8211; 25.12.2022 r."},"content":{"rendered":"<ol>\n<li>Dzi\u015b w <strong>Bo\u017ce Narodzenie<\/strong>, Msze \u015bw. przedpo\u0142udniem jak w ka\u017cd\u0105 niedziel\u0119. <strong>Nie b\u0119dzie tylko Mszy \u015bw. o godz. 16.00<\/strong> i nabo\u017ce\u0144stwa.<\/li>\n<li>Jutro w <strong>\u015bwi\u0119to \u015bw. Szczepana<\/strong> porz\u0105dek Mszy \u015bw. tak jak w ka\u017cd\u0105 niedziel\u0119.<strong> Nie b\u0119dzie tylko Mszy \u015bw. o godz. 16.00<\/strong> i nabo\u017ce\u0144stwa.<\/li>\n<li>We wtorek <strong>\u015bwi\u0119to<\/strong> <strong>\u015bw. Jana Aposto\u0142a<\/strong>. B\u0142ogos\u0142awie\u0144stwo wina po ka\u017cdej Mszy \u015bw.<\/li>\n<li>W \u015brod\u0119 <strong>\u015bwi\u0119to \u015bw. M\u0142odziank\u00f3w<\/strong>.<\/li>\n<li>W pi\u0105tek <strong>\u015bwi\u0119to \u015awi\u0119tej Rodziny<\/strong>.<\/li>\n<li>W sobot\u0119 31 grudnia, <strong>ostatni dzie\u0144 Roku Pa\u0144skiego 2022<\/strong>. Z tej racji wieczorem <strong>o\u00a0godz. 16.00<\/strong> zostanie odprawione nabo\u017ce\u0144stwo przeb\u0142agalno &#8211; dzi\u0119kczynne na <strong>zako\u0144czenie Starego Roku<\/strong>, na kt\u00f3re bardzo serdecznie wszystkich zapraszamy. Za udzia\u0142 w tym nabo\u017ce\u0144stwie mo\u017cna zyska\u0107 odpust zupe\u0142ny.<\/li>\n<li>Za tydzie\u0144 w niedziel\u0119 <strong>Nowy Rok \u2013 Uroczysto\u015b\u0107 \u015awi\u0119tej Bo\u017cej Rodzicielki<\/strong> \u2013 dzie\u0144 modlitw o\u00a0pok\u00f3j na \u015bwiecie. Msze \u015bw. jak w ka\u017cd\u0105 niedziel\u0119 \u2013 b\u0119dzie tak\u017ce Msza \u015bw. o\u00a0godz. 16.00. Po g\u0142\u00f3wnej Mszy \u015bw. a wi\u0119c po Mszy \u015bw. o godz. 11.30 wystawienie Naj\u015bwi\u0119tszego Sakramentu i kr\u00f3tka adoracja z\u00a0modlitwami o pok\u00f3j.<\/li>\n<li>W tym tygodniu od wtorku do pi\u0105tku, rozpoczniemy doroczn\u0105 wizyt\u0119 duszpastersk\u0105 <strong> kol\u0119d\u0119<\/strong>. Kol\u0119da b\u0119dzie si\u0119 rozpoczyna\u0107 <strong>o\u00a0godz. 15.00<\/strong>. Szczeg\u00f3\u0142owy plan wizyty duszpasterskiej jest wywieszony w\u00a0gablocie i na naszej stronie internetowej w\u00a0zak\u0142adce og\u0142oszenia.<\/li>\n<li>Przed ko\u015bcio\u0142em z r\u0105k ministrant\u00f3w mo\u017cna odebra\u0107 najnowszy numer naszej parafialnej <strong>gazetki Siewca<\/strong>.<\/li>\n<\/ol>\n<p><strong><u>Intencje zbiorowe: <\/u><\/strong><\/p>\n<ul>\n<li>W intencji Ko\u015bcio\u0142a, Ojczyzny, parafii i naszych rodzin za przyczyn\u0105 \u015awi\u0119tego Micha\u0142a Archanio\u0142a \u2013 wtorek, godz. 6.30.<\/li>\n<li>Za \u015bp. Stanis\u0142aw\u0119 Garbacz \u2013 intencja od kole\u017canek i kolegi z pracy \u2013 wtorek, godz. 18.00.<\/li>\n<li>W intencji nowennowych pr\u00f3\u015bb i podzi\u0119kowa\u0144 do MB Pocieszenia \u2013 \u015broda godz. 18.00.<\/li>\n<li>Za \u015bp. Mari\u0119 Markiewicz \u2013 intencja od s\u0105siad\u00f3w z klatki bloku przy ul. Braci \u015aniadeckich 6 \u2013 czwartek, godz. 7.00.<\/li>\n<li>Z intencji Bractwa Szkaplerza \u015awi\u0119tego \u2013 pi\u0105tek, godz. 18.00 i niedziela, godz. 10.00.<\/li>\n<li>Za \u015bp. Stanis\u0142awa Zagaj\u0119 \u2013 intencja kole\u017canek z pracy c\u00f3rki Moniki \u2013 sobota, godz. 6.30.<\/li>\n<li>Za \u015bp. Tadeusz\u0119 (k) Sienkiewicz \u2013 intencja od s\u0105siad\u00f3w z klatki \u2013 sobota, godz. 6.30.<\/li>\n<li>Msze \u015bw. gregoria\u0144skie za \u015bp. Helen\u0119 Miazga, pocz\u0105tek \u2013 niedziela, godz. 7.00.<\/li>\n<li>Msze \u015bw. gregoria\u0144skie za \u015bp. Krzysztofa Gawe\u0142, pocz\u0105tek \u2013\u00a0 niedziela, godz. 18.00 (poza parafi\u0105).<\/li>\n<li>Msze \u015bw. gregoria\u0144skie za \u015bp. Janin\u0119 Go\u0142\u0105b, pocz\u0105tek \u2013\u00a0 niedziela, godz. 18.00 (poza parafi\u0105).<\/li>\n<\/ul>\n<p>W ostatnim tygodniu odesz\u0142y od nas do wieczno\u015bci <strong>\u015bp. Jolanta Cholewiak <\/strong>z ul. Kwiatowej i\u00a0<strong>Leokadia Kwieci\u0144ska<\/strong> z ul. Kopernika \u2013 wieczny odpoczynek\u2026<\/p>\n<p><strong>Plan wizyty duszpasterskiej <\/strong><\/p>\n<p><strong>27.12.2022 &#8211; 30.12. 2022 r. <\/strong><\/p>\n<p><strong>\u00a0<\/strong><strong><u>Wtorek 27.12.2022 \u2013 godz. 15.00<\/u><\/strong><\/p>\n<ol>\n<li>Ksi\u0105dz Waldemar \u2013 ul. Sk\u0142odowskiej 1 (mieszkania1-30)<\/li>\n<li>Ksi\u0105dz Grzegorz \u2013 ul. Sk\u0142odowskiej 1 (mieszkania 31-62)<\/li>\n<li>Ksi\u0105dz Janusz \u2013 ul. Sk\u0142odowskiej 3<\/li>\n<li>Ksi\u0105dz Witold \u2013 ul. Sk\u0142odowskiej 5 (mieszkania 1-35)<\/li>\n<li>Ksi\u0105dz \u0141ukasz \u2013 ul. Sk\u0142odowskiej 5 (mieszkania 36-70)<\/li>\n<li>Ksi\u0105dz Proboszcz \u2013 ul. Sk\u0142odowskiej 7 (mieszkania 1-25) \u2013 Msza \u015bw.<\/li>\n<\/ol>\n<p><strong><u>\u015aroda 28.12.2022 \u2013 godz. 15.00<\/u><\/strong><\/p>\n<ol>\n<li>Ksi\u0105dz Grzegorz \u2013 ul. Sk\u0142odowskiej 7 (mieszkania 26-50) \u2013 Msza \u015bw.<\/li>\n<li>Ksi\u0105dz Witold \u2013 ul. Sk\u0142odowskiej 9 (mieszkania 1-40)<\/li>\n<li>Ksi\u0105dz Proboszcz \u2013 ul. \u015aniadeckich 2 (mieszkania 1-35)<\/li>\n<li>Ksi\u0105dz \u0141ukasz \u2013 ul. \u015aniadeckich 2 (mieszkania 36-70)<\/li>\n<li>Ksi\u0105dz Waldemar \u2013 ul. \u015aniadeckich 2 (mieszkania 71-100)<\/li>\n<li>Ksi\u0105dz Janusz \u2013 ul. \u015aniadeckich 2 (mieszkania 101-130)<\/li>\n<\/ol>\n<p><strong><u>Czwartek 29.12.2022 \u2013 godz. 15.00<\/u><\/strong><\/p>\n<ol>\n<li>Ksi\u0105dz \u0141ukasz \u2013 ul. \u015aniadeckich 4 (mieszkania 1-35)<\/li>\n<li>Ksi\u0105dz Grzegorz \u2013 ul. \u015aniadeckich 4 (mieszkania 36-70)<\/li>\n<li>Ksi\u0105dz Proboszcz \u2013 ul. \u015aniadeckich 4 (mieszkania 71-105)<\/li>\n<li>Ksi\u0105dz Waldemar \u2013 ul. \u015aniadeckich 6 (mieszkania 1-35)<\/li>\n<li>Ksi\u0105dz Janusz \u2013 ul. \u015aniadeckich 6 (mieszkania 36-70)<\/li>\n<li>Ksi\u0105dz Witold \u2013 ul. \u015aniadeckich 6 (mieszkania 71-105) \u2013 Msza \u015bw.<\/li>\n<\/ol>\n<p><strong><u>Pi\u0105tek 30.12.2022 \u2013 godz. 15.00<\/u><\/strong><\/p>\n<ol>\n<li>Ksi\u0105dz Waldemar \u2013 Kopernika 1 (mieszkania 1-37)<\/li>\n<li>Ksi\u0105dz Witold\u2013 ul. Kopernika 1 (mieszkania 38-75)<\/li>\n<li>Ksi\u0105dz Janusz \u2013 ul. Kopernika 2 (mieszkania 1-37)<\/li>\n<li>Ksi\u0105dz Grzegorz \u2013 ul. Kopernika 2 (mieszkania 38-75)<\/li>\n<li>Ksi\u0105dz \u0141ukasz \u2013 ul. Kopernika 3 (mieszkania 1-30) \u2013 Msza \u015bw.<\/li>\n<li>Ksi\u0105dz Proboszcz \u2013 Kopernika 3 (mieszkania 31-65)<\/li>\n<\/ol>\n","protected":false},"excerpt":{"rendered":"<p>Dzi\u015b w Bo\u017ce Narodzenie, Msze \u015bw. przedpo\u0142udniem jak w ka\u017cd\u0105 niedziel\u0119. Nie b\u0119dzie tylko Mszy \u015bw. o godz. 16.00 i nabo\u017ce\u0144stwa. Jutro w \u015bwi\u0119to \u015bw. Szczepana porz\u0105dek Mszy \u015bw. tak jak w ka\u017cd\u0105 niedziel\u0119. Nie b\u0119dzie tylko Mszy \u015bw. o godz. 16.00 i nabo\u017ce\u0144stwa. We wtorek \u015bwi\u0119to \u015bw. Jana Aposto\u0142a. B\u0142ogos\u0142awie\u0144stwo wina po ka\u017cdej Mszy [&hellip;]<\/p>\n","protected":false},"author":4,"featured_media":0,"comment_status":"closed","ping_status":"open","sticky":false,"template":"","format":"standard","meta":[],"categories":[5],"tags":[],"_links":{"self":[{"href":"https:\/\/lezajsk.przemyska.pl\/index.php?rest_route=\/wp\/v2\/posts\/14845"}],"collection":[{"href":"https:\/\/lezajsk.przemyska.pl\/index.php?rest_route=\/wp\/v2\/posts"}],"about":[{"href":"https:\/\/lezajsk.przemyska.pl\/index.php?rest_route=\/wp\/v2\/types\/post"}],"author":[{"embeddable":true,"href":"https:\/\/lezajsk.przemyska.pl\/index.php?rest_route=\/wp\/v2\/users\/4"}],"replies":[{"embeddable":true,"href":"https:\/\/lezajsk.przemyska.pl\/index.php?rest_route=%2Fwp%2Fv2%2Fcomments&post=14845"}],"version-history":[{"count":1,"href":"https:\/\/lezajsk.przemyska.pl\/index.php?rest_route=\/wp\/v2\/posts\/14845\/revisions"}],"predecessor-version":[{"id":14846,"href":"https:\/\/lezajsk.przemyska.pl\/index.php?rest_route=\/wp\/v2\/posts\/14845\/revisions\/14846"}],"wp:attachment":[{"href":"https:\/\/lezajsk.przemyska.pl\/index.php?rest_route=%2Fwp%2Fv2%2Fmedia&parent=14845"}],"wp:term":[{"taxonomy":"category","embeddable":true,"href":"https:\/\/lezajsk.przemyska.pl\/index.php?rest_route=%2Fwp%2Fv2%2Fcategories&post=14845"},{"taxonomy":"post_tag","embeddable":true,"href":"https:\/\/lezajsk.przemyska.pl\/index.php?rest_route=%2Fwp%2Fv2%2Ftags&post=14845"}],"curies":[{"name":"wp","href":"https:\/\/api.w.org\/{rel}","templated":true}]}}