
{"id":14842,"date":"2022-12-17T21:34:58","date_gmt":"2022-12-17T20:34:58","guid":{"rendered":"https:\/\/lezajsk.przemyska.pl\/?p=14842"},"modified":"2022-12-18T11:19:21","modified_gmt":"2022-12-18T10:19:21","slug":"iv-niedziela-adwentu-18-12-2022-r","status":"publish","type":"post","link":"https:\/\/lezajsk.przemyska.pl\/?p=14842","title":{"rendered":"IV Niedziela Adwentu &#8211; 18.12.2022 r."},"content":{"rendered":"<ol>\n<li>Dzi\u015b zapraszamy jeszcze na <strong>nabo\u017ce\u0144stwo eucharystyczne z modlitw\u0105 r\u00f3\u017ca\u0144cow\u0105 o\u00a0godz. 17.30<\/strong>. B\u0119dziemy si\u0119 modli\u0107 o owocne prze\u017cycie \u015bwi\u0105t Bo\u017cego Narodzenia dla ca\u0142ej naszej parafialnej wsp\u00f3lnoty.<\/li>\n<li>Dzi\u015b po wszystkich Mszach \u015bw. przedpo\u0142udniowych, nasi niepe\u0142nosprawni z\u00a0Warsztat\u00f3w Terapii Zaj\u0119ciowej przy naszym Oddziale Caritas, zapraszaj\u0105, na\u00a0<strong>kiermasz ozd\u00f3b i\u00a0stroik\u00f3w\u00a0bo\u017conarodzeniowych <\/strong>a nasza m\u0142odzie\u017c oazowa przez ca\u0142\u0105 niedziel\u0119 rozprowadza <strong>sianko na st\u00f3\u0142 wigilijny<\/strong>. Ofiary b\u0119d\u0105 przeznaczone na fundusz rekolekcyjny dla m\u0142odzie\u017cy.<\/li>\n<li>Jutro po Mszy \u015bw. wieczornej <strong>spotkanie Akcji Katolickiej,<\/strong> na kt\u00f3re wszystkich cz\u0142onk\u00f3w serdecznie zapraszamy.<\/li>\n<li>We wtorek, podczas Mszy \u015bw. o godz. 18.00 odb\u0119dzie si\u0119 przekazanie <strong>Betlejemskiego \u015awiat\u0142a Pokoju<\/strong>, kt\u00f3re po raz 32 przyby\u0142o do Polski. Wraz z\u00a0harcerzami z le\u017cajskiego Hufca serdecznie zapraszamy.<\/li>\n<li>Tak\u017ce we wtorek <strong>nowenna do \u015aw. J\u00f3zefa \u2013 Oblubie\u0144ca NMP<\/strong>. Podzi\u0119kowania i\u00a0pro\u015bby mo\u017cna sk\u0142ada\u0107 bezpo\u015brednio przed nabo\u017ce\u0144stwem na o\u0142tarzu Matki Bo\u017cej.<\/li>\n<li><strong>W czwartek<\/strong> <strong>22 grudnia<\/strong> b\u0119dziemy prze\u017cywa\u0107 nasz\u0105 <strong>spowied\u017a parafialn\u0105.<\/strong> Kap\u0142ani z\u00a0dekanatu b\u0119d\u0105 spowiada\u0107<strong> w obu ko\u015bcio\u0142ach w\u00a0godz.: 9.00 &#8211; 12.00 <\/strong>(przerwa p\u00f3\u0142godzinna o\u00a0godz. 10.30)<strong> i popo\u0142udniu 16.00 &#8211; 20.00. <\/strong>(z przerw\u0105 o godz. 18.00 na Msz\u0119 \u015bw. wieczorn\u0105). Nie zmarnujmy tej okazji aby pojednani z\u00a0Bogiem i\u00a0lud\u017ami zasi\u0105\u015b\u0107 do wigilijnego sto\u0142u i nie odk\u0142adajmy spowiedzi na wigili\u0119.<\/li>\n<li>W pi\u0105tek<strong> o godz. 18.00, zako\u0144czenie rorat dla dzieci<\/strong>.<\/li>\n<li><strong>Tak\u017ce w pi\u0105tek 23 grudnia od godz. 9.00<\/strong>, <strong>odwiedzimy chorych w\u00a0domach<\/strong> <strong>z\u00a0Komuni\u0105 \u015bw<\/strong>.\u00a0 Zg\u0142oszenia w\u00a0zakrystii lub kancelarii.<\/li>\n<li>W sobot\u0119 najpi\u0119kniejszy dzie\u0144 w roku \u2013 <strong>Wigilia<\/strong>. Rano Msze \u015bw. w naszym ko\u015bciele jak co dzie\u0144 <strong>o\u00a0godz. 6.30 i 7.00<\/strong> a wieczorem wraz z najbli\u017cszymi zasi\u0105dziemy do wigilijnego sto\u0142u. Prosimy o zachowanie religijnego wymiaru tej wyj\u0105tkowej wieczerzy. Rozpocznijmy j\u0105 od czytania Pisma \u015bw., modlitwy, kol\u0119dy a dziel\u0105c si\u0119 op\u0142atkiem, sk\u0142adajmy sobie serdeczne i\u00a0szczere \u017cyczenia. Pami\u0119tajmy o tych, kt\u00f3rzy od nas ju\u017c odeszli a swoj\u0105 wigili\u0119 prze\u017cywaj\u0105 z Bogiem w\u00a0niebie. Jest to r\u00f3wnocze\u015bnie <strong>dzie\u0144 imienin ks. abpa Adama Szala<\/strong>, o kt\u00f3rym pami\u0119tajmy w naszych modlitwach.<\/li>\n<li>Ukoronowaniem wigilijnego czuwania b\u0119dzie uroczysta <strong>Pasterka<\/strong> <strong>o p\u00f3\u0142nocy w obu ko\u015bcio\u0142ach<\/strong>. Na te Msze \u015bw. wszystkich parafian i go\u015bci serdecznie zapraszamy. Taca mszalna z Pasterki jest przeznaczona na Fundusz Ochrony \u017bycia i Dom Samotnej Matki w\u00a0Przemy\u015blu.<\/li>\n<li>W <strong>Bo\u017ce Narodzenie jak i w \u015bwi\u0119to \u015bw. Szczepana<\/strong>, Msze \u015bw. przedpo\u0142udniem jak w\u00a0ka\u017cd\u0105 niedziel\u0119. <strong>Nie b\u0119dzie tylko Mszy \u015bw. o godz. 16.00<\/strong> i nabo\u017ce\u0144stwa.<\/li>\n<li><strong>Caritas Archidiecezji Przemyskiej Oddzia\u0142 Le\u017cajsk<\/strong>, dzi\u0119kuje mieszka\u0144com Le\u017cajska za udzia\u0142 w zbi\u00f3rce \u017cywno\u015bci w ramach akcji <strong>TAK POMAGAM<\/strong>. Zebrana \u017cywno\u015b\u0107 zostanie wykorzystana do przygotowywania posi\u0142k\u00f3w w o\u015brodkach Caritas oraz dla<br \/>\nos\u00f3b potrzebuj\u0105cych. Ponadto <strong>w \u015brod\u0119 21 grudnia<\/strong>, w naszym oddziale Caritas b\u0119d\u0105 wydawane paczki dla potrzebuj\u0105cych w godz. od 8.00 do 13.00.<\/li>\n<li>W zakrystii s\u0105 do odebrania <strong>rozpiski Mszy \u015bwi\u0119tych gregoria\u0144skich<\/strong> na rok 2023. Zainteresowane osoby prosimy o zg\u0142aszanie si\u0119 do zakrystii.<\/li>\n<li><strong>W Siewcy<\/strong> s\u0105 jeszcze <strong>wigilijne \u015bwiece Caritas <\/strong>w cenie minimalnej 10 z\u0142., <strong>po\u015bwi\u0119cone op\u0142atki na st\u00f3\u0142 wigilijny,<\/strong> prasa katolicka i wiele innych ciekawych publikacji.<\/li>\n<\/ol>\n<p><strong><u>Intencje zbiorowe: <\/u><\/strong><\/p>\n<ul>\n<li>Za \u015bp. Helen\u0119 Osip \u2013 intencja od s\u0105siad\u00f3w z klatki bloku przy ul. M.C. Sk\u0142odowskiej, poniedzia\u0142ek, godz. 7.00.<\/li>\n<li>Za \u015bp. Stanis\u0142awa Zagaj\u0119 \u2013 intencja kole\u017canek i koleg\u00f3w c\u00f3rki Moniki \u2013 poniedzia\u0142ek, godz. 18.00.<\/li>\n<li>W intencji Ko\u015bcio\u0142a, Ojczyzny, parafii i naszych rodzin za przyczyn\u0105 \u015awi\u0119tego Micha\u0142a Archanio\u0142a \u2013 wtorek, godz. 6.30.<\/li>\n<li>Za \u015bp. Mari\u0119 Markiewicz \u2013 intencja od s\u0105siad\u00f3w z klatki bloku przy ul. Braci \u015aniadeckich 6 \u2013 wtorek, godz. 7.00.<\/li>\n<li>W intencji nowennowych pr\u00f3\u015bb i podzi\u0119kowa\u0144 do MB Pocieszenia \u2013 \u015broda godz. 18.00.<\/li>\n<li>Za \u015bp. Jerzego Siwca \u2013 intencja od znajomych z ul. Sanowej \u2013 czwartek, godz. 6.30.<\/li>\n<li>Za \u015bp. Danut\u0119 Nazar \u2013 intencja od si\u00f3str z R\u00f3\u017cy b\u0142. Anieli Salawy \u2013 pi\u0105tek, godz. 18.00.<\/li>\n<li>Za \u015bp. Wand\u0119 Piotrowsk\u0105 \u2013 intencja od s\u0105siad\u00f3w z klatki \u2013 sobota, godz. 24.00.<\/li>\n<\/ul>\n<p>W ostatnim tygodniu odeszli od nas do wieczno\u015bci <strong>\u015bp. Julia \u017bo\u0142ynia <\/strong>z ul. Ko\u0142\u0142\u0105taja (ostatnio Wierzawice) <strong>i Lubow \u017burawycka<\/strong> z ul. G\u00f3rnej \u2013 wieczny odpoczynek\u2026<\/p>\n","protected":false},"excerpt":{"rendered":"<p>Dzi\u015b zapraszamy jeszcze na nabo\u017ce\u0144stwo eucharystyczne z modlitw\u0105 r\u00f3\u017ca\u0144cow\u0105 o\u00a0godz. 17.30. B\u0119dziemy si\u0119 modli\u0107 o owocne prze\u017cycie \u015bwi\u0105t Bo\u017cego Narodzenia dla ca\u0142ej naszej parafialnej wsp\u00f3lnoty. Dzi\u015b po wszystkich Mszach \u015bw. przedpo\u0142udniowych, nasi niepe\u0142nosprawni z\u00a0Warsztat\u00f3w Terapii Zaj\u0119ciowej przy naszym Oddziale Caritas, zapraszaj\u0105, na\u00a0kiermasz ozd\u00f3b i\u00a0stroik\u00f3w\u00a0bo\u017conarodzeniowych a nasza m\u0142odzie\u017c oazowa przez ca\u0142\u0105 niedziel\u0119 rozprowadza sianko na st\u00f3\u0142 [&hellip;]<\/p>\n","protected":false},"author":4,"featured_media":0,"comment_status":"closed","ping_status":"open","sticky":false,"template":"","format":"standard","meta":[],"categories":[5],"tags":[],"_links":{"self":[{"href":"https:\/\/lezajsk.przemyska.pl\/index.php?rest_route=\/wp\/v2\/posts\/14842"}],"collection":[{"href":"https:\/\/lezajsk.przemyska.pl\/index.php?rest_route=\/wp\/v2\/posts"}],"about":[{"href":"https:\/\/lezajsk.przemyska.pl\/index.php?rest_route=\/wp\/v2\/types\/post"}],"author":[{"embeddable":true,"href":"https:\/\/lezajsk.przemyska.pl\/index.php?rest_route=\/wp\/v2\/users\/4"}],"replies":[{"embeddable":true,"href":"https:\/\/lezajsk.przemyska.pl\/index.php?rest_route=%2Fwp%2Fv2%2Fcomments&post=14842"}],"version-history":[{"count":2,"href":"https:\/\/lezajsk.przemyska.pl\/index.php?rest_route=\/wp\/v2\/posts\/14842\/revisions"}],"predecessor-version":[{"id":14844,"href":"https:\/\/lezajsk.przemyska.pl\/index.php?rest_route=\/wp\/v2\/posts\/14842\/revisions\/14844"}],"wp:attachment":[{"href":"https:\/\/lezajsk.przemyska.pl\/index.php?rest_route=%2Fwp%2Fv2%2Fmedia&parent=14842"}],"wp:term":[{"taxonomy":"category","embeddable":true,"href":"https:\/\/lezajsk.przemyska.pl\/index.php?rest_route=%2Fwp%2Fv2%2Fcategories&post=14842"},{"taxonomy":"post_tag","embeddable":true,"href":"https:\/\/lezajsk.przemyska.pl\/index.php?rest_route=%2Fwp%2Fv2%2Ftags&post=14842"}],"curies":[{"name":"wp","href":"https:\/\/api.w.org\/{rel}","templated":true}]}}