
{"id":14807,"date":"2022-12-03T21:23:39","date_gmt":"2022-12-03T20:23:39","guid":{"rendered":"https:\/\/lezajsk.przemyska.pl\/?p=14807"},"modified":"2022-12-05T15:42:20","modified_gmt":"2022-12-05T14:42:20","slug":"ii-niedziela-adwentu-04-12-2022-r","status":"publish","type":"post","link":"https:\/\/lezajsk.przemyska.pl\/?p=14807","title":{"rendered":"II Niedziela Adwentu &#8211; 04.12.2022 r."},"content":{"rendered":"<ol>\n<li>Dzi\u015b i do \u015brody w\u0142\u0105cznie <strong>nowenna przed Uroczysto\u015bci\u0105 Niepokalanego Pocz\u0119cia<\/strong> o\u00a0godz. 17.30 a po niej Msza \u015bw. wieczorna.<\/li>\n<li>Dzisiejsza niedziela jest te\u017c obchodzona jako kolejny\u00a0<strong>Dzie\u0144 Solidarno\u015bci z Ko\u015bcio\u0142em na Wschodzie<\/strong>. W zwi\u0105zku z powy\u017cszym, <strong><u>dzi\u015b<\/u><\/strong> po wszystkich Mszach \u015bw.\u00a0<strong>zbi\u00f3rka do puszek <\/strong>z\u00a0przeznaczeniem na ten cel.<\/li>\n<li><strong>Roraty<\/strong> w naszym ko\u015bciele codziennie o godz., 18.00, na kt\u00f3re wszystkich a szczeg\u00f3lnie dzieci bardzo serdecznie zapraszamy.<\/li>\n<li>Jutro po Mszy \u015bw. wieczornej spotkanie <strong>R\u00f3\u017c R\u00f3\u017ca\u0144cowych, Apostolskiego Dzie\u0142a Pomocy dla Czy\u015b\u0107ca oraz Dzie\u0142a Pomocy Powo\u0142aniom<\/strong>.<\/li>\n<li>We wtorek po Mszy \u015bw. <strong>spotkanie Stra\u017cy Honorowej NSPJ<\/strong>.<\/li>\n<li>W \u015brod\u0119 spotkanie <strong>Bractwa Szkaplerza \u015awi\u0119tego.<\/strong><\/li>\n<li>W czwartek <strong>Uroczysto\u015b\u0107 Niepokalanego Pocz\u0119cia NMP<\/strong>, kt\u00f3ra jest tak\u017ce szczeg\u00f3lnym <strong>dniem modlitwy za utracone dzieci.<\/strong> Niech nasza modlitwa za wszystkie zmar\u0142e dzieci i ich cierpi\u0105cych rodzic\u00f3w b\u0119dzie znakiem naszej chrze\u015bcija\u0144skiej solidarno\u015bci. <strong>Porz\u0105dek Mszy \u015bw. w Uroczysto\u015b\u0107 Niepokalanego Pocz\u0119cia NMP jest nast\u0119puj\u0105cy; rano Msze \u015bw. o godz. 6.30, 7.00, 8.30 i 10.00 a\u00a0popo\u0142udniu dwie Msze \u015bw. o godz. 16.00 i 18.00<\/strong>. Uroczysto\u015b\u0107 Niepokalanego Pocz\u0119cia jest tak\u017ce jednym ze \u015bwi\u0105t patronalnych <strong>Bractwa Szkaplerza \u015awi\u0119tego<\/strong> i\u00a0z\u00a0tej okazji b\u0119dzie mo\u017cliwo\u015b\u0107 w\u0142\u0105czenia si\u0119 do tej\u017ce wsp\u00f3lnoty przez uroczyste przyj\u0119cie znaku szkaplerza w czasie Mszy \u015bw. o\u00a0godz. 18.00. Wszystkich zainteresowanych zapraszamy do zakrystii.<\/li>\n<li><strong>W Uroczysto\u015b\u0107 Niepokalanego Pocz\u0119cia Naj\u015bwi\u0119tszej Maryi Panny w godzinach od 12.00-13.00 przypada tzw. \u201eGodzina \u0142aski dla \u015bwiata\u201d.<\/strong> Zatem w tym dniu na godz. 12.00, zapraszamy do naszej Fary na osobist\u0105 modlitw\u0119 w ciszy i milczeniu przed Naj\u015bwi\u0119tszym Sakramentem.\u00a0Maryja w objawieniach z 1947 roku zach\u0119ca, by <strong>ka\u017cdego 8 grudnia o godz. 12.00<\/strong> uda\u0107 si\u0119 do ko\u015bcio\u0142a i tam si\u0119 modli\u0107. Je\u015bli nie jest to mo\u017cliwe, mo\u017cna tak\u017ce prosi\u0107 o \u0142aski w domu, w pracy lub jakimkolwiek innym miejscu. Pami\u0119tajmy, by powierza\u0107 Niebu nie tylko intencje swoje i swojej rodziny, ale tak\u017ce spraw\u0119 pokoju na \u015bwiecie, Ko\u015bci\u00f3\u0142 powszechny i nawr\u00f3cenie grzesznik\u00f3w. Maryja pragnie bowiem wyprosi\u0107 nawr\u00f3cenie dla wielu grzesznik\u00f3w. Nie zapominajmy te\u017c o dzi\u0119kczynieniu. <strong>Wystawienie Naj\u015bwi\u0119tszego Sakramentu<\/strong> rozpoczniemy w tym dniu ju\u017c po Mszy \u015bw. o godz. 10.00 a zako\u0144czymy przed Msz\u0105 \u015bw. o godz. 16.00.<\/li>\n<li>W <strong>Uroczysto\u015b\u0107 Niepokalanego Pocz\u0119cia Naj\u015bwi\u0119tszej Maryi Panny<\/strong> <strong>dzieci z klas III,<\/strong> przygotowuj\u0105ce si\u0119 do przyj\u0119cia I Komunii \u015bw. otrzymaj\u0105 po\u015bwi\u0119cone medaliki Matki Bo\u017cej Niepokalanej podczas Mszy \u015bw. o godz. 16.00. Wszystkie dzieci wraz z\u00a0rodzicami serdecznie zapraszamy.<\/li>\n<li><strong>Sk\u0142adamy serdeczne B\u00f3g zap\u0142a\u0107<\/strong> wszystkim tym, kt\u00f3rzy w minionym tygodniu podj\u0119li pos\u0142ug\u0119 roznoszenia op\u0142atk\u00f3w wigilijnych w naszej parafii. B\u00f3g zap\u0142a\u0107 za sk\u0142adane z tej okazji ofiary. Rodziny, kt\u00f3rych nie zastano w domu, mog\u0105 odbiera\u0107 op\u0142atki w\u00a0\u201eSiewcy\u201d. Pozosta\u0142y jeszcze do zabrania op\u0142atki dla rodzin mieszkaj\u0105cych w\u00a0blokach przy: ul. Kopernika 1, 6 i 9; Ko\u0142\u0142\u0105taja 1, 1A, 4, 5 i 6; Sk\u0142odowskiej 7; Mickiewicza 55, 57, 60, 62 i 64. Staszica 1, 2, 3, 5 i 8oraz ulice: Sikorskiego, B\u0142onie, Nizinna, 28 Maja, G\u00f3rna, Dolna, Rynek, Kr\u00f3tka, Piekarska, Targowa, Plac Targowy, \u017bwirki i Wigury, Szkolna, Garncarska, Studzienna, Spokojna, Burmistrz\u00f3w Zawilskich, \u015aw. Kr\u00f3lowej Jadwigi, Zmuliska, Rzeszowska i Mickiewicza \u2013 domy prywatne. Bardzo prosimy ludzi dobrej woli z\u00a0tych\u017ce ulic lub s\u0105siednich o\u00a0podj\u0119cie si\u0119 trudu rozprowadzenia op\u0142atk\u00f3w w\/w rejonach. <strong>Op\u0142atki i zeszyty s\u0105 do odebrania w Siewcy<\/strong>.<\/li>\n<li>Dzisiejsza taca mszalna jest przeznaczona <strong>na potrzeby Seminarium Duchownego w\u00a0Przemy\u015blu<\/strong>, za\u015b za tydzie\u0144 <strong>z\u00a0racji II niedzieli miesi\u0105ca<\/strong> taca b\u0119dzie przeznaczona na prace remontowe przy dachu naszej Fary. Wszystkim darczy\u0144com za ka\u017cd\u0105 przekazan\u0105 z\u0142ot\u00f3wk\u0119, za \u017cyczliwo\u015b\u0107 i\u00a0zrozumienie sk\u0142adamy serdeczne B\u00f3g zap\u0142a\u0107.<\/li>\n<li><strong>W Siewcy<\/strong> s\u0105 ju\u017c do nabycia wigilijne <strong>\u015bwiece Caritas <\/strong>w cenie minimalnej 10 z\u0142., b\u0119d\u0105 one dost\u0119pne tak\u017ce w tygodniu oraz prasa katolicka; szczeg\u00f3lnie polecamy nasz\u0105 <strong>Niedziel\u0119<\/strong> i <strong>Go\u015bcia Niedzielnego.<\/strong> Jest te\u017c <strong>Ewangelia na ka\u017cdy dzie\u0144<\/strong> na rok 2023, Kalendarze Rolnik\u00f3w i wiele innych ciekawych publikacji, za\u015b przed ko\u015bcio\u0142em mo\u017cna naby\u0107 wyj\u0105tkowy <strong>r\u00f3\u017caniec dedykowany naszej parafii<\/strong>. Na awersie \u0142\u0105cznika jest obraz MB Pocieszenia czczony w\u00a0naszym ko\u015bciele a na rewersie logo i\u00a0nazwa naszej parafii. A wszystko to w ciekawym woreczku. Cena 25 z\u0142. Serdecznie polecamy.<\/li>\n<li>Za dwa tygodnie tj. 18 grudnia po wszystkich Mszach \u015bw. przedpo\u0142udniowych, nasi niepe\u0142nosprawni z Warsztat\u00f3w Terapii Zaj\u0119ciowej przy naszym Oddziale Caritas, zapraszaj\u0105, na <strong>kiermasz ozd\u00f3b i\u00a0stroik\u00f3w\u00a0bo\u017conarodzeniowych<\/strong><strong>.<\/strong><\/li>\n<li><strong>Burmistrz Le\u017cajska informuje<\/strong>, i\u017c od poniedzia\u0142ku rozpocznie si\u0119 sprzeda\u017c w\u0119gla dla mieszka\u0144c\u00f3w naszego miasta. W sprawie dostawy, z ka\u017cd\u0105 osob\u0105, kt\u00f3ra z\u0142o\u017cy\u0142a wniosek o zakup w\u0119gla b\u0119dzie si\u0119 kontaktowa\u0107 telefonicznie pracownik MZK.<\/li>\n<li>W dniu wczorajszym odby\u0142 si\u0119 w Dukli <strong>XIV Halowy Turniej o Puchar \u015bw. Miko\u0142aja w pi\u0142ce no\u017cnej dla 10-latk\u00f3w.<\/strong> Reprezentanci naszej parafii, sk\u0142adaj\u0105cy si\u0119 g\u0142\u00f3wnie z ministrant\u00f3w, zaj\u0119li 1. Miejsce wygrywaj\u0105c w finale 4-0 z \u0141\u0119kami Dukielskimi. Gratulujemy sukces\u00f3w sportowych i dzi\u0119kujemy wszystkim zaanga\u017cowanym w organizacj\u0119 turnieju, szczeg\u00f3lnie Panu Piotrowi Gondkowi i Panu Adamowi Zwoli\u0144skiemu, kt\u00f3rzy zapewnili transport i opiek\u0119 nad dzie\u0107mi.<\/li>\n<\/ol>\n<p><strong><u>Intencje zbiorowe: <\/u><\/strong><\/p>\n<ul>\n<li>Za dusze w czy\u015b\u0107cu cierpi\u0105ce \u2013 intencja od Apostolskiego Dzie\u0142a Pomocy Duszom \u00a0Czy\u015b\u0107cowym \u2013 poniedzia\u0142ek, godz. 7.00.<\/li>\n<li>W intencji Ko\u015bcio\u0142a, Ojczyzny, parafii i naszych rodzin za przyczyn\u0105 \u015awi\u0119tego Micha\u0142a Archanio\u0142a \u2013 wtorek, godz. 6.30.<\/li>\n<li>Za \u015bp. Mari\u0119 Bieleck\u0105 \u2013 intencja od Akcji Katolickiej \u2013 wtorek, godz. 18.00.<\/li>\n<li>W intencji uczestnik\u00f3w pielgrzymki do Wielkich Oczu \u2013 wtorek, godz. 18.00.<\/li>\n<li>Za \u015bp. J\u00f3zefa Piechot\u0119 \u2013 intencja od pracownik\u00f3w PZDR Le\u017cajsk \u2013 \u015broda, godz. 7.00.<\/li>\n<li>W intencji nowennowych pr\u00f3\u015bb i podzi\u0119kowa\u0144 do MB Pocieszenia \u2013 \u015broda godz. 18.00.<\/li>\n<li>W intencji uczestnik\u00f3w pielgrzymki R\u00f3\u017c R\u00f3\u017ca\u0144cowych do Przysietnicy \u2013 \u015broda, godz. 18.00.<\/li>\n<li>Z R\u00f3\u017cy \u015bw. Bernadety \u2013 czwartek, godz. 8.30.<\/li>\n<li>Z intencji Bractwa Szkaplerza \u015awi\u0119tego i R\u00f3\u017c R\u00f3\u017ca\u0144cowych \u2013 czwartek, godz. 18.00.<\/li>\n<li>Z intencji Ko\u0142a Przyjaci\u00f3\u0142 Radia Maryja \u2013 pi\u0105tek, godz. 18.00.<\/li>\n<\/ul>\n<p>W ostatnim tygodniu odeszli od nas do wieczno\u015bci <strong>\u015bp. Zbigniew Jonik <\/strong>z ul. Mickiewicza i\u00a0<strong>Franciszka Szyma\u0144czyk<\/strong> z ul. Kopernika \u2013 wieczny odpoczynek \u2026<\/p>\n","protected":false},"excerpt":{"rendered":"<p>Dzi\u015b i do \u015brody w\u0142\u0105cznie nowenna przed Uroczysto\u015bci\u0105 Niepokalanego Pocz\u0119cia o\u00a0godz. 17.30 a po niej Msza \u015bw. wieczorna. Dzisiejsza niedziela jest te\u017c obchodzona jako kolejny\u00a0Dzie\u0144 Solidarno\u015bci z Ko\u015bcio\u0142em na Wschodzie. W zwi\u0105zku z powy\u017cszym, dzi\u015b po wszystkich Mszach \u015bw.\u00a0zbi\u00f3rka do puszek z\u00a0przeznaczeniem na ten cel. Roraty w naszym ko\u015bciele codziennie o godz., 18.00, na kt\u00f3re [&hellip;]<\/p>\n","protected":false},"author":4,"featured_media":0,"comment_status":"closed","ping_status":"open","sticky":false,"template":"","format":"standard","meta":[],"categories":[5],"tags":[],"_links":{"self":[{"href":"https:\/\/lezajsk.przemyska.pl\/index.php?rest_route=\/wp\/v2\/posts\/14807"}],"collection":[{"href":"https:\/\/lezajsk.przemyska.pl\/index.php?rest_route=\/wp\/v2\/posts"}],"about":[{"href":"https:\/\/lezajsk.przemyska.pl\/index.php?rest_route=\/wp\/v2\/types\/post"}],"author":[{"embeddable":true,"href":"https:\/\/lezajsk.przemyska.pl\/index.php?rest_route=\/wp\/v2\/users\/4"}],"replies":[{"embeddable":true,"href":"https:\/\/lezajsk.przemyska.pl\/index.php?rest_route=%2Fwp%2Fv2%2Fcomments&post=14807"}],"version-history":[{"count":4,"href":"https:\/\/lezajsk.przemyska.pl\/index.php?rest_route=\/wp\/v2\/posts\/14807\/revisions"}],"predecessor-version":[{"id":14812,"href":"https:\/\/lezajsk.przemyska.pl\/index.php?rest_route=\/wp\/v2\/posts\/14807\/revisions\/14812"}],"wp:attachment":[{"href":"https:\/\/lezajsk.przemyska.pl\/index.php?rest_route=%2Fwp%2Fv2%2Fmedia&parent=14807"}],"wp:term":[{"taxonomy":"category","embeddable":true,"href":"https:\/\/lezajsk.przemyska.pl\/index.php?rest_route=%2Fwp%2Fv2%2Fcategories&post=14807"},{"taxonomy":"post_tag","embeddable":true,"href":"https:\/\/lezajsk.przemyska.pl\/index.php?rest_route=%2Fwp%2Fv2%2Ftags&post=14807"}],"curies":[{"name":"wp","href":"https:\/\/api.w.org\/{rel}","templated":true}]}}