
{"id":148,"date":"2017-02-15T16:31:40","date_gmt":"2017-02-15T15:31:40","guid":{"rendered":"http:\/\/lezajsk.przemyska.pl\/?p=148"},"modified":"2017-02-15T16:32:08","modified_gmt":"2017-02-15T15:32:08","slug":"vi-niedziela-zw-12-02-2017-r","status":"publish","type":"post","link":"https:\/\/lezajsk.przemyska.pl\/?p=148","title":{"rendered":"VI Niedziela zw. (12.02.2017 r.)"},"content":{"rendered":"<ol>\n<li>Dzi\u015b nieszpory niedzielne o godz. 17.30 a po nich Msza \u015bw. wieczorna.<\/li>\n<li>Jutro <strong>13 dnia miesi\u0105ca<\/strong> wszystkich czcicieli MB Fatimskiej, zapraszamy na <strong>nabo\u017ce\u0144stwo i r\u00f3\u017caniec fatimski w ramach nowenny przygotowuj\u0105cej nas do Jubileuszu 100-lecia objawie\u0144.<\/strong> Pocz\u0105tek nabo\u017ce\u0144stwa o godz. 17.30.<\/li>\n<li>We wtorek przypada <strong>\u015bwi\u0119to \u015bwi\u0119tych Cyryla i Metodego<\/strong> \u2013 patron\u00f3w Europy.<\/li>\n<li><strong>Zbi\u00f3rka ministrant\u00f3w<\/strong>, wtorek, godz. 15.30.<\/li>\n<li>Tak\u017ce we wtorek <strong>nowenna do \u015bw. Antoniego<\/strong> i b\u0142ogos\u0142awie\u0144stwo dzieci. Pro\u015bby i\u00a0podzi\u0119kowania mo\u017cna sk\u0142ada\u0107 przy figurze \u015bwi\u0119tego.<\/li>\n<li>W tym tygodniu zapraszamy te\u017c <strong>m\u0142odzie\u017c gimnazjaln\u0105 na kolejne spotkania formacyjne w\u00a0ramach przygotowania do przyj\u0119cia sakramentu bierzmowania<\/strong>. I\u00a0tak klasy I zapraszamy jutro a klasy II we wtorek. Spotkania b\u0119d\u0105 si\u0119 rozpoczyna\u0107 o\u00a0godz. 16.30 w ma\u0142ym ko\u015bciele.<\/li>\n<li>Dzisiejsza <strong>taca mszalna<\/strong> jest przeznaczona na dalsze, planowane w tym roku prace remontowe przy naszej parafii.<\/li>\n<li>W <strong>Siewcy<\/strong> do nabycia prasa i publikacje katolickie. Za\u015b dzieci z m\u0142odszej Oazy Dzieci Bo\u017cych b\u0119d\u0105 dzi\u015b rozprowadza\u0107 <strong>okoliczno\u015bciowe parafialne kubki<\/strong> a\u00a0ca\u0142ych doch\u00f3d z\u00a0ich sprzeda\u017cy zasili ich fundusz wycieczkowy \u2013 serdecznie polecamy.<\/li>\n<li>W najbli\u017csz\u0105 niedziel\u0119 19 lutego, m\u0142odzie\u017c z Zespo\u0142u Szk\u00f3\u0142 Technicznych w Le\u017cajsku zaprasza na <strong>Koncert Karnawa\u0142owy<\/strong> do Franciszka\u0144skiego O\u015brodka Kultury. Pocz\u0105tek, godz. 17.00. Za\u015b spo\u0142eczno\u015b\u0107 szkolna naszego Gimnazjum Miejskiego w Le\u017cajsku zaprasza na <strong>Koncert Szko\u0142a Marze\u0144<\/strong>\u00a0 w Sali MCK-u w poniedzia\u0142ek 20 lutego, godz. 17.00. Szczeg\u00f3\u0142y na tablicy og\u0142osze\u0144.<\/li>\n<\/ol>\n<p><!--more--><\/p>\n<p><strong>Intencje zbiorowe:<\/strong><\/p>\n<ul>\n<li>Za \u015bp. Eugeniusza Mendyka \u2013 intencja od kontrahent\u00f3w z Grodziska \u2013 poniedzia\u0142ek, godz, 7.30, od pracownik\u00f3w sklepu PSS Spo\u0142em nr 10 \u2013 wtorek, godz. 6.30, od za\u0142ogi sklepu PSS Spo\u0142em nr 15 \u2013 czwartek, godz. 18.00, od za\u0142ogi sklepu PSS Spo\u0142em nr 21 \u2013 pi\u0105tek, godz. 6.30 oraz od Firmy Us\u0142ugi Remontowo-Budowlane \u2013 sobota, godz. 18.00.<\/li>\n<li>W intencji nowennowych pr\u00f3\u015bb i podzi\u0119kowa\u0144 do MB Pocieszenia \u2013 \u015broda, godz. 18.00.<\/li>\n<li>Za \u015bp. Mariana Zalota \u2013 intencja od by\u0142ych i obecnych s\u0105siad\u00f3w z klatki ul. Staszica 4 \u2013 \u015broda, czwartek i pi\u0105tek, godz. 18.00.<\/li>\n<li>Za \u015bp. Stefani\u0119 Wa\u0144 \u2013 intencja od Si\u00f3str S\u0142u\u017cebniczek z Krakowa \u2013 czwartek, godz. 6.30 i\u00a0od Si\u00f3str S\u0142u\u017cebniczek z Orzech\u00f3wki \u2013 sobota, godz. 6.30.<\/li>\n<li>Za \u015bp. J\u00f3zefa Buszt\u0119 \u2013 intencja od kole\u017canek i koleg\u00f3w z rocznika matury 1951 \u2013 czwartek, godz. 7.30.<\/li>\n<li>Za \u015bp. Mari\u0119 Majder \u2013 intencja od koleg\u00f3w i kole\u017canek syna Artura z MOSIR Le\u017cajsk \u2013 sobota, godz. 7.30.<\/li>\n<li>Za \u015bp. Halin\u0119 i Bronis\u0142awa Antczak \u2013 intencja od nauczycieli i pracownik\u00f3w SP nr 4 w\u00a0Le\u017cajsku \u2013 niedziela, godz. 16.00.<\/li>\n<\/ul>\n<p>&nbsp;<\/p>\n<p>W ostatnim tygodniu odeszli od nas do wieczno\u015bci <strong>\u015bp. Maria Krawczyk i \u0141ukasz Babiarz<\/strong> z\u00a0ul. Mickiewicza \u2013 wieczny odpoczynek \u2026..<\/p>\n","protected":false},"excerpt":{"rendered":"<p>Dzi\u015b nieszpory niedzielne o godz. 17.30 a po nich Msza \u015bw. wieczorna. Jutro 13 dnia miesi\u0105ca wszystkich czcicieli MB Fatimskiej, zapraszamy na nabo\u017ce\u0144stwo i r\u00f3\u017caniec fatimski w ramach nowenny przygotowuj\u0105cej nas do Jubileuszu 100-lecia objawie\u0144. Pocz\u0105tek nabo\u017ce\u0144stwa o godz. 17.30. We wtorek przypada \u015bwi\u0119to \u015bwi\u0119tych Cyryla i Metodego \u2013 patron\u00f3w Europy. Zbi\u00f3rka ministrant\u00f3w, wtorek, godz. [&hellip;]<\/p>\n","protected":false},"author":1,"featured_media":0,"comment_status":"closed","ping_status":"open","sticky":false,"template":"","format":"standard","meta":[],"categories":[5],"tags":[],"_links":{"self":[{"href":"https:\/\/lezajsk.przemyska.pl\/index.php?rest_route=\/wp\/v2\/posts\/148"}],"collection":[{"href":"https:\/\/lezajsk.przemyska.pl\/index.php?rest_route=\/wp\/v2\/posts"}],"about":[{"href":"https:\/\/lezajsk.przemyska.pl\/index.php?rest_route=\/wp\/v2\/types\/post"}],"author":[{"embeddable":true,"href":"https:\/\/lezajsk.przemyska.pl\/index.php?rest_route=\/wp\/v2\/users\/1"}],"replies":[{"embeddable":true,"href":"https:\/\/lezajsk.przemyska.pl\/index.php?rest_route=%2Fwp%2Fv2%2Fcomments&post=148"}],"version-history":[{"count":2,"href":"https:\/\/lezajsk.przemyska.pl\/index.php?rest_route=\/wp\/v2\/posts\/148\/revisions"}],"predecessor-version":[{"id":150,"href":"https:\/\/lezajsk.przemyska.pl\/index.php?rest_route=\/wp\/v2\/posts\/148\/revisions\/150"}],"wp:attachment":[{"href":"https:\/\/lezajsk.przemyska.pl\/index.php?rest_route=%2Fwp%2Fv2%2Fmedia&parent=148"}],"wp:term":[{"taxonomy":"category","embeddable":true,"href":"https:\/\/lezajsk.przemyska.pl\/index.php?rest_route=%2Fwp%2Fv2%2Fcategories&post=148"},{"taxonomy":"post_tag","embeddable":true,"href":"https:\/\/lezajsk.przemyska.pl\/index.php?rest_route=%2Fwp%2Fv2%2Ftags&post=148"}],"curies":[{"name":"wp","href":"https:\/\/api.w.org\/{rel}","templated":true}]}}