
{"id":14775,"date":"2022-11-26T19:21:27","date_gmt":"2022-11-26T18:21:27","guid":{"rendered":"https:\/\/lezajsk.przemyska.pl\/?p=14775"},"modified":"2022-11-26T19:21:27","modified_gmt":"2022-11-26T18:21:27","slug":"i-niedziela-adwentu-27-11-2022-r","status":"publish","type":"post","link":"https:\/\/lezajsk.przemyska.pl\/?p=14775","title":{"rendered":"I Niedziela Adwentu &#8211; 27.11.2022 r."},"content":{"rendered":"<ol>\n<li>Dzi\u015b rozpoczynamy <strong>Adwent<\/strong>, czas radosnego i pobo\u017cnego oczekiwania na przyj\u015bcie Pana, b\u0119d\u0105cy r\u00f3wnocze\u015bnie pocz\u0105tkiem <strong>nowego rok liturgicznego, kt\u00f3remu b\u0119dzie towarzyszy\u0107 has\u0142o \u201eWierz\u0119 w Ko\u015bci\u00f3\u0142 Chrystusowy\u201d<\/strong>.<\/li>\n<li>Tak\u017ce dzi\u015b o godz. 17.30 nabo\u017ce\u0144stwo eucharystyczne z <strong>Koronk\u0105 do Bo\u017cego Mi\u0142osierdzia<\/strong> a po nim Msza \u015bw. wieczorna. B\u0119dziemy modli\u0107 si\u0119 o dobre prze\u017cycie czasu Adwentu.<\/li>\n<li><strong>Roraty<\/strong> w naszym ko\u015bciele <strong>codziennie<\/strong> <strong>o godz. 18.00<\/strong>. Zach\u0119camy wszystkich a\u00a0szczeg\u00f3lnie dzieci i m\u0142odzie\u017c do jak najliczniejszego udzia\u0142u. <em>(Dzieci przynosz\u0105 ze sob\u0105 lampiony ale tylko elektryczne).<\/em><\/li>\n<li><strong>Jutro 28 listopada<\/strong> w czasie wieczornej Mszy \u015bw. godz. 18.00,<strong> zostan\u0105 po\u015bwi\u0119cone op\u0142atki wigilijne,<\/strong> kt\u00f3re w najbli\u017cszych dniach b\u0119d\u0105 roznoszone do wszystkich rodzin w\u00a0naszej parafii. W\u00a0zwi\u0105zku z powy\u017cszym, jutro po Mszy \u015bw. wieczorniej, zapraszamy na spotkanie wszystkich cz\u0142onk\u00f3w Rady Duszpasterskiej, przedstawicieli grup modlitewnych i\u00a0apostolskich oraz tych, kt\u00f3rzy s\u0142u\u017cyli swoj\u0105 pomoc\u0105 przy roznoszeniu op\u0142atk\u00f3w w\u00a0minionych latach lub chc\u0105 w\u0142\u0105czy\u0107 si\u0119 w to dzie\u0142o w\u00a0roku bie\u017c\u0105cym. Wszystkich za\u015b parafian prosimy o \u017cyczliwe przyj\u0119cie op\u0142atk\u00f3w, a\u00a0z\u0142o\u017cone z tej okazji ofiary zasil\u0105 fundusz remontowy naszej parafii.<\/li>\n<li>We wtorek wieczorem rozpoczynamy <strong>nowenn\u0119 przed<\/strong> <strong>Uroczysto\u015bci\u0105 Niepokalanego Pocz\u0119cia<\/strong> o\u00a0godz. 17.30 a\u00a0po niej Msza \u015bw. wieczorna. Wyj\u0105tkiem b\u0119dzie sobota.<\/li>\n<li>W \u015brod\u0119 po Mszy \u015bw. o godz.18.00 zapraszamy na spotkanie cz\u0142onk\u00f3w <strong>Dzie\u0142a Pomocy Powo\u0142aniom<\/strong>, szczeg\u00f3lnie rodzic\u00f3w kap\u0142an\u00f3w i si\u00f3str zakonnych a tak\u017ce tych wszystkich, kt\u00f3rzy pragn\u0105 podj\u0105\u0107 modlitw\u0119 za osoby\u00a0 trwaj\u0105ce ju\u017c w powo\u0142aniu oraz wyprasza\u0107 nowe, \u015bwi\u0119te powo\u0142ania do s\u0142u\u017cby w Ko\u015bciele.<\/li>\n<li>W tym tygodniu przypada <strong>I czwartek, pi\u0105tek i I sobota miesi\u0105ca.<\/strong> Spowied\u017a w pi\u0105tek od godz. 17.00. Wieczorem adoracja Naj\u015bwi\u0119tszego Sakramentu zar\u00f3wno w czwartek jak i\u00a0w\u00a0pi\u0105tek do godz. 20.00.<\/li>\n<li>W pi\u0105tek <strong>odwiedziny chorych w\u00a0domach z\u00a0Komuni\u0105 \u015bw. <\/strong>od godz. 9.00.<\/li>\n<li>W sobot\u0119 przypada <strong>I sobota miesi\u0105ca<\/strong>. Z tej okazji wszystkich czcicieli Matki Bo\u017cej, zapraszamy na <strong>nabo\u017ce\u0144stwo I soboty<\/strong>, <strong>wynagradzaj\u0105ce Niepokalanemu Sercu NMP<\/strong>, po\u0142\u0105czone z Nowenn\u0105 przed Niepokalanym Pocz\u0119ciem i\u00a0modlitw\u0105 r\u00f3\u017ca\u0144cow\u0105, rozpocznie si\u0119 ono o <strong> 17.00<\/strong>.<\/li>\n<li>Za tydzie\u0144 taca mszalna b\u0119dzie przeznaczona na <strong>Seminarium Duchowne w Przemy\u015blu<\/strong> a\u00a0przed ko\u015bcio\u0142em zbi\u00f3rka do puszek z przeznaczeniem na <strong>\u201ePomoc Ko\u015bcio\u0142owi na Wschodzie\u201d. <\/strong>O przeprowadzenie tej\u017ce zbi\u00f3rki prosimy Bractwo szkaplerza \u015awi\u0119tego.<\/li>\n<li><strong>W Siewcy<\/strong> przed po\u0142udniem do nabycia <strong>prasa i publikacje katolickie. <\/strong>S\u0105 tam te\u017c <strong>kalendarze<\/strong> na przysz\u0142y rok w tym <strong>Kalendarz Rolnik\u00f3w<\/strong> i<strong> Ewangelie z rozwa\u017caniami na ka\u017cdy dzie\u0144 2023 r.<\/strong><\/li>\n<li>Za tydzie\u0144 przed ko\u015bcio\u0142em b\u0119dzie mo\u017cna naby\u0107 wyj\u0105tkowy <strong>r\u00f3\u017caniec dedykowany naszej parafii<\/strong>. Na awersie \u0142\u0105cznika jest obraz MB Pocieszenia czczony w\u00a0naszym ko\u015bciele a na rewersie logo i\u00a0nazwa naszej parafii. A wszystko to w ciekawym woreczku. Cena 25 z\u0142. Serdecznie polecamy.<\/li>\n<li><strong>Caritas Archidiecezji Przemyskiej &#8211; Oddzia\u0142 Le\u017cajsk<\/strong>, organizuje <strong>zbi\u00f3rk\u0119 \u017cywno\u015bci<\/strong> w ramach akcji <strong>TAK POMAGAM<\/strong> w sklepach na teranie Le\u017cajska w dniach 2 i 3 grudnia (pi\u0105tek i sobota). Zebrana \u017cywno\u015b\u0107 zostanie wykorzystana do przygotowywania posi\u0142k\u00f3w w o\u015brodkach Caritas oraz dla os\u00f3b potrzebuj\u0105cych.<\/li>\n<\/ol>\n<p><strong><u>Intencje zbiorowe: <\/u><\/strong><\/p>\n<ul>\n<li>Za \u015bp. Danut\u0119 Bu\u015b \u2013 intencja od kole\u017canek z apteki przy ul. Mickiewicza 57 \u2013 poniedzia\u0142ek, godz. 18.00.<\/li>\n<li>W intencji Ko\u015bcio\u0142a, Ojczyzny, parafii i naszych rodzin za przyczyn\u0105 \u015awi\u0119tego Micha\u0142a Archanio\u0142a \u2013 wtorek, godz. 6.30.<\/li>\n<li>W intencji nowennowych pr\u00f3\u015bb i podzi\u0119kowa\u0144 do MB \u2013 \u015broda, godz. 18.00.<\/li>\n<li>Msze \u015bw. gregoria\u0144skie za \u015bp. Stanis\u0142aw\u0119 D\u0105bek, pocz\u0105tek \u2013 czwartek, godz. 6.30.<\/li>\n<li>Za kap\u0142an\u00f3w i o nowe \u015bwi\u0119te powo\u0142ania kap\u0142a\u0144skie i zakonne \u2013 intencja od Stra\u017cy Honorowej NSPJ \u2013 czwartek, godz. 18.00.<\/li>\n<li>Z intencji Stra\u017cy Honorowej NSPJ \u2013 pi\u0105tek, godz. 18.00.<\/li>\n<li>Wynagradzaj\u0105ca Niepokalanemu Sercu NMP \u2013 intencja od Bractwa Szkaplerza \u015bw. i R\u00f3\u017c R\u00f3\u017ca\u0144cowych \u2013 sobota, godz. 18.00.<\/li>\n<li>Za \u015bp. Helen\u0119 Chmura \u2013 intencja od s\u0105siad\u00f3w z II pietra \u2013 niedziela, godz. 7.00.<\/li>\n<li>Z R\u00f3\u017cy \u015bw. Barbary \u2013 niedziela, godz. 8.30.<\/li>\n<\/ul>\n<p>W ostatnim tygodniu odeszli od nas do wieczno\u015bci <strong>\u015bp. Zofia Go\u017adziewska <\/strong>z ul. \u015aw. Kr\u00f3lowej Jadwigi,<strong> El\u017cbieta Markowska<\/strong> z ul. Kopernika i <strong>Tadeusz Pela <\/strong>z ul. Podzwierzyniec \u2013 wieczny odpoczynek \u2026..<\/p>\n","protected":false},"excerpt":{"rendered":"<p>Dzi\u015b rozpoczynamy Adwent, czas radosnego i pobo\u017cnego oczekiwania na przyj\u015bcie Pana, b\u0119d\u0105cy r\u00f3wnocze\u015bnie pocz\u0105tkiem nowego rok liturgicznego, kt\u00f3remu b\u0119dzie towarzyszy\u0107 has\u0142o \u201eWierz\u0119 w Ko\u015bci\u00f3\u0142 Chrystusowy\u201d. Tak\u017ce dzi\u015b o godz. 17.30 nabo\u017ce\u0144stwo eucharystyczne z Koronk\u0105 do Bo\u017cego Mi\u0142osierdzia a po nim Msza \u015bw. wieczorna. B\u0119dziemy modli\u0107 si\u0119 o dobre prze\u017cycie czasu Adwentu. Roraty w naszym ko\u015bciele [&hellip;]<\/p>\n","protected":false},"author":4,"featured_media":0,"comment_status":"closed","ping_status":"open","sticky":false,"template":"","format":"standard","meta":[],"categories":[5],"tags":[],"_links":{"self":[{"href":"https:\/\/lezajsk.przemyska.pl\/index.php?rest_route=\/wp\/v2\/posts\/14775"}],"collection":[{"href":"https:\/\/lezajsk.przemyska.pl\/index.php?rest_route=\/wp\/v2\/posts"}],"about":[{"href":"https:\/\/lezajsk.przemyska.pl\/index.php?rest_route=\/wp\/v2\/types\/post"}],"author":[{"embeddable":true,"href":"https:\/\/lezajsk.przemyska.pl\/index.php?rest_route=\/wp\/v2\/users\/4"}],"replies":[{"embeddable":true,"href":"https:\/\/lezajsk.przemyska.pl\/index.php?rest_route=%2Fwp%2Fv2%2Fcomments&post=14775"}],"version-history":[{"count":1,"href":"https:\/\/lezajsk.przemyska.pl\/index.php?rest_route=\/wp\/v2\/posts\/14775\/revisions"}],"predecessor-version":[{"id":14776,"href":"https:\/\/lezajsk.przemyska.pl\/index.php?rest_route=\/wp\/v2\/posts\/14775\/revisions\/14776"}],"wp:attachment":[{"href":"https:\/\/lezajsk.przemyska.pl\/index.php?rest_route=%2Fwp%2Fv2%2Fmedia&parent=14775"}],"wp:term":[{"taxonomy":"category","embeddable":true,"href":"https:\/\/lezajsk.przemyska.pl\/index.php?rest_route=%2Fwp%2Fv2%2Fcategories&post=14775"},{"taxonomy":"post_tag","embeddable":true,"href":"https:\/\/lezajsk.przemyska.pl\/index.php?rest_route=%2Fwp%2Fv2%2Ftags&post=14775"}],"curies":[{"name":"wp","href":"https:\/\/api.w.org\/{rel}","templated":true}]}}