
{"id":14741,"date":"2022-11-19T22:55:44","date_gmt":"2022-11-19T21:55:44","guid":{"rendered":"https:\/\/lezajsk.przemyska.pl\/?p=14741"},"modified":"2022-11-20T10:33:56","modified_gmt":"2022-11-20T09:33:56","slug":"uroczystosc-chrystusa-krola-20-11-2022-r","status":"publish","type":"post","link":"https:\/\/lezajsk.przemyska.pl\/?p=14741","title":{"rendered":"Uroczysto\u015b\u0107 Chrystusa Kr\u00f3la &#8211; 20.11.2022 r."},"content":{"rendered":"<ol>\n<li>Dzi\u0119kujemy za obecno\u015b\u0107 w naszej parafii <strong>Siostrom Pallotynkom<\/strong> a <strong> Gra\u017cynie<\/strong> za \u017cywe \u015bwiadectwo pracy na misjach w Kamerunie i nie tylko. R\u00f3wnocze\u015bnie przypominamy, i\u017c dzi\u015b po ka\u017cdej Mszy \u015bw. mamy okazj\u0119 do z\u0142o\u017cenia <strong>ofiary do puszek przed ko\u015bcio\u0142em na budow\u0119 przedszkola w Kamerunie<\/strong>.<\/li>\n<li>Dzi\u015b <strong>ostatnia niedziela roku liturgicznego obchodzona jako Uroczysto\u015b\u0107 Chrystusa Kr\u00f3la.<\/strong> Z tej okazji po Mszy \u015bw. o godz. 11.30 <strong>okoliczno\u015bciowe nabo\u017ce\u0144stwo przed Naj\u015bwi\u0119tszym Sakramentem <\/strong>i\u00a0akt po\u015bwi\u0119cenia rodzaju ludzkiego <strong>Naj\u015bwi\u0119tszemu Sercu Jezusowemu<\/strong>. Za udzia\u0142 w tym nabo\u017ce\u0144stwie mo\u017cna zyska\u0107 <strong>odpust zupe\u0142ny<\/strong> pod zwyk\u0142ymi warunkami. Pami\u0119tajmy tak\u017ce, \u017ce 22 lat temu jako mieszka\u0144cy Miasta Le\u017cajska i Ziemi Le\u017cajskiej dokonali\u015bmy intronizacji Chrystusa Kr\u00f3la i\u00a0zawierzyli\u015bmy Chrystusowi Kr\u00f3lowi nasze losy. Niech ta \u015bwiadomo\u015b\u0107 ci\u0105gle mobilizuje, umacnia wiar\u0119 i kszta\u0142tuje nasze postawy na co dzie\u0144.<\/li>\n<li>Przypominamy, \u017ce dzi\u015b bezpo\u015brednio po Mszy \u015bw. o godz. 16.00 w\u00a0naszej Farze, odb\u0119dzie si\u0119 <strong>koncert patriotyczny pt. \u201eRado\u015bni z\u00a0wolno\u015bci, dumni z polsko\u015bci\u201d<\/strong>, kt\u00f3rego organizatorem jest Muzeum Ziemi Le\u017cajskiej. Serdecznie zapraszamy.<\/li>\n<li>Dzi\u015b, wyj\u0105tkowo ze wzgl\u0119du na koncert patriotyczny nie b\u0119dzie wypominek o godz. 17.30 za\u015b w tygodniu, codziennie do soboty w\u0142\u0105cznie, <strong>r\u00f3\u017caniec za zmar\u0142ych<\/strong> polecanych w\u00a0wypominkach o\u00a0godz. 17.30 a\u00a0po nim Msza \u015bw.<\/li>\n<li>Jutro <strong>dzie\u0144 imienin naszego wikariusza<\/strong> <strong> Janusza Borka<\/strong>. Z tej okazji pami\u0119tajmy o\u00a0nim w naszych modlitwach.<\/li>\n<li>We wtorek 22 listopada, <strong>Duszpasterstwo Nauczycieli<\/strong> przy naszej parafii zaprasza na wypominki w intencji zmar\u0142ych dyrektor\u00f3w, nauczycieli i wychowawc\u00f3w. Pocz\u0105tek godz. 17.30 a po Mszy \u015bw. spotkanie duszpasterstwa nauczycieli na plebani.<\/li>\n<li>Od przysz\u0142ej niedzieli rozpoczynamy <strong>Adwent<\/strong> \u2013 czas radosnego ale i pobo\u017cnego oczekiwania na przyj\u015bcie Jezusa Chrystusa.<\/li>\n<li>S\u0105 jeszcze wolne miejsca na <strong>pielgrzymk\u0119 do Sanktuarium MB w Wielkich Oczach<\/strong> w\u00a0sobot\u0119 26 listopada. Serdecznie zapraszamy a zapisy w zakrystii.<\/li>\n<li><strong>W Siewcy<\/strong> przed po\u0142udniem do nabycia <strong>prasa i publikacje katolickie. <\/strong>S\u0105 tam te\u017c <strong>kalendarze<\/strong> na przysz\u0142y rok i<strong> Ewangelie z rozwa\u017caniami na ka\u017cdy dzie\u0144 2023 r.<\/strong> Z\u00a0r\u0105k ministrant\u00f3w mo\u017cna odebra\u0107 darmowy, kolejny numer <strong>Dobrych Nowin<\/strong>. Serdecznie polecamy.<\/li>\n<li><strong>Urz\u0105d Pracy w Le\u017cajsku<\/strong> informuje, i\u017c posiada \u015brodki na przyznanie tzw. \u201eBonu na zasiedlenie\u201d dla os\u00f3b bezrobotnych do 30 roku \u017cycia. Szczeg\u00f3\u0142y na tablicy og\u0142osze\u0144.<\/li>\n<\/ol>\n<p><strong><u>Intencje zbiorowe: <\/u><\/strong><\/p>\n<ul>\n<li>Z intencji Bractwa Szkaplerza \u015awi\u0119tego \u2013 \u00a0poniedzia\u0142ek, godz. 18.00.<\/li>\n<li>W intencji Ko\u015bcio\u0142a, Ojczyzny, parafii i naszych rodzin za przyczyn\u0105 \u015awi\u0119tego Micha\u0142a Archanio\u0142a \u2013 wtorek, godz. 6.30.<\/li>\n<li>W intencji nowennowych pr\u00f3\u015bb i podzi\u0119kowa\u0144 do MB Pocieszenia \u2013 \u015broda, godz. 18.00.<\/li>\n<li>Za zmar\u0142ych z R\u00f3\u017cy \u015bw. Kingi \u2013 czwartek, godz. 18.00.<\/li>\n<li>Za \u015bp. Helen\u0119 Chmura \u2013 intencja od ss. Kanoniczek Ducha \u015awi\u0119tego i mieszkanek Domu Opieki Ojca Gwidona w Le\u017cajsku \u2013 sobota, godz. 6.30.<\/li>\n<li>Z R\u00f3\u017cy \u015bw. Heleny \u2013 niedziela, godz. 16.00.<\/li>\n<\/ul>\n<p>W ostatnim tygodniu odesz\u0142y od nas do wieczno\u015bci <strong>\u015bp. Maria Bielecka<\/strong> z\u00a0ul. Mickiewicza i\u00a0<strong>Janina Augustyn<\/strong> z ul. Ko\u0142\u0142\u0105taja \u2013 wieczny odpoczynek&#8230;<\/p>\n","protected":false},"excerpt":{"rendered":"<p>Dzi\u0119kujemy za obecno\u015b\u0107 w naszej parafii Siostrom Pallotynkom a Gra\u017cynie za \u017cywe \u015bwiadectwo pracy na misjach w Kamerunie i nie tylko. R\u00f3wnocze\u015bnie przypominamy, i\u017c dzi\u015b po ka\u017cdej Mszy \u015bw. mamy okazj\u0119 do z\u0142o\u017cenia ofiary do puszek przed ko\u015bcio\u0142em na budow\u0119 przedszkola w Kamerunie. Dzi\u015b ostatnia niedziela roku liturgicznego obchodzona jako Uroczysto\u015b\u0107 Chrystusa Kr\u00f3la. Z tej [&hellip;]<\/p>\n","protected":false},"author":4,"featured_media":0,"comment_status":"closed","ping_status":"open","sticky":false,"template":"","format":"standard","meta":[],"categories":[5],"tags":[],"_links":{"self":[{"href":"https:\/\/lezajsk.przemyska.pl\/index.php?rest_route=\/wp\/v2\/posts\/14741"}],"collection":[{"href":"https:\/\/lezajsk.przemyska.pl\/index.php?rest_route=\/wp\/v2\/posts"}],"about":[{"href":"https:\/\/lezajsk.przemyska.pl\/index.php?rest_route=\/wp\/v2\/types\/post"}],"author":[{"embeddable":true,"href":"https:\/\/lezajsk.przemyska.pl\/index.php?rest_route=\/wp\/v2\/users\/4"}],"replies":[{"embeddable":true,"href":"https:\/\/lezajsk.przemyska.pl\/index.php?rest_route=%2Fwp%2Fv2%2Fcomments&post=14741"}],"version-history":[{"count":3,"href":"https:\/\/lezajsk.przemyska.pl\/index.php?rest_route=\/wp\/v2\/posts\/14741\/revisions"}],"predecessor-version":[{"id":14744,"href":"https:\/\/lezajsk.przemyska.pl\/index.php?rest_route=\/wp\/v2\/posts\/14741\/revisions\/14744"}],"wp:attachment":[{"href":"https:\/\/lezajsk.przemyska.pl\/index.php?rest_route=%2Fwp%2Fv2%2Fmedia&parent=14741"}],"wp:term":[{"taxonomy":"category","embeddable":true,"href":"https:\/\/lezajsk.przemyska.pl\/index.php?rest_route=%2Fwp%2Fv2%2Fcategories&post=14741"},{"taxonomy":"post_tag","embeddable":true,"href":"https:\/\/lezajsk.przemyska.pl\/index.php?rest_route=%2Fwp%2Fv2%2Ftags&post=14741"}],"curies":[{"name":"wp","href":"https:\/\/api.w.org\/{rel}","templated":true}]}}