
{"id":14701,"date":"2022-11-12T23:12:45","date_gmt":"2022-11-12T22:12:45","guid":{"rendered":"https:\/\/lezajsk.przemyska.pl\/?p=14701"},"modified":"2022-11-12T23:12:45","modified_gmt":"2022-11-12T22:12:45","slug":"xxxiii-niedziela-zwykla-13-11-2022-r","status":"publish","type":"post","link":"https:\/\/lezajsk.przemyska.pl\/?p=14701","title":{"rendered":"XXXIII Niedziela zwyk\u0142a &#8211; 13.11.2022 r."},"content":{"rendered":"<ol>\n<li>Wraz z ca\u0142ym Ko\u015bcio\u0142em w Polsce obchodzimy dzi\u015b <strong>XIV Dzie\u0144 Solidarno\u015bci z\u00a0Ko\u015bcio\u0142em Prze\u015bladowanym<\/strong>. Tym razem jego has\u0142em jest; <strong>\u201eUkraina \u2013 Uleczy\u0107 t\u0119sknot\u0119\u201d<\/strong>. Jak przy\u0142\u0105czy\u0107 si\u0119 do tej akcji, mo\u017cemy dowiedzie\u0107 si\u0119 z plakatu, kt\u00f3ry jest w gablocie lub z ulotek wy\u0142o\u017conych na o\u0142tarzach.<\/li>\n<li>Dzi\u015b i w tygodniu <strong>r\u00f3\u017caniec za zmar\u0142ych polecanych w wypominkach<\/strong> o\u00a0godz. 17.30 a\u00a0po nim Msza \u015bw.<\/li>\n<li>Tak\u017ce dzi\u015b po ka\u017cdej Mszy \u015bw. mamy mo\u017cliwo\u015b\u0107 uczczenia relikwii <strong>b\u0142. Anieli Salawy<\/strong>. Relikwie te dotar\u0142y do nas w czwartek staraniem Si\u00f3str z R\u00f3\u017cy b\u0142. Anieli Salawy za co bardzo dzi\u0119kujemy. Ponadto jutro nasz\u0105 parafi\u0119 nawiedz\u0105 relikwie <strong>b\u0142. Carlo Acutisa<\/strong>. Powitanie relikwii w czasie Mszy \u015bw. jutro rano o godz. 7.00 a po\u017cegnanie w czasie Mszy \u015bw. o godz. 18.00 i Wieczoru Uwielbienia. Szczeg\u00f3\u0142owy program jutrzejszego nawiedzenia jest na naszej stronie parafialnej i na plakatach.<\/li>\n<li>W zwi\u0105zku z nawiedzeniem naszej parafii przez relikwie <strong>b\u0142. Carlo Acutisa<\/strong>, jutro na Msz\u0119 \u015bw. o godz. 18.00, kt\u00f3rej b\u0119dzie przewodniczy\u0142 <strong>abp J\u00f3zef Michalik<\/strong>, zapraszamy <strong>m\u0142odzie\u017c z klas VI, VII i VIII ze SP<\/strong>. Dla klas VI i VII po Mszy \u015bw. modlitewne czuwanie w ramach formacji przed przyj\u0119ciem sakramentu bierzmowania.<\/li>\n<li>We wtorek po Mszy \u015bw. wieczornej <strong>spotkanie Akcji Katolickiej<\/strong>. Wszystkich cz\u0142onk\u00f3w Akcji Katolickiej serdecznie zapraszamy.<\/li>\n<li>Tak\u017ce we wtorek <strong>nowenna do \u015aw. J\u00f3zefa \u2013 Oblubie\u0144ca NMP<\/strong>. Podzi\u0119kowania i\u00a0pro\u015bby mo\u017cna sk\u0142ada\u0107 bezpo\u015brednio przed nabo\u017ce\u0144stwem na o\u0142tarzu Matki Bo\u017cej.<\/li>\n<li>W czwartek na Msz\u0119 \u015bw. o godz. 18.00 i spotkanie zapraszamy <strong>rodzic\u00f3w dzieci z klas III<\/strong>, przygotowuj\u0105cych si\u0119 do przyj\u0119cia I Komunii \u015bw.<\/li>\n<li>W sobot\u0119 26 listopada zapraszamy na <strong>pielgrzymk\u0119 Bractwa Szkaplerza \u015awi\u0119tego do Sanktuarium w Wielkich Oczach<\/strong>. Mog\u0105 w niej wzi\u0105\u0107 udzia\u0142 r\u00f3wnie\u017c osoby spoza bractwa. Wyjazd o godz. 8.00 w sobot\u0119 powr\u00f3t oko\u0142o 17.00. Zapisy w zakrystii do przysz\u0142ej niedzieli.<\/li>\n<li>Za tydzie\u0144, w niedziel\u0119 <strong>Uroczysto\u015b\u0107 Jezusa Chrystusa Kr\u00f3la Wszech\u015bwiata<\/strong>. Jest to r\u00f3wnocze\u015bnie ostatnia niedziela roku liturgicznego przed Adwentem.<\/li>\n<li><strong>Dzisiejsza taca mszalna<\/strong> jest przeznaczona na trwaj\u0105ce prace remontowe przy dachu nasze Fary. Za wszystkie z\u0142o\u017cone nie tylko dzi\u015b ofiary, sk\u0142adamy serdeczne B\u00f3g zap\u0142a\u0107.<\/li>\n<li><strong>W najbli\u017csz\u0105 niedziel\u0119 20 listopada<\/strong>, b\u0119dziemy go\u015bci\u0107 w naszej parafii <strong>Siostry Pallotynki z Warszawy<\/strong>, kt\u00f3re nie tylko skieruj\u0105 do nas s\u0142owo ale te\u017c b\u0119d\u0105 prosi\u0107 o\u00a0wsparcie budowy przedszkola na misjach w Kamerunie. Dlatego po wszystkich Mszach \u015bwi\u0119tych, b\u0119dzie mo\u017cliwo\u015b\u0107 z\u0142o\u017cenia <strong>ofiary na ten cel do puszek przed ko\u015bcio\u0142em<\/strong>.<\/li>\n<li>Tak\u017ce za tydzie\u0144, po Mszy \u015bw. o godz. 16.00 w\u00a0naszej Farze, <strong>koncert patriotyczny pt. \u201eRado\u015bni z\u00a0wolno\u015bci, dumni z polsko\u015bci\u201d<\/strong>, kt\u00f3rego organizatorem jest Muzeum Ziemi Le\u017cajskiej. Serdecznie zapraszamy a szczeg\u00f3\u0142y na plakacie.<\/li>\n<li><strong>W Siewcy<\/strong> do nabycia prasa i publikacje katolickie.<\/li>\n<\/ol>\n<p><strong><u>Intencje zbiorowe: <\/u><\/strong><\/p>\n<ul>\n<li>Z intencji Bractwa Szkaplerza \u015awi\u0119tego \u2013 poniedzia\u0142ek i \u015broda, godz. 18.00.<\/li>\n<li>W intencji Ko\u015bcio\u0142a, Ojczyzny, parafii i naszych rodzin za przyczyn\u0105 \u015awi\u0119tego Micha\u0142a Archanio\u0142a \u2013 wtorek, godz. 6.30.<\/li>\n<li>Za \u015bp. Tadeusza Soch\u0119 \u2013 intencja od s\u0105siad\u00f3w z klatki bloku przy ul. Kopernika 5 \u2013 \u015broda, godz. 6.30.<\/li>\n<li>W intencji nowennowych pr\u00f3\u015bb i podzi\u0119kowa\u0144 do MB Pocieszenia \u2013 \u015broda, godz. 18.00.<\/li>\n<li>Za zmar\u0142ych z R\u00f3\u017cy \u015bw. Sebastiana \u2013 czwartek, godz. 18.00.<\/li>\n<li>Za zmar\u0142ych z R\u00f3\u017cy \u015bw. J\u00f3zefa \u2013 pi\u0105tek, godz. 18.00.<\/li>\n<li>Za zmar\u0142ych polecanych w wypominkach \u2013 niedziela, godz. 8.30.<\/li>\n<li>Z intencji Stra\u017cy Honorowej NSPJ \u2013 niedziela, godz. 10.00.<\/li>\n<li>W intencji Parafialnego Oddzia\u0142u Akcji Katolickiej \u2013 niedziela, godz. 11.30.<\/li>\n<\/ul>\n<p>W ostatnim tygodniu odeszli od nas do wieczno\u015bci <strong>\u015bp. J\u00f3zef Kiper <\/strong>z\u00a0ul. Podzwierzyniec, <strong>Izydora Lemiech<\/strong> z ul. Spokojnej, <strong>Tadeusz Majder<\/strong> z ul. Staszica i <strong>El\u017cbieta Mieleszko<\/strong> z\u00a0ul. Braci \u015aniadeckich \u00a0\u2013 wieczny odpoczynek \u2026..<\/p>\n","protected":false},"excerpt":{"rendered":"<p>Wraz z ca\u0142ym Ko\u015bcio\u0142em w Polsce obchodzimy dzi\u015b XIV Dzie\u0144 Solidarno\u015bci z\u00a0Ko\u015bcio\u0142em Prze\u015bladowanym. Tym razem jego has\u0142em jest; \u201eUkraina \u2013 Uleczy\u0107 t\u0119sknot\u0119\u201d. Jak przy\u0142\u0105czy\u0107 si\u0119 do tej akcji, mo\u017cemy dowiedzie\u0107 si\u0119 z plakatu, kt\u00f3ry jest w gablocie lub z ulotek wy\u0142o\u017conych na o\u0142tarzach. Dzi\u015b i w tygodniu r\u00f3\u017caniec za zmar\u0142ych polecanych w wypominkach o\u00a0godz. 17.30 [&hellip;]<\/p>\n","protected":false},"author":4,"featured_media":0,"comment_status":"closed","ping_status":"open","sticky":false,"template":"","format":"standard","meta":[],"categories":[5],"tags":[],"_links":{"self":[{"href":"https:\/\/lezajsk.przemyska.pl\/index.php?rest_route=\/wp\/v2\/posts\/14701"}],"collection":[{"href":"https:\/\/lezajsk.przemyska.pl\/index.php?rest_route=\/wp\/v2\/posts"}],"about":[{"href":"https:\/\/lezajsk.przemyska.pl\/index.php?rest_route=\/wp\/v2\/types\/post"}],"author":[{"embeddable":true,"href":"https:\/\/lezajsk.przemyska.pl\/index.php?rest_route=\/wp\/v2\/users\/4"}],"replies":[{"embeddable":true,"href":"https:\/\/lezajsk.przemyska.pl\/index.php?rest_route=%2Fwp%2Fv2%2Fcomments&post=14701"}],"version-history":[{"count":1,"href":"https:\/\/lezajsk.przemyska.pl\/index.php?rest_route=\/wp\/v2\/posts\/14701\/revisions"}],"predecessor-version":[{"id":14702,"href":"https:\/\/lezajsk.przemyska.pl\/index.php?rest_route=\/wp\/v2\/posts\/14701\/revisions\/14702"}],"wp:attachment":[{"href":"https:\/\/lezajsk.przemyska.pl\/index.php?rest_route=%2Fwp%2Fv2%2Fmedia&parent=14701"}],"wp:term":[{"taxonomy":"category","embeddable":true,"href":"https:\/\/lezajsk.przemyska.pl\/index.php?rest_route=%2Fwp%2Fv2%2Fcategories&post=14701"},{"taxonomy":"post_tag","embeddable":true,"href":"https:\/\/lezajsk.przemyska.pl\/index.php?rest_route=%2Fwp%2Fv2%2Ftags&post=14701"}],"curies":[{"name":"wp","href":"https:\/\/api.w.org\/{rel}","templated":true}]}}