
{"id":14690,"date":"2022-11-05T19:58:21","date_gmt":"2022-11-05T18:58:21","guid":{"rendered":"https:\/\/lezajsk.przemyska.pl\/?p=14690"},"modified":"2022-11-06T15:25:37","modified_gmt":"2022-11-06T14:25:37","slug":"xxxii-niedziela-zwykla-06-11-2022-r","status":"publish","type":"post","link":"https:\/\/lezajsk.przemyska.pl\/?p=14690","title":{"rendered":"XXXII Niedziela zwyk\u0142a &#8211; 06.11.2022 r."},"content":{"rendered":"<ol>\n<li><strong>R\u00f3\u017caniec za zmar\u0142ych polecanych w wypominkach<\/strong>, dzi\u015b jak i przez ca\u0142y tydzie\u0144 o godz. 17.30 a po nim Msza \u015bw.<\/li>\n<li><strong>Msza \u015bw. dla wd\u00f3w i wdowc\u00f3w za zmar\u0142ych wsp\u00f3\u0142ma\u0142\u017conk\u00f3w<\/strong>, we wtorek o godz. 15.00 w\u00a0kaplicy na cmentarzu.<\/li>\n<li>Tak\u017ce jutro po Mszy \u015bw. wieczornej spotkanie <strong>R\u00f3\u017c R\u00f3\u017ca\u0144cowych, Apostolskiego Dzie\u0142a Pomocy dla Czy\u015b\u0107ca oraz Dzie\u0142a Pomocy Powo\u0142aniom<\/strong>.<\/li>\n<li>We wtorek po Mszy \u015bw. spotkanie <strong>Stra\u017cy Honorowej NSPJ<\/strong>.<\/li>\n<li>Tak\u017ce we wtorek, po Mszy \u015bw. <strong>nowenna do \u015bw. Antoniego<\/strong> i b\u0142ogos\u0142awie\u0144stwo dzieci. Pro\u015bby i\u00a0podzi\u0119kowania mo\u017cna sk\u0142ada\u0107 przy figurze \u015bwi\u0119tego.<\/li>\n<li>W \u015brod\u0119 spotkanie Bractwa Szkaplerza \u015awi\u0119tego.<\/li>\n<li><strong>W pi\u0105tek 11 listopada<\/strong>, \u015bwi\u0119tujemy dzie\u0144 wdzi\u0119czno\u015bci za wielokrotnie odzyskiwan\u0105 wolno\u015b\u0107. <strong>Powiatowe obchody 104 rocznicy Odzyskania Niepodleg\u0142o\u015bci rozpoczn\u0105 si\u0119 Msz\u0105 \u015bw. w Bazylice OO. Bernardyn\u00f3w o\u00a0godz. 12.00.<\/strong> Po Mszy \u015bw. z\u0142o\u017cenie wie\u0144c\u00f3w przy pomniku, nast\u0119pnie przemarsz na plac obok MCK-u a zwie\u0144czeniem b\u0119dzie program patriotyczny w wykonaniu m\u0142odzie\u017cy ZST i artyst\u00f3w MCK w\u00a0Le\u017cajsku. Szczeg\u00f3\u0142y na tablicy og\u0142osze\u0144. Niech ten dzie\u0144 b\u0119dzie dla nas wszystkich okazj\u0105 do wdzi\u0119czno\u015bci wobec Boga za dar wolnej Ojczyzny oraz modlitwy o\u00a0umiej\u0119tno\u015b\u0107 korzystania z\u00a0tego daru wolno\u015bci, a tak\u017ce za tych, kt\u00f3rzy za Ojczyzn\u0119 i\u00a0Jej wolno\u015b\u0107 oddali swoje \u017cycie.<\/li>\n<li>W pi\u0105tek, na terenie Archidiecezji Przemyskiej, <strong>nie obowi\u0105zuje wstrzemi\u0119\u017aliwo\u015b\u0107 od pokarm\u00f3w mi\u0119snych<\/strong> na mocy og\u00f3lnej dyspensy udzielonej przez naszego Arcybiskupa Adama Szala, kt\u00f3ry jednocze\u015bnie zobowi\u0105zuje korzystaj\u0105cych z\u00a0dyspensy do z\u0142o\u017cenia ofiary na misje.<\/li>\n<li>W sobot\u0119 dzie\u0144 imienin naszego wikariusza <strong> Witolda Orzechowskiego<\/strong>. Pami\u0119tajmy z tej okazji o Nim w naszych modlitwach.<\/li>\n<li>Dzisiejsza taca mszalna jest przeznaczona na potrzeby Archidiecezji, za\u015b za tydzie\u0144 z racji II niedzieli miesi\u0105ca taca b\u0119dzie przeznaczona na trwaj\u0105ce prace remontowe przy dachu naszej Fary. Wszystkim darczy\u0144com za ka\u017cd\u0105 przekazan\u0105 z\u0142ot\u00f3wk\u0119, za \u017cyczliwo\u015b\u0107 i zrozumienie sk\u0142adamy serdeczne B\u00f3g zap\u0142a\u0107.<\/li>\n<li><strong>W Siewcy<\/strong>, przed po\u0142udniem do nabycia prasa i publikacje katolickie a przed ko\u015bcio\u0142em mo\u017cna naby\u0107 wyj\u0105tkowy <strong>r\u00f3\u017caniec dedykowany naszej parafii<\/strong>. Na awersie \u0142\u0105cznika jest obraz MB Pocieszenia czczony w\u00a0naszym ko\u015bciele a na rewersie logo i\u00a0nazwa naszej parafii. A wszystko to w ciekawym woreczku. Cena 25 z\u0142. Serdecznie polecamy.<\/li>\n<li>Miasto Le\u017cajsk, Miejskie Centrum Kultury i OO. Bernardyni zapraszaj\u0105 na <strong>koncert Alicji W\u0119gorzewskiej<\/strong> w sobot\u0119 12 listopada, godz. 19.00. Szczeg\u00f3\u0142y na plakacie.<\/li>\n<li><strong>Burmistrz Le\u017cajska<\/strong> informuje mieszka\u0144c\u00f3w o przyst\u0105pieniu przez Miasto do realizacji zakupu paliwa sta\u0142ego czyli w\u0119gla dla gospodarstw domowych. Wnioski b\u0119d\u0105 przyjmowane w Urz\u0119dzie Miejskim pok\u00f3j nr 6 w godzinach pracy urz\u0119du. Wz\u00f3r wniosku dost\u0119pny jest na stronie internetowej miasta.<\/li>\n<\/ol>\n<p><strong><u>Intencje zbiorowe: <\/u><\/strong><\/p>\n<ul>\n<li>Za \u015bp. W\u0142adys\u0142aw\u0119 Wawrzaszek \u2013 intencja od mieszka\u0144c\u00f3w ul. Lipy, poniedzia\u0142ek, godz. 7.00 i sobota, godz. 6.30.<\/li>\n<li>Za zmar\u0142ych z R\u00f3\u017cy b\u0142. Anieli Salawy \u2013 poniedzia\u0142ek, godz. 18.00.<\/li>\n<li>Za \u015bp. Helen\u0119 Chmiel \u2013 intencja od Grupy Pielgrzymkowej z Grodziska Dolnego \u2013 poniedzia\u0142ek, godz. 18.00.<\/li>\n<li>Za zmar\u0142ych ze Stra\u017cy Honorowej NSPJ \u2013 poniedzia\u0142ek, godz. 18.00.<\/li>\n<li>W intencji Ko\u015bcio\u0142a, Ojczyzny, parafii i naszych rodzin za przyczyn\u0105 \u015awi\u0119tego Micha\u0142a Archanio\u0142a \u2013 wtorek, godz. 6.30.<\/li>\n<li>Za \u015bp. Zdzis\u0142aw\u0119 Wr\u00f3bel \u2013 intencja od s\u0105siad\u00f3w z ul. Podolszyny \u2013 wtorek, godz. 6.30.<\/li>\n<li>Za \u015bp. Adel\u0119 Organ \u2013 intencja od zarz\u0105du i pracownik\u00f3w PSS Spo\u0142em w Le\u017cajsku \u2013 \u015broda, godz. 6.30.<\/li>\n<li>Za zmar\u0142ych z R\u00f3\u017cy \u015bw. Urszuli Led\u00f3chowskiej \u2013 \u015broda, godz. 18.00.<\/li>\n<li>W intencji nowennowych pr\u00f3\u015bb i podzi\u0119kowa\u0144 do MB Pocieszenia \u2013 \u015broda, godz. 18.00.<\/li>\n<li>Za zmar\u0142ych cz\u0142onk\u00f3w Akcji Katolickiej \u2013 \u015broda, godz. 18.00.<\/li>\n<li>Za zmar\u0142ych z R\u00f3\u017cy \u015bw. Barbary \u2013 czwartek, godz. 18.00.<\/li>\n<li>Za zmar\u0142ych z R\u00f3\u017cy MB Pocieszenia \u2013 pi\u0105tek, godz. 18.00.<\/li>\n<li>Z intencji Ko\u0142a Przyjaci\u00f3\u0142 Radia Maryja \u2013 pi\u0105tek, godz. 18.00.<\/li>\n<li>Za zmar\u0142e Siostry i Braci z R\u00f3\u017c R\u00f3\u017ca\u0144cowych \u2013 sobota, godz. 18.00.<\/li>\n<li>W intencji ks. Witolda z okazji imienin \u2013 intencja od R\u00f3\u017c R\u00f3\u017ca\u0144cowych \u2013 sobota, godz. 18.00.<\/li>\n<li>Za zmar\u0142ych polecanych w wypominkach \u2013 niedziela, godz. 8.30.<\/li>\n<li>Za zmar\u0142ych z Ko\u0142a Przyjaci\u00f3\u0142 Radia Maryja \u2013 niedziela, godz. 10.00.<\/li>\n<\/ul>\n<p>W ostatnim tygodniu odszed\u0142 od nas do wieczno\u015bci <strong>\u015bp. Mieczys\u0142aw D\u0105bek<\/strong> z ul. Sikorskiego \u2013 wieczny odpoczynek \u2026..<\/p>\n","protected":false},"excerpt":{"rendered":"<p>R\u00f3\u017caniec za zmar\u0142ych polecanych w wypominkach, dzi\u015b jak i przez ca\u0142y tydzie\u0144 o godz. 17.30 a po nim Msza \u015bw. Msza \u015bw. dla wd\u00f3w i wdowc\u00f3w za zmar\u0142ych wsp\u00f3\u0142ma\u0142\u017conk\u00f3w, we wtorek o godz. 15.00 w\u00a0kaplicy na cmentarzu. Tak\u017ce jutro po Mszy \u015bw. wieczornej spotkanie R\u00f3\u017c R\u00f3\u017ca\u0144cowych, Apostolskiego Dzie\u0142a Pomocy dla Czy\u015b\u0107ca oraz Dzie\u0142a Pomocy Powo\u0142aniom. [&hellip;]<\/p>\n","protected":false},"author":4,"featured_media":0,"comment_status":"closed","ping_status":"open","sticky":false,"template":"","format":"standard","meta":[],"categories":[5],"tags":[],"_links":{"self":[{"href":"https:\/\/lezajsk.przemyska.pl\/index.php?rest_route=\/wp\/v2\/posts\/14690"}],"collection":[{"href":"https:\/\/lezajsk.przemyska.pl\/index.php?rest_route=\/wp\/v2\/posts"}],"about":[{"href":"https:\/\/lezajsk.przemyska.pl\/index.php?rest_route=\/wp\/v2\/types\/post"}],"author":[{"embeddable":true,"href":"https:\/\/lezajsk.przemyska.pl\/index.php?rest_route=\/wp\/v2\/users\/4"}],"replies":[{"embeddable":true,"href":"https:\/\/lezajsk.przemyska.pl\/index.php?rest_route=%2Fwp%2Fv2%2Fcomments&post=14690"}],"version-history":[{"count":3,"href":"https:\/\/lezajsk.przemyska.pl\/index.php?rest_route=\/wp\/v2\/posts\/14690\/revisions"}],"predecessor-version":[{"id":14693,"href":"https:\/\/lezajsk.przemyska.pl\/index.php?rest_route=\/wp\/v2\/posts\/14690\/revisions\/14693"}],"wp:attachment":[{"href":"https:\/\/lezajsk.przemyska.pl\/index.php?rest_route=%2Fwp%2Fv2%2Fmedia&parent=14690"}],"wp:term":[{"taxonomy":"category","embeddable":true,"href":"https:\/\/lezajsk.przemyska.pl\/index.php?rest_route=%2Fwp%2Fv2%2Fcategories&post=14690"},{"taxonomy":"post_tag","embeddable":true,"href":"https:\/\/lezajsk.przemyska.pl\/index.php?rest_route=%2Fwp%2Fv2%2Ftags&post=14690"}],"curies":[{"name":"wp","href":"https:\/\/api.w.org\/{rel}","templated":true}]}}