
{"id":14625,"date":"2022-10-29T23:12:02","date_gmt":"2022-10-29T21:12:02","guid":{"rendered":"https:\/\/lezajsk.przemyska.pl\/?p=14625"},"modified":"2022-10-30T07:50:45","modified_gmt":"2022-10-30T06:50:45","slug":"xxxi-niedziela-zwykla-rocznica-poswiecenia-kosciola-30-10-2022-r","status":"publish","type":"post","link":"https:\/\/lezajsk.przemyska.pl\/?p=14625","title":{"rendered":"XXXI Niedziela zwyk\u0142a (Rocznica po\u015bwi\u0119cenia ko\u015bcio\u0142a) &#8211; 30.10.2022 r."},"content":{"rendered":"<ol>\n<li>Dzi\u015b<strong>, <\/strong>nieco uprzedzaj\u0105c wigili\u0119<strong> Uroczysto\u015bci Wszystkich \u015awi\u0119tych<\/strong>, wszystkich parafian i go\u015bci a\u00a0szczeg\u00f3lnie dzieci i m\u0142odzie\u017c, zapraszamy na niecodzienn\u0105 procesj\u0119 pod has\u0142em <strong>&#8222;W\u00a0drog\u0119 ze \u015bwi\u0119tymi&#8221;<\/strong>. Wydarzenie to rozpocznie si\u0119\u00a0 <strong>Msz\u0105 \u015bw. o godz. 11:30<\/strong> a po niej przejdziemy ulicami miasta nios\u0105c relikwie \u015bwi\u0119tych na plac przed MCK. Tam b\u0119dziemy mie\u0107 okazj\u0119 wys\u0142ucha\u0107 koncertu Diakoni Muzycznej z\u0142o\u017conej z\u00a0m\u0142odzie\u017cy ZSL a nast\u0119pnie zabawy, gry i konkursy dla dzieci.<\/li>\n<li><strong>Tak\u017ce dzi\u015b, w\u00a0czasie nabo\u017ce\u0144stwa r\u00f3\u017ca\u0144cowego o godz. 17.30<\/strong>, b\u0119dziemy si\u0119 modli\u0107 za fundator\u00f3w i dobrodziej\u00f3w naszego ko\u015bcio\u0142a Farnego i ko\u015bcio\u0142a Jezusa Mi\u0142osiernego jak i\u00a0za wszystkich darczy\u0144c\u00f3w wspieraj\u0105cych prace remontowe przy naszej parafii.<\/li>\n<li>We wtorek <strong>1 listopada<\/strong> <strong>Uroczysto\u015b\u0107 Wszystkich \u015awi\u0119tych<\/strong>. Msze \u015bw. przedpo\u0142udniem jak w\u00a0ka\u017cd\u0105 niedziel\u0119 w obu ko\u015bcio\u0142ach za\u015b popo\u0142udniu <strong>Msza \u015bw. o godz. 14.00<\/strong> na cmentarzu a\u00a0po niej procesja i modlitwy za zmar\u0142ych. Zapraszamy wszystkich, do uczestnictwa we Mszy \u015bw. i procesji. <strong>Msza \u015bw. o\u00a0godz. 14.00 na cmentarzu,<\/strong> b\u0119dzie ofiarowana za wszystkich zmar\u0142ych parafian. W\u00a0Uroczysto\u015b\u0107 Wszystkich \u015awi\u0119tych <strong><u>nie b\u0119dzie tylko Mszy \u015bw. o godz. 16.00. <\/u><\/strong>Mo\u017cliwo\u015b\u0107 spowiedzi przed uroczysto\u015bci\u0105 jutro od godz. 17.30.<\/li>\n<li>W \u015brod\u0119 wspomnienie <strong>Wszystkich Wiernych Zmar\u0142ych \u2013 Dzie\u0144 Zaduszny<\/strong>. Msza \u015bw. w\u00a0intencji wszystkich zamar\u0142ych parafian w kaplicy <strong>na cmentarzu o godz. 14.00<\/strong>.<\/li>\n<li><strong>Za zmar\u0142ych polecanych w wypominkach<\/strong> b\u0119dziemy modli\u0107 si\u0119, polecaj\u0105c ich mi\u0142osierdziu Bo\u017cemu przez ca\u0142y miesi\u0105c listopad odmawiaj\u0105c r\u00f3\u017caniec, <strong>codziennie o\u00a0godz. 17.30<\/strong>. W ich intencji b\u0119d\u0105 te\u017c odprawiane <strong>Msze \u015bw. w ka\u017cd\u0105 niedziel\u0119 listopada o\u00a0godz. 8.30<\/strong>. Kartki wypominkowe s\u0105 wy\u0142o\u017cone na o\u0142tarzach i mo\u017cna je po czytelnym wype\u0142nieniu sk\u0142ada\u0107 do wystawionej skrzynki.<\/li>\n<li><strong>W<\/strong> <strong>Uroczysto\u015b\u0107 Wszystkich \u015awi\u0119tych<\/strong> lub <strong>Dzie\u0144 Zaduszny<\/strong>, wierni mog\u0105 zyskiwa\u0107 <strong>odpust zupe\u0142ny<\/strong> za zmar\u0142ych. Warunkiem jest wyzbycie si\u0119 przywi\u0105zania do grzechu, nawet lekkiego, spowied\u017a, Komunia \u015bw., pobo\u017cne nawiedzenia ko\u015bcio\u0142a lub kaplicy i\u00a0odm\u00f3wienie tam modlitwy Ojcze nasz, Wierz\u0119 w\u00a0Boga i dowolnej modlitwy w intencjach Ojca \u015bw. Ponadto w listopadzie w ka\u017cdym dniu mo\u017cna zyskiwa\u0107 odpusty za dusze zmar\u0142ych, nawiedzaj\u0105c cmentarz i\u00a0odmawiaj\u0105c modlitwy za zmar\u0142ych. W\u00a0dniach od 1 do 8 listopada odpust jest zupe\u0142ny, w\u00a0pozosta\u0142e dni \u2013 cz\u0105stkowy.<\/li>\n<li>W\u00a0tygodniu<strong> wypominki po\u0142\u0105czone z\u00a0r\u00f3\u017ca\u0144cem za zmar\u0142ych, codziennie od wtorku pocz\u0105wszy z wyj\u0105tkiem soboty o godz. 17.30.<\/strong> Zapraszamy wszystkich do wsp\u00f3lnej modlitwy za naszych bliskich zmar\u0142ych i\u00a0zyskiwania dla nich odpust\u00f3w.<\/li>\n<li>W tym tygodniu przypada <strong>I czwartek, I pi\u0105tek i I sobota miesi\u0105ca<\/strong>. Adoracja Naj\u015bwi\u0119tszego Sakramentu po Mszy \u015bw. zar\u00f3wno w czwartek jak i w pi\u0105tek do godz. 20.00. Spowied\u017a w\u00a0pi\u0105tek od godz. 17.00.<\/li>\n<li>W pi\u0105tek <strong>odwiedziny chorych w domach z Komuni\u0105 \u015bw<\/strong>. od godz. 9.00.<\/li>\n<li>W sobot\u0119 wszystkich czcicieli Matki Bo\u017cej, zapraszamy na kolejne <strong>nabo\u017ce\u0144stwo I\u00a0soboty<\/strong>, <strong>wynagradzaj\u0105ce Niepokalanemu Sercu NMP<\/strong>, po\u0142\u0105czone z modlitw\u0105 r\u00f3\u017ca\u0144cow\u0105 i wypominkami na godz. 17.00.<\/li>\n<li>Uprzedzaj\u0105c informujemy, i\u017c<strong> Msza \u015bw. dla wd\u00f3w i wdowc\u00f3w za zmar\u0142ych wsp\u00f3\u0142ma\u0142\u017conk\u00f3w<\/strong>, b\u0119dzie odprawiona <strong>we<\/strong><strong>wtorek 8 listopada o godz. 15.00 w kaplicy na cmentarzu<\/strong>. Przypomnimy o\u00a0tym jeszcze w najbli\u017csz\u0105 niedziel\u0119.<\/li>\n<li>Za tydzie\u0144 w niedziel\u0119 przed ko\u015bcio\u0142em b\u0119dzie mo\u017cna naby\u0107 wyj\u0105tkowy <strong>r\u00f3\u017caniec dedykowany naszej parafii.<\/strong> Na awersie \u0142\u0105cznika jest obraz MB Pocieszenia czczony w\u00a0naszym ko\u015bciele a na rewersie logo i nazwa naszej parafii. A wszystko to w ciekawym woreczku. Cena 25 z\u0142. Pozostaj\u0105c w tematyce r\u00f3\u017ca\u0144cowej <strong>liczymy na ch\u0119tnych do w\u0142\u0105czenia si\u0119 w \u017cywy r\u00f3\u017caniec zar\u00f3wno kobiet jak i m\u0119\u017cczyzn<\/strong> celem uzupe\u0142nienia istniej\u0105cych r\u00f3\u017c. To tylko jeden dziesi\u0105tek r\u00f3\u017ca\u0144ca. Liczymy bardzo na nowych czcicieli Matki Bo\u017cej, pragn\u0105cych codziennie modli\u0107 si\u0119 na r\u00f3\u017ca\u0144cu. Zg\u0142oszenia w zakrystii lub u ks. Witolda.<\/li>\n<li>Taca z przysz\u0142ej niedzieli b\u0119dzie przeznaczona na <strong>potrzeby Archidiecezji.<\/strong><\/li>\n<li>W Siewcy przed po\u0142udniem do nabycia <strong>prasa i publikacje katolickie. <\/strong>S\u0105 tam te\u017c <strong>kalendarze<\/strong> na przysz\u0142y rok i<strong> Ewangelie z rozwa\u017caniami na ka\u017cdy dzie\u0144 2023 r.<\/strong><\/li>\n<li>Przypominamy, \u017ce dzi\u015b przy ko\u015bciele a jutro przy cmentarzu trwa <strong>kiermasz zniczy<\/strong> prowadzony przez nasz\u0105 m\u0142odzie\u017c. Serdecznie polecamy.<\/li>\n<li><strong>Muzeum Ziemi Le\u017cajskiej<\/strong> zaprasza w najbli\u017cszy pi\u0105tek 4 listopada godz. 18.00, na otwarcie wystawy po\u015bwi\u0119conej \u015bw. Janowi Paw\u0142owi II pod has\u0142em <strong>\u201eZ Le\u017cajszczyzny do Watykanu\u201d<\/strong>. Szczeg\u00f3\u0142y na plakacie.<\/li>\n<\/ol>\n<p><strong><u>Intencje zbiorowe: <\/u><\/strong><\/p>\n<ul>\n<li>Za \u015bp. Zofi\u0119 Kozyra \u2013 intencja od mieszka\u0144c\u00f3w ul. Jaros\u0142awskiej \u2013 poniedzia\u0142ek, godz. 18.00.<\/li>\n<li>W intencji Ko\u015bcio\u0142a, Ojczyzny, parafii i naszych rodzin za przyczyn\u0105 \u015awi\u0119tego Micha\u0142a Archanio\u0142a \u2013 wtorek, godz. 7.00.<\/li>\n<li>Msze \u015bw. gregoria\u0144skie za \u015bp. Krzysztofa Michalaka, pocz\u0105tek \u2013 wtorek, godz. 8.30.<\/li>\n<li>Za zmar\u0142ych z R\u00f3\u017cy MB Wniebowzi\u0119tej \u2013 \u015broda, godz. 18.00.<\/li>\n<li>W intencji nowennowych pr\u00f3\u015bb i podzi\u0119kowa\u0144 do MB Pocieszenia \u2013 \u015broda, godz. 18.00.<\/li>\n<li>Za zmar\u0142ych z R\u00f3\u017cy \u015aw. Jana z Dukli \u2013 czwartek, godz. 18.00.<\/li>\n<li>Za kap\u0142an\u00f3w i o nowe \u015bwi\u0119te powo\u0142ania kap\u0142a\u0144skie i zakonne \u2013 intencja od Stra\u017cy Honorowej NSPJ \u2013 czwartek, godz. 18.00.<\/li>\n<li>Z intencji Stra\u017cy Honorowej NSPJ \u2013 pi\u0105tek, godz. 18.00.<\/li>\n<li>Za dusze w czy\u015b\u0107cu cierpi\u0105ce \u2013 intencja od Apostolskiego Dzie\u0142a Pomocy Duszom Czy\u015b\u0107cowym \u2013 sobota, godz. 7.00.<\/li>\n<li>Za zmar\u0142ych z R\u00f3\u017cy MB Pocieszenia \u2013 sobota, godz. 18.00.<\/li>\n<li>Wynagradzaj\u0105ca Niepokalanemu Sercu NMP \u2013 intencja od Bractwa Szkaplerza \u015awi\u0119tego i R\u00f3\u017c R\u00f3\u017ca\u0144cowych \u2013 sobota, godz. 18.00.<\/li>\n<li>Za zmar\u0142ych polecanych w wypominkach \u2013 niedziela, godz. 8.30.<\/li>\n<\/ul>\n<p>W ostatnim tygodniu odesz\u0142y od nas do wieczno\u015bci <strong>\u015bp. Kazimiera Majder<\/strong> z ul. Mickiewicza i <strong>Wies\u0142awa Kisielewicz<\/strong> z ul. Wa\u0142owej \u2013 wieczny odpoczynek \u2026..<\/p>\n","protected":false},"excerpt":{"rendered":"<p>Dzi\u015b, nieco uprzedzaj\u0105c wigili\u0119 Uroczysto\u015bci Wszystkich \u015awi\u0119tych, wszystkich parafian i go\u015bci a\u00a0szczeg\u00f3lnie dzieci i m\u0142odzie\u017c, zapraszamy na niecodzienn\u0105 procesj\u0119 pod has\u0142em &#8222;W\u00a0drog\u0119 ze \u015bwi\u0119tymi&#8221;. Wydarzenie to rozpocznie si\u0119\u00a0 Msz\u0105 \u015bw. o godz. 11:30 a po niej przejdziemy ulicami miasta nios\u0105c relikwie \u015bwi\u0119tych na plac przed MCK. Tam b\u0119dziemy mie\u0107 okazj\u0119 wys\u0142ucha\u0107 koncertu Diakoni Muzycznej z\u0142o\u017conej [&hellip;]<\/p>\n","protected":false},"author":4,"featured_media":0,"comment_status":"closed","ping_status":"open","sticky":false,"template":"","format":"standard","meta":[],"categories":[5],"tags":[],"_links":{"self":[{"href":"https:\/\/lezajsk.przemyska.pl\/index.php?rest_route=\/wp\/v2\/posts\/14625"}],"collection":[{"href":"https:\/\/lezajsk.przemyska.pl\/index.php?rest_route=\/wp\/v2\/posts"}],"about":[{"href":"https:\/\/lezajsk.przemyska.pl\/index.php?rest_route=\/wp\/v2\/types\/post"}],"author":[{"embeddable":true,"href":"https:\/\/lezajsk.przemyska.pl\/index.php?rest_route=\/wp\/v2\/users\/4"}],"replies":[{"embeddable":true,"href":"https:\/\/lezajsk.przemyska.pl\/index.php?rest_route=%2Fwp%2Fv2%2Fcomments&post=14625"}],"version-history":[{"count":2,"href":"https:\/\/lezajsk.przemyska.pl\/index.php?rest_route=\/wp\/v2\/posts\/14625\/revisions"}],"predecessor-version":[{"id":14627,"href":"https:\/\/lezajsk.przemyska.pl\/index.php?rest_route=\/wp\/v2\/posts\/14625\/revisions\/14627"}],"wp:attachment":[{"href":"https:\/\/lezajsk.przemyska.pl\/index.php?rest_route=%2Fwp%2Fv2%2Fmedia&parent=14625"}],"wp:term":[{"taxonomy":"category","embeddable":true,"href":"https:\/\/lezajsk.przemyska.pl\/index.php?rest_route=%2Fwp%2Fv2%2Fcategories&post=14625"},{"taxonomy":"post_tag","embeddable":true,"href":"https:\/\/lezajsk.przemyska.pl\/index.php?rest_route=%2Fwp%2Fv2%2Ftags&post=14625"}],"curies":[{"name":"wp","href":"https:\/\/api.w.org\/{rel}","templated":true}]}}