
{"id":146,"date":"2017-02-15T16:26:08","date_gmt":"2017-02-15T15:26:08","guid":{"rendered":"http:\/\/lezajsk.przemyska.pl\/?p=146"},"modified":"2017-02-15T16:32:43","modified_gmt":"2017-02-15T15:32:43","slug":"v-niedziela-zw-05-02-2017-r","status":"publish","type":"post","link":"https:\/\/lezajsk.przemyska.pl\/?p=146","title":{"rendered":"V Niedziela zw. (05.02.2017 r.)"},"content":{"rendered":"<ol>\n<li>Dzi\u015b <strong>I niedziela miesi\u0105ca.<\/strong> Wieczorem zapraszamy na nabo\u017ce\u0144stwo eucharystyczne z\u00a0modlitw\u0105 r\u00f3\u017ca\u0144cow\u0105 o godz. 17.30.<\/li>\n<li>Tak\u017ce dzi\u015b z racji <strong>wspomnienia \u015bw. Agaty<\/strong> po ka\u017cdej Mszy \u015bw. b\u0142ogos\u0142awie\u0144stwo chleba, wody i soli. Jest to zarazem <strong>dzie\u0144 imienin naszej s. Agaty<\/strong>, pami\u0119tajmy o Niej w naszych modlitwach.<\/li>\n<li>Jutro po Mszy \u015bw. wieczornej spotkanie <strong>R\u00f3\u017c \u017bywego R\u00f3\u017ca\u0144ca, Apostolskiego Dzie\u0142a Pomocy dla Czy\u015b\u0107ca oraz Dzie\u0142o Pomocy Powo\u0142aniom<\/strong>.<\/li>\n<li>Spotkanie<strong> Stra\u017cy Honorowej NSPJ <\/strong>we wtorek po Mszy \u015bw.<\/li>\n<li>W \u015brod\u0119 spotkanie <strong>Bractwa Szkaplerza \u015awi\u0119tego<\/strong>.<\/li>\n<li>We czwartek na Msz\u0119 \u015bw. o godz. 18.00 i <strong>spotkanie formacyjne zapraszamy rodzic\u00f3w dzieci przygotowuj\u0105cych si\u0119 do przyj\u0119cia I Komunii \u015bw.<\/strong><\/li>\n<li>W pi\u0105tek po Mszy \u015bw. kolejne spotkanie <strong>M\u0142odych Ma\u0142\u017conk\u00f3w,<\/strong> na kt\u00f3re wszystkich ch\u0119tnych, ciekawych do\u015bwiadczenia bycia we wsp\u00f3lnocie serdecznie zapraszamy.<\/li>\n<li>W sobot\u0119 <strong>wspomnienie MB. z Lourdes<\/strong> &#8211; <strong>\u015awiatowy Dzie\u0144 Chorego<\/strong>. Z\u00a0tej okazji zapraszamy wszystkie osoby starsze i chore na specjaln\u0105 Msz\u0119 \u015bw. i nabo\u017ce\u0144stwo <strong>o\u00a0godz. 10.00<\/strong> w\u00a0czasie, kt\u00f3rego b\u0119dzie mo\u017cna przyj\u0105\u0107 sakrament chorych.<\/li>\n<li>Dzisiejsza taca mszalna jest przeznaczona na <strong>potrzeby Archidiecezji,<\/strong> za\u015b za tydzie\u0144 jak w ka\u017cd\u0105 II niedziel\u0119 miesi\u0105ca, taca b\u0119dzie przeznaczona na dalsze <strong>prace remontowe przy naszej parafii. <\/strong>W czasie ostatniej zbi\u00f3rki ofiar z\u00a0przeznaczeniem na ten cel zebrano \u0142\u0105cznie z wp\u0142atami na konto kwot\u0119 <strong>18 282 z\u0142.<\/strong> Kwota ta sprawia, \u017ce na naszym koncie inwestycyjno &#8211; remontowym mamy kwot\u0119 <strong>193,5 ty\u015b. z\u0142<\/strong>. Wszystkim darczy\u0144com za ka\u017cd\u0105 przekazan\u0105 z\u0142ot\u00f3wk\u0119, za \u017cyczliwo\u015b\u0107 i\u00a0zrozumienie sk\u0142adamy serdeczne B\u00f3g zap\u0142a\u0107.<\/li>\n<li>W Siewcy do nabycia <strong>prasa i wydawnictwa katolickie.<\/strong> Za\u015b od przysz\u0142ej niedzieli dzieci z m\u0142odszej Oazy Dzieci Bo\u017cych b\u0119d\u0105 rozprowadza\u0107 <strong>okoliczno\u015bciowe parafialne kubki<\/strong> a\u00a0ca\u0142ych doch\u00f3d z ich sprzeda\u017cy zasili ich fundusz wycieczkowy \u2013 serdecznie polecamy.<\/li>\n<li>Nasz Le\u017cajski Szpital zaprasza do skorzystania z <strong>bezp\u0142atnych bada\u0144 profilaktycznych wykrywaj\u0105cych raka<\/strong>. Szczeg\u00f3\u0142y dla zainteresowanych na tablicy og\u0142osze\u0144.<\/li>\n<\/ol>\n<p><!--more--><\/p>\n<p><strong style=\"font-size: 12.16px;\"><span style=\"text-decoration: underline;\">Intencje zbiorowe:<\/span><\/strong><\/p>\n<ul>\n<li>Za \u015bp. Eugeniusza Mendyka \u2013 intencja od pracownik\u00f3w administracji PSS Spo\u0142em w Le\u017cajsku \u2013 poniedzia\u0142ek, wtorek i \u015broda, godz, 6.30 i czwartek, godz. 18.00 oraz od za\u0142ogi sklepu Supermarket nr 3 \u2013 pi\u0105tek, godz. 6.30.<\/li>\n<li>Msza \u015bw. w intencji wszystkich R\u00f3\u017c R\u00f3\u017ca\u0144cowych i ich opiekuna \u2013 wtorek, godz. 18.00.<\/li>\n<li>W intencji nowennowych pr\u00f3\u015bb i podzi\u0119kowa\u0144 do MB Pocieszenia \u2013 \u015broda, godz. 18.00.<\/li>\n<li>Msza \u015bw. w intencji wszystkich chorych i starszych z naszej parafii \u2013 sobota, godz. 10.00.<\/li>\n<li>Z intencji Ko\u0142a Przyjaci\u00f3\u0142 Radia Maryja \u2013 pi\u0105tek, godz. 18.00.<\/li>\n<li>Z intencji Bractwa Szkaplerza \u015awi\u0119tego \u2013 sobota, godz. 18.00.<\/li>\n<li>Za \u015bp. Juli\u0119 Gdula \u2013 intencja od s\u0105siad\u00f3w \u2013 niedziela, godz. 10.00.<\/li>\n<li>Za \u015bp. Halin\u0119 Antczak \u2013 intencja od nauczycieli i pracownik\u00f3w SP nr 4 w Le\u017cajsku \u2013 niedziela, godz. 18.00.<\/li>\n<\/ul>\n<p>W ostatnim tygodniu odesz\u0142a od nas do wieczno\u015bci <strong>\u015bp. Maria \u0141aput<\/strong> z ul. Reymonta \u2013 wieczny odpoczynek \u2026..<\/p>\n","protected":false},"excerpt":{"rendered":"<p>Dzi\u015b I niedziela miesi\u0105ca. Wieczorem zapraszamy na nabo\u017ce\u0144stwo eucharystyczne z\u00a0modlitw\u0105 r\u00f3\u017ca\u0144cow\u0105 o godz. 17.30. Tak\u017ce dzi\u015b z racji wspomnienia \u015bw. Agaty po ka\u017cdej Mszy \u015bw. b\u0142ogos\u0142awie\u0144stwo chleba, wody i soli. Jest to zarazem dzie\u0144 imienin naszej s. Agaty, pami\u0119tajmy o Niej w naszych modlitwach. Jutro po Mszy \u015bw. wieczornej spotkanie R\u00f3\u017c \u017bywego R\u00f3\u017ca\u0144ca, Apostolskiego Dzie\u0142a [&hellip;]<\/p>\n","protected":false},"author":1,"featured_media":0,"comment_status":"closed","ping_status":"open","sticky":false,"template":"","format":"standard","meta":[],"categories":[5],"tags":[],"_links":{"self":[{"href":"https:\/\/lezajsk.przemyska.pl\/index.php?rest_route=\/wp\/v2\/posts\/146"}],"collection":[{"href":"https:\/\/lezajsk.przemyska.pl\/index.php?rest_route=\/wp\/v2\/posts"}],"about":[{"href":"https:\/\/lezajsk.przemyska.pl\/index.php?rest_route=\/wp\/v2\/types\/post"}],"author":[{"embeddable":true,"href":"https:\/\/lezajsk.przemyska.pl\/index.php?rest_route=\/wp\/v2\/users\/1"}],"replies":[{"embeddable":true,"href":"https:\/\/lezajsk.przemyska.pl\/index.php?rest_route=%2Fwp%2Fv2%2Fcomments&post=146"}],"version-history":[{"count":2,"href":"https:\/\/lezajsk.przemyska.pl\/index.php?rest_route=\/wp\/v2\/posts\/146\/revisions"}],"predecessor-version":[{"id":151,"href":"https:\/\/lezajsk.przemyska.pl\/index.php?rest_route=\/wp\/v2\/posts\/146\/revisions\/151"}],"wp:attachment":[{"href":"https:\/\/lezajsk.przemyska.pl\/index.php?rest_route=%2Fwp%2Fv2%2Fmedia&parent=146"}],"wp:term":[{"taxonomy":"category","embeddable":true,"href":"https:\/\/lezajsk.przemyska.pl\/index.php?rest_route=%2Fwp%2Fv2%2Fcategories&post=146"},{"taxonomy":"post_tag","embeddable":true,"href":"https:\/\/lezajsk.przemyska.pl\/index.php?rest_route=%2Fwp%2Fv2%2Ftags&post=146"}],"curies":[{"name":"wp","href":"https:\/\/api.w.org\/{rel}","templated":true}]}}