
{"id":14576,"date":"2022-10-22T20:19:02","date_gmt":"2022-10-22T18:19:02","guid":{"rendered":"https:\/\/lezajsk.przemyska.pl\/?p=14576"},"modified":"2022-10-22T20:19:02","modified_gmt":"2022-10-22T18:19:02","slug":"xxx-niedziela-zwykla-23-10-2022-r","status":"publish","type":"post","link":"https:\/\/lezajsk.przemyska.pl\/?p=14576","title":{"rendered":"XXX Niedziela zwyk\u0142a &#8211; 23.10.2022 r."},"content":{"rendered":"<ol>\n<li><strong>Ksi\u0119dzu Biskupowi Stanis\u0142awowi Jamrozkowi<\/strong>, sk\u0142adamy serdeczne podzi\u0119kowanie za dzisiejsz\u0105 obecno\u015b\u0107 mi\u0119dzy nami, za wsp\u00f3ln\u0105 modlitw\u0119 i pasterskie s\u0142owo w ramach wizytacji kanonicznej parafii. Za wszelkie dobro i \u017cyczliwo\u015b\u0107 wobec naszej Wsp\u00f3lnoty parafialnej niech dobry B\u00f3g hojnie Ksi\u0119dzu Biskupowi b\u0142ogos\u0142awi a MB Pocieszenia Nasza Pani Le\u017cajska otacza p\u0142aszczem swojej macierzy\u0144skiej opieki.<\/li>\n<li>Dzi\u015b <strong>niedziela Misyjna, rozpoczynaj\u0105ca<\/strong> <strong>Tydzie\u0144 Misyjny<\/strong>. Pami\u0119tajmy z tej okazji w\u00a0modlitwie o misjach i misjonarzach.<\/li>\n<li><strong>Nabo\u017ce\u0144stwo R\u00f3\u017ca\u0144cowe<\/strong> <strong>dzi\u015b o godz. 17.30.<\/strong> Zapraszamy wszystkich do wsp\u00f3lnej modlitwy r\u00f3\u017ca\u0144cowej i przypominamy, \u017ce w\u00a0naszym ko\u015bciele <strong>nabo\u017ce\u0144stwo r\u00f3\u017ca\u0144cowe odprawiamy codziennie o godz. 16.30 dla dzieci<\/strong> (w dniach nauki tj. od poniedzia\u0142ku do pi\u0105tku) i <strong>17.30 dla wszystkich<\/strong>.<\/li>\n<li>Jutro przypada liturgiczne<strong> wspomnienie b\u0142. ks. Jana Balickiego.<\/strong> W\u00a0czasie wieczornego nabo\u017ce\u0144stwa r\u00f3\u017ca\u0144cowego, b\u0119dziemy modli\u0107 si\u0119 o\u00a0Jego rych\u0142\u0105 kanonizacj\u0119.<\/li>\n<li>W pi\u0105tek <strong>\u015bwi\u0119to \u015bw. Aposto\u0142\u00f3w, Szymona i Judy Tadeusza<\/strong>.<\/li>\n<li>W najbli\u017csz\u0105 <strong>niedziel\u0119 30 pa\u017adziernika<\/strong> w ko\u015bcio\u0142ach konsekrowanych poza Archikatedr\u0105, b\u0119dzie obchodzona rocznica po\u015bwi\u0119cenia ko\u015bcio\u0142a w\u0142asnego. Dla nas b\u0119dzie to kolejna okazja aby dzi\u0119kowa\u0107 Bogu za dar tej \u015bwi\u0105tyni i tych wszystkich, kt\u00f3rzy na przestrzeni ju\u017c ponad czterech wiek\u00f3w najpierw j\u0105 wybudowali, potem wyposa\u017cyli a\u00a0nast\u0119pnie dbali o jej pi\u0119kno.<\/li>\n<li>Tak\u017ce za tydzie\u0144 <strong>w niedziel\u0119, niejako w wigili\u0119 Uroczysto\u015bci Wszystkich \u015awi\u0119tych<\/strong>, wszystkich parafian i go\u015bci a szczeg\u00f3lnie dzieci i m\u0142odzie\u017c, zapraszamy do udzia\u0142u w niecodziennej procesji pod has\u0142em <strong>&#8222;W drog\u0119 ze \u015bwi\u0119tymi&#8221;<\/strong>. Wydarzenie to rozpocznie si\u0119\u00a0Msz\u0105 \u015bw. o godz. 11:30 a po niej z\u00a0 relikwiami \u015bwi\u0119tych, modl\u0105c si\u0119 i \u015bpiewaj\u0105c przejdziemy ulicami miasta nios\u0105c na plac przed MCK. Tam b\u0119dziemy mie\u0107 okazj\u0119 wys\u0142ucha\u0107 koncertu\u00a0 <strong>naszej Diakoni Muzycznej<\/strong> a po nim b\u0119d\u0105 mia\u0142y miejsce zabawy, gry i konkursy dla dzieci. Rodzic\u00f3w prosimy o\u00a0przygotowanie wraz z dzie\u0107mi stroi i\u00a0kreacji \u015bwi\u0119tych. Wi\u0119cej informacji na plakatach, u\u00a0katechet\u00f3w lub ks. Witolda.<\/li>\n<li>Zbli\u017ca si\u0119 <strong>Uroczysto\u015b\u0107 Wszystkich \u015awi\u0119tych<\/strong> i miesi\u0105c modlitwy za zmar\u0142ych. Ju\u017c teraz zadbajmy o\u00a0uporz\u0105dkowaniu grob\u00f3w naszych bliskich, zmar\u0142ych kap\u0142an\u00f3w, szczeg\u00f3lnie tych, kt\u00f3rzy pracowali w naszej parafii i udzielali nam \u015bwi\u0119tych sakrament\u00f3w. Pami\u0119\u0107 i\u00a0modlitwa o\u00a0zmar\u0142ych to zawsze wyraz naszej wdzi\u0119czno\u015bci i\u00a0wiary w \u015bwi\u0119tych obcowanie.<\/li>\n<li>Na o\u0142tarzach s\u0105 wy\u0142o\u017cone kartki wypominkowe. Mo\u017cna je zabiera\u0107 i po czytelnym wype\u0142nieniu sk\u0142ada\u0107 do skrzynki z napisem <strong>WYPOMINKI<\/strong> przy o\u0142tarzu Serca Jezusowego.<\/li>\n<li>Dzisiejsza taca mszalna jest przeznaczona na <strong>potrzeby misji. <\/strong><\/li>\n<li>Przypominamy, \u017ce za tydzie\u0144, z soboty na niedziel\u0119 <strong>zmiana czasu na zimowy<\/strong>.<\/li>\n<li>W tym roku <strong>nie b\u0119dzie przy ko\u015bciele kiermaszu stroik\u00f3w na groby,<\/strong> ale mo\u017cna je naby\u0107 w<strong>siedzibie Warsztat\u00f3w Terapii Zaj\u0119ciowej przy naszym Caritas <\/strong><strong>codziennie od poniedzia\u0142ku do pi\u0105tku w godz. 7-14. <\/strong><strong>Za\u015b nasza m\u0142odzie\u017c oazowa,<\/strong>dzi\u015b i do pi\u0105tku w\u0142\u0105cznie przy ko\u015bciele a nast\u0119pnie w dniach 29 i 30 pa\u017adziernika przy cmentarzu, b\u0119dzie <strong>rozprowadza\u0107\u00a0znicze<\/strong> a zgromadzone w ten spos\u00f3b \u015brodki zasil\u0105 m\u0142odzie\u017cowy fundusz rekolekcyjny.<\/li>\n<li>W Siewcy przed po\u0142udniem do nabycia <strong>prasa i publikacje katolickie. <\/strong>S\u0105 tam te\u017c <strong>kalendarze<\/strong> na przysz\u0142y rok i<strong> Ewangelie z rozwa\u017caniami na ka\u017cdy dzie\u0144 2023 r.<\/strong><\/li>\n<\/ol>\n<p><strong><u>Intencje zbiorowe: <\/u><\/strong><\/p>\n<ul>\n<li>W intencji Ko\u015bcio\u0142a, Ojczyzny, parafii i naszych rodzin za przyczyn\u0105 \u015awi\u0119tego Micha\u0142a Archanio\u0142a \u2013 wtorek, godz. 6.30.<\/li>\n<li>W intencji pracownik\u00f3w Inspektoratu ZUS w Le\u017cajsku \u2013 wtorek, godz. 15.15.<\/li>\n<li>W intencji nowennowych pr\u00f3\u015bb i podzi\u0119kowa\u0144 do MB Pocieszenia \u2013 \u015broda, godz. 18.00.<\/li>\n<li>Za \u015bp. W\u0142adys\u0142aw\u0119 Wawrzaszek \u2013 intencja od mieszka\u0144c\u00f3w ul. Lipy \u2013 pi\u0105tek, godz. 18.00.<\/li>\n<li>Z R\u00f3\u017cy \u015bw. b\u0142. Ks. Jana Balickiego \u2013 niedziela, godz. 18.00.<\/li>\n<\/ul>\n<p>W ostatnim tygodniu odeszli od nas do wieczno\u015bci <strong>\u015bp. Ryszard Bieniek<\/strong> z ul. Sanowej, <strong>J\u00f3zef Jakubowski<\/strong> z ul. Braci \u015aniadeckich, <strong>Joanna Fularz<\/strong> z ul. Mickiewicza i <strong>Helena D\u0105bek<\/strong> z ul. Wa\u0142owej \u2013 wieczny odpoczynek \u2026..<\/p>\n","protected":false},"excerpt":{"rendered":"<p>Ksi\u0119dzu Biskupowi Stanis\u0142awowi Jamrozkowi, sk\u0142adamy serdeczne podzi\u0119kowanie za dzisiejsz\u0105 obecno\u015b\u0107 mi\u0119dzy nami, za wsp\u00f3ln\u0105 modlitw\u0119 i pasterskie s\u0142owo w ramach wizytacji kanonicznej parafii. Za wszelkie dobro i \u017cyczliwo\u015b\u0107 wobec naszej Wsp\u00f3lnoty parafialnej niech dobry B\u00f3g hojnie Ksi\u0119dzu Biskupowi b\u0142ogos\u0142awi a MB Pocieszenia Nasza Pani Le\u017cajska otacza p\u0142aszczem swojej macierzy\u0144skiej opieki. Dzi\u015b niedziela Misyjna, rozpoczynaj\u0105ca Tydzie\u0144 [&hellip;]<\/p>\n","protected":false},"author":4,"featured_media":0,"comment_status":"closed","ping_status":"open","sticky":false,"template":"","format":"standard","meta":[],"categories":[5],"tags":[],"_links":{"self":[{"href":"https:\/\/lezajsk.przemyska.pl\/index.php?rest_route=\/wp\/v2\/posts\/14576"}],"collection":[{"href":"https:\/\/lezajsk.przemyska.pl\/index.php?rest_route=\/wp\/v2\/posts"}],"about":[{"href":"https:\/\/lezajsk.przemyska.pl\/index.php?rest_route=\/wp\/v2\/types\/post"}],"author":[{"embeddable":true,"href":"https:\/\/lezajsk.przemyska.pl\/index.php?rest_route=\/wp\/v2\/users\/4"}],"replies":[{"embeddable":true,"href":"https:\/\/lezajsk.przemyska.pl\/index.php?rest_route=%2Fwp%2Fv2%2Fcomments&post=14576"}],"version-history":[{"count":1,"href":"https:\/\/lezajsk.przemyska.pl\/index.php?rest_route=\/wp\/v2\/posts\/14576\/revisions"}],"predecessor-version":[{"id":14577,"href":"https:\/\/lezajsk.przemyska.pl\/index.php?rest_route=\/wp\/v2\/posts\/14576\/revisions\/14577"}],"wp:attachment":[{"href":"https:\/\/lezajsk.przemyska.pl\/index.php?rest_route=%2Fwp%2Fv2%2Fmedia&parent=14576"}],"wp:term":[{"taxonomy":"category","embeddable":true,"href":"https:\/\/lezajsk.przemyska.pl\/index.php?rest_route=%2Fwp%2Fv2%2Fcategories&post=14576"},{"taxonomy":"post_tag","embeddable":true,"href":"https:\/\/lezajsk.przemyska.pl\/index.php?rest_route=%2Fwp%2Fv2%2Ftags&post=14576"}],"curies":[{"name":"wp","href":"https:\/\/api.w.org\/{rel}","templated":true}]}}