
{"id":14522,"date":"2022-10-15T22:23:05","date_gmt":"2022-10-15T20:23:05","guid":{"rendered":"https:\/\/lezajsk.przemyska.pl\/?p=14522"},"modified":"2022-10-15T22:23:05","modified_gmt":"2022-10-15T20:23:05","slug":"xxix-niedziela-zwykla-16-10-2022-r","status":"publish","type":"post","link":"https:\/\/lezajsk.przemyska.pl\/?p=14522","title":{"rendered":"XXIX Niedziela zwyk\u0142a &#8211; 16.10.2022 r."},"content":{"rendered":"<ol>\n<li>Dzi\u015b w ca\u0142ej Polsce \u015bwi\u0119tujemy kolejny <strong>Dzie\u0144 Papieski<\/strong>. Z tej okazji oaza Dzieci Bo\u017cych z pomoc\u0105 r\u00f3\u017c r\u00f3\u017ca\u0144cowych rozprowadza \u201ekrem\u00f3wki papieskie\u201d a m\u0142odzie\u017c oazowa zbiera do puszek ofiary na rzecz <strong>Fundacji \u201eDzie\u0142o Nowego Tysi\u0105clecia\u201d.<\/strong><\/li>\n<li><strong>Nabo\u017ce\u0144stwo R\u00f3\u017ca\u0144cowe<\/strong> dzi\u015b o godz. 17.30. Zapraszamy wszystkich do wsp\u00f3lnej modlitwy r\u00f3\u017ca\u0144cowej i przypominamy, \u017ce w\u00a0naszym ko\u015bciele <strong>nabo\u017ce\u0144stwo r\u00f3\u017ca\u0144cowe odprawiamy codziennie o godz. 16.30 dla dzieci<\/strong> (w dniach nauki tj. od poniedzia\u0142ku do pi\u0105tku) i <strong>17.30 dla wszystkich<\/strong>.<\/li>\n<li>Jutro po Mszy \u015bw. <strong>spotkanie Akcji Katolickiej<\/strong>. Wszystkich cz\u0142onk\u00f3w Akcji Katolickiej serdecznie zapraszamy.<\/li>\n<li>We wtorek <strong>\u015bwi\u0119to \u015bw. \u0141ukasza Aposto\u0142a<\/strong>. B\u0119dziemy modli\u0107 si\u0119 w\u00a0intencji wszystkich pracownik\u00f3w s\u0142u\u017cby zdrowia a tak\u017ce naszego wikariusza <strong> \u0141ukasza Mendrali z okazji jego imienin<\/strong>.<\/li>\n<li>Tak\u017ce we wtorek <strong>nowenna do \u015aw. J\u00f3zefa \u2013 Oblubie\u0144ca NMP<\/strong>. Podzi\u0119kowania i\u00a0pro\u015bby mo\u017cna sk\u0142ada\u0107 bezpo\u015brednio przed nabo\u017ce\u0144stwem na o\u0142tarzu Matki Bo\u017cej.<\/li>\n<li>M\u0142odzie\u017c z klas VIII, kt\u00f3ra w najbli\u017csz\u0105 niedziel\u0119 przyjmie sakrament bierzmowania, zapraszamy w pi\u0105tek na <strong>nabo\u017ce\u0144stwo r\u00f3\u017ca\u0144cowe o godz.. 17.30 i Msz\u0119 \u015bw<\/strong>. w czasie kt\u00f3rej przyjm\u0105 <strong>po\u015bwi\u0119cone krzy\u017ce<\/strong>. Po Mszy \u015bw. pr\u00f3ba generalna. <strong>Spowied\u017a dla m\u0142odzie\u017cy i ich bliskich<\/strong> w\u00a0sobot\u0119 od godz. 17.00.<\/li>\n<li>W sobot\u0119 liturgiczne <strong>wspomnienie \u015bw. Jana Paw\u0142a II.<\/strong><\/li>\n<li>Tak\u017ce w sobot\u0119 dodatkowy dzie\u0144 ca\u0142odniowej<strong> adoracji Naj\u015bwi\u0119tszego Sakramentu<\/strong>. Jest to og\u00f3lnodiecezjalna idea nieustaj\u0105cej adoracji, codziennie w innej parafii, trwaj\u0105ca ju\u017c od sze\u015bciu lat, z intencj\u0105 szczeg\u00f3lnej modlitwy o nowe powo\u0142ania kap\u0142a\u0144skie i zakonne oraz o\u00a0u\u015bwi\u0119cenie kap\u0142an\u00f3w. <strong>Adoracja rozpocznie si\u0119 po ostatniej porannej Mszy \u015bw. a\u00a0zako\u0144czy przed Msz\u0105 \u015bw. wieczorn\u0105<\/strong>. Do w\u0142\u0105czenia si\u0119 w to wyj\u0105tkowe czuwanie i\u00a0modlitw\u0119 zapraszamy wszystkich parafian a\u00a0szczeg\u00f3lnie wszystkie parafialne wsp\u00f3lnoty. Propozycja godzin adoracyjnych dla poszczeg\u00f3lnych grup jest wywieszona na tablicy og\u0142osze\u0144.<\/li>\n<li>Wszystkich sympatyk\u00f3w i cz\u0142onk\u00f3w <strong>Dzie\u0142a Pomocy Powo\u0142aniom im. b\u0142. ks. Jana Balickiego<\/strong><strong>\u00a0<\/strong>zapraszamy do udzia\u0142u w dorocznej pielgrzymce do Przemy\u015bla w\u00a0najbli\u017csz\u0105 sobot\u0119 22 pa\u017adziernika. Zapisy w zakrystii do \u015brody w\u0142\u0105cznie a wyjazd z\u00a0parkingu przy ko\u015bciele w sobot\u0119 o\u00a0godz. 7.45.<\/li>\n<li><strong>W najbli\u017csz\u0105 niedziel\u0119 23 pa\u017adziernika<\/strong>, w ramach trwaj\u0105cej ju\u017c w naszym dekanacie <strong>Wizytacji Kanonicznej, Ksi\u0105dz Biskup Stanis\u0142aw Jamrozek,<\/strong> odwiedzi nasz\u0105 parafi\u0119. Dostojny Go\u015b\u0107 sp\u0119dzi z nami ca\u0142\u0105 niedziel\u0119 i w czasie ka\u017cdej Mszy \u015bw., tak\u017ce w ma\u0142ym ko\u015bciele, skieruje do nas swoje pasterskie s\u0142owo. Powitamy Go uroczy\u015bcie <strong>przed pierwsz\u0105 Msz\u0105 \u015bw. o godz. 6.45<\/strong> a w czasie sumy o <strong> 11.30<\/strong>, udzieli naszej m\u0142odzie\u017cy <strong>sakramentu bierzmowania<\/strong>.<\/li>\n<li>W Siewcy przed po\u0142udniem do nabycia <strong>prasa i publikacje katolickie. <\/strong>S\u0105 tam te\u017c <strong>kalendarze<\/strong> na przysz\u0142y rok i<strong> Ewangelie z rozwa\u017caniami na ka\u017cdy dzie\u0144 2023 r.<\/strong><\/li>\n<\/ol>\n<p><strong><u>Intencje zbiorowe: <\/u><\/strong><\/p>\n<ul>\n<li>W intencji Ko\u015bcio\u0142a, Ojczyzny, parafii i naszych rodzin za przyczyn\u0105 \u015awi\u0119tego Micha\u0142a Archanio\u0142a \u2013 wtorek, godz. 6.30.<\/li>\n<li>Z R\u00f3\u017cy \u015bw. \u0141ukasza \u2013 wtorek, godz. 18.00.<\/li>\n<li>W intencji naszego wikariusza ks. \u0141ukasza Mendrali \u2013 z okazji imienin, wtorek, godz. 18.00.<\/li>\n<li>W intencji nowennowych pr\u00f3\u015bb i podzi\u0119kowa\u0144 do MB Pocieszenia \u2013 \u015broda, godz. 18.00.<\/li>\n<li>Z R\u00f3\u017cy MB Pocieszenia \u2013 \u015broda, godz. 18.00.<\/li>\n<li>Za \u015bp. Helen\u0119 Horoszko \u2013 intencja od s\u0105siad\u00f3w \u2013 pi\u0105tek, godz. 6.30.<\/li>\n<li>Za \u015bp. Bronis\u0142aw\u0119 Ciryt \u2013 intencja od pracownik\u00f3w SP nr 1 w Le\u017cajsku \u2013 pi\u0105tek, godz. 6.30.<\/li>\n<li>Z R\u00f3\u017cy \u015bw. Jana Paw\u0142a II \u2013 sobota, godz. 18.00.<\/li>\n<li>Za \u015bp. W\u0142adys\u0142aw\u0119 Pustelny \u2013 intencja od Stra\u017cy Honorowej NSPJ \u2013 niedziela, godz. 16.00.<\/li>\n<\/ul>\n<p>W ostatnim tygodniu odesz\u0142a od nas do wieczno\u015bci <strong>\u015bp. Krystyna Furman<\/strong> z ul. Ko\u0142\u0142\u0105taja \u2013 wieczny odpoczynek.<\/p>\n","protected":false},"excerpt":{"rendered":"<p>Dzi\u015b w ca\u0142ej Polsce \u015bwi\u0119tujemy kolejny Dzie\u0144 Papieski. Z tej okazji oaza Dzieci Bo\u017cych z pomoc\u0105 r\u00f3\u017c r\u00f3\u017ca\u0144cowych rozprowadza \u201ekrem\u00f3wki papieskie\u201d a m\u0142odzie\u017c oazowa zbiera do puszek ofiary na rzecz Fundacji \u201eDzie\u0142o Nowego Tysi\u0105clecia\u201d. Nabo\u017ce\u0144stwo R\u00f3\u017ca\u0144cowe dzi\u015b o godz. 17.30. Zapraszamy wszystkich do wsp\u00f3lnej modlitwy r\u00f3\u017ca\u0144cowej i przypominamy, \u017ce w\u00a0naszym ko\u015bciele nabo\u017ce\u0144stwo r\u00f3\u017ca\u0144cowe odprawiamy codziennie [&hellip;]<\/p>\n","protected":false},"author":4,"featured_media":0,"comment_status":"closed","ping_status":"open","sticky":false,"template":"","format":"standard","meta":[],"categories":[5],"tags":[],"_links":{"self":[{"href":"https:\/\/lezajsk.przemyska.pl\/index.php?rest_route=\/wp\/v2\/posts\/14522"}],"collection":[{"href":"https:\/\/lezajsk.przemyska.pl\/index.php?rest_route=\/wp\/v2\/posts"}],"about":[{"href":"https:\/\/lezajsk.przemyska.pl\/index.php?rest_route=\/wp\/v2\/types\/post"}],"author":[{"embeddable":true,"href":"https:\/\/lezajsk.przemyska.pl\/index.php?rest_route=\/wp\/v2\/users\/4"}],"replies":[{"embeddable":true,"href":"https:\/\/lezajsk.przemyska.pl\/index.php?rest_route=%2Fwp%2Fv2%2Fcomments&post=14522"}],"version-history":[{"count":1,"href":"https:\/\/lezajsk.przemyska.pl\/index.php?rest_route=\/wp\/v2\/posts\/14522\/revisions"}],"predecessor-version":[{"id":14523,"href":"https:\/\/lezajsk.przemyska.pl\/index.php?rest_route=\/wp\/v2\/posts\/14522\/revisions\/14523"}],"wp:attachment":[{"href":"https:\/\/lezajsk.przemyska.pl\/index.php?rest_route=%2Fwp%2Fv2%2Fmedia&parent=14522"}],"wp:term":[{"taxonomy":"category","embeddable":true,"href":"https:\/\/lezajsk.przemyska.pl\/index.php?rest_route=%2Fwp%2Fv2%2Fcategories&post=14522"},{"taxonomy":"post_tag","embeddable":true,"href":"https:\/\/lezajsk.przemyska.pl\/index.php?rest_route=%2Fwp%2Fv2%2Ftags&post=14522"}],"curies":[{"name":"wp","href":"https:\/\/api.w.org\/{rel}","templated":true}]}}