
{"id":14485,"date":"2022-10-08T22:55:23","date_gmt":"2022-10-08T20:55:23","guid":{"rendered":"https:\/\/lezajsk.przemyska.pl\/?p=14485"},"modified":"2022-10-08T22:55:23","modified_gmt":"2022-10-08T20:55:23","slug":"xxviii-niedziela-zwykla-9-10-2022-r","status":"publish","type":"post","link":"https:\/\/lezajsk.przemyska.pl\/?p=14485","title":{"rendered":"XXVIII Niedziela zwyk\u0142a &#8211; 9.10.2022 r."},"content":{"rendered":"<ol>\n<li><strong>Nabo\u017ce\u0144stwo R\u00f3\u017ca\u0144cowe<\/strong> dzi\u015b o godz. 17.30. Zapraszamy wszystkich do wsp\u00f3lnej modlitwy r\u00f3\u017ca\u0144cowej i przypominamy, \u017ce w\u00a0naszym ko\u015bciele <strong>nabo\u017ce\u0144stwo r\u00f3\u017ca\u0144cowe odprawiamy codziennie o godz. 16.30 dla dzieci<\/strong> (w dniach nauki tj. od poniedzia\u0142ku do pi\u0105tku) i <strong>17.30 dla wszystkich<\/strong>.<\/li>\n<li>Jutro o godz. 16.00 w ma\u0142ym ko\u015bciele spotkanie dla <strong>kandydat\u00f3w do bierzmowania z\u00a0klasy VII A<\/strong> a o godz. 17.00 z <strong>klasy VII B<\/strong>. M\u0142odzie\u017c przynosi ze sob\u0105 indeksy. <strong>Klasy VIII<\/strong> zapraszamy na nabo\u017ce\u0144stwo fatimskie w czwartek, godz. 18.00.<\/li>\n<li>Tak\u017ce jutro po Mszy \u015bw. wieczornej <strong>spotkanie R\u00f3\u017c R\u00f3\u017ca\u0144cowych, Apostolskiego Dzie\u0142a Pomocy dla Czy\u015b\u0107ca oraz Dzie\u0142a Pomocy Powo\u0142aniom<\/strong>.<\/li>\n<li>We wtorek, wyj\u0105tkowo, <strong>spotkanie Bractwa Szkaplerza \u015awi\u0119tego<\/strong>.<\/li>\n<li>Tak\u017ce we wtorek <strong>nowenna do \u015bw. Antoniego<\/strong> i b\u0142ogos\u0142awie\u0144stwo dzieci. Pro\u015bby i\u00a0podzi\u0119kowania mo\u017cna sk\u0142ada\u0107 przy figurze \u015bwi\u0119tego.<\/li>\n<li>W \u015brod\u0119, tak\u017ce na zasadzie wyj\u0105tku, po Mszy \u015bw. <strong>spotkanie Stra\u017cy Honorowej NSPJ<\/strong>.<\/li>\n<li><strong>Poradnia Rodzinna<\/strong> dla narzeczonych tym razem ze wzgl\u0119du na nabo\u017ce\u0144stwo fatimskie, nie w czwartek ale w \u015brod\u0119 po Mszy \u015bw.<\/li>\n<li><strong>Z okazji<\/strong> <strong>Dnia Nauczyciela<\/strong> zapraszamy wszystkich nauczycieli i wychowawc\u00f3w na r\u00f3\u017caniec i Msz\u0119 \u015bw. w ich intencji, <strong>w \u015brod\u0119 na godz. 17.30<\/strong> a\u00a0po Mszy \u015bw. spotkanie w\u00a0ramach Duszpasterstwa Nauczycieli na plebani.<\/li>\n<li>W czwartek wszystkich czcicieli Matki Bo\u017cej zapraszamy na ostatnie w tym roku\u00a0<strong>Nabo\u017ce\u0144stwo Fatimskie<\/strong> z procesj\u0105 r\u00f3\u017ca\u0144cow\u0105 o godz. 18.00.\u00a0W tym dniu wyj\u0105tkowo <strong>nie b\u0119dzie r\u00f3\u017ca\u0144ca o godz. 17.30<\/strong>. Serdecznie zapraszamy<\/li>\n<li>Za tydzie\u0144 w niedziel\u0119 16 pa\u017adziernika, przypada <strong>44 rocznica wyboru \u015bw. Jana Paw\u0142a II<\/strong> na Stolic\u0119 Piotrow\u0105. Tego dnia pami\u0119tajmy w modlitwie tak\u017ce o naszym <strong>Arcybiskupie Seniorze J\u00f3zefie Michaliku<\/strong> z racji rocznicy Jego \u015bwi\u0119ce\u0144 biskupich.<\/li>\n<li>Za tydzie\u0144 b\u0119dziemy tak\u017ce \u015bwi\u0119towa\u0107 kolejny <strong>Dzie\u0144 Papieski<\/strong>. W tym dniu nasza m\u0142odzie\u017c z pomoc\u0105 r\u00f3\u017c r\u00f3\u017ca\u0144cowych b\u0119dzie rozprowadza\u0107 \u201ekrem\u00f3wki papieskie\u201d a\u00a0ponadto b\u0119d\u0105 zbierane przez m\u0142odzie\u017c oazow\u0105 ofiary do puszek na rzecz <strong>Fundacji \u201eDzie\u0142o Nowego Tysi\u0105clecia\u201d.<\/strong><\/li>\n<li><strong>Cz\u0142onk\u00f3w Dzie\u0142a Pomocy Powo\u0142aniom im. b\u0142. ks. Jana Balickiego<\/strong>, oraz wszystkich zatroskanych o powo\u0142ania kap\u0142a\u0144skie i zakonne zapraszamy do udzia\u0142u w dorocznej pielgrzymce do Bazyliki Archikatedralnej i Wy\u017cszego Seminarium Duchownego w Przemy\u015blu, kt\u00f3ra odb\u0119dzie si\u0119\u00a0w\u00a0<strong>sobot\u0119\u00a0\u00a022 pa\u017adziernika<\/strong>. Zapisy w zakrystii lub u ks. Witolda.<\/li>\n<li>Przypominamy, \u017ce nast\u0105pi\u0142a ma\u0142a zmiana je\u015bli chodzi o popo\u0142udniowy dy\u017cur w kancelarii. Jest ona czynna w godz. <strong>od 16.30 do 17.30<\/strong>.<\/li>\n<li>Dzi\u015b <strong>liczenie wiernych <\/strong>na potrzeby <strong>Instytutu Statystyki Ko\u015bcio\u0142a Katolickiego<\/strong>. Dzi\u0119kujemy Bractwu Szkaplerza \u015awi\u0119tego za podj\u0119cie si\u0119 tego zadania.<\/li>\n<li><strong>Dzisiejsza taca mszalna<\/strong> jest przeznaczona na trwaj\u0105ce prace remontowe przy dachu naszej Fary, za kt\u00f3re sk\u0142adamy serdeczne B\u00f3g zap\u0142a\u0107.<\/li>\n<li>Przy naszej parafii w domu katechetycznym, z inicjatywy Caritas Archidiecezji Przemyskiej zosta\u0142a uruchomiona <strong>wypo\u017cyczalnia sprz\u0119tu rehabilitacyjnego<\/strong>. Dla zainteresowanych szczeg\u00f3\u0142y na tablicy og\u0142osze\u0144.<\/li>\n<li><strong>W Siewcy<\/strong> przed po\u0142udniem do nabycia <strong>prasa i publikacje katolickie a p<\/strong>rzed ko\u015bcio\u0142em, z\u00a0r\u0105k ministrant\u00f3w mo\u017cna odebra\u0107 najnowszy numer naszej parafialnej gazetki<\/li>\n<li>Dzi\u015b na Rynku naszego Miasta o godz. 12.00 rozpocznie si\u0119 <strong>piknik charytatywny dedykowany malutkiej dziewczynce Poli Matuszek<\/strong>, kt\u00f3ra choruje na SMA. B\u0119d\u0105 zbierane \u015brodki na zakup leku, kt\u00f3ry mo\u017ce uratowa\u0107 jej \u017cycie, a cena leku jest niewyobra\u017calnie wysoka bo prawie 9,5 mln z\u0142otych. Pola pochodzi z miejscowo\u015bci Bia\u0142oboki, obok Przeworska. Rodzice, znajomi, wolontariusze, ludzie dobrej woli prosz\u0105 o pomoc i wsparcie.<\/li>\n<\/ol>\n<p><strong><u>Intencje zbiorowe: <\/u><\/strong><\/p>\n<ul>\n<li>Za \u015bp. Bronis\u0142aw\u0119 Gut \u2013 intencja od s\u0105siad\u00f3w z bloku przy ul. Staszica 3 \u2013 poniedzia\u0142ek, godz. 6.30.<\/li>\n<li>Z R\u00f3\u017cy \u015bw. Urszuli Led\u00f3chowskiej \u2013 poniedzia\u0142ek, godz. 18.00.<\/li>\n<li>W intencji Ko\u015bcio\u0142a, Ojczyzny, parafii i naszych rodzin za przyczyn\u0105 \u015awi\u0119tego Micha\u0142a Archanio\u0142a \u2013 wtorek, godz. 6.30.<\/li>\n<li>W intencji nowennowych pr\u00f3\u015bb i podzi\u0119kowa\u0144 do MB Pocieszenia \u2013 \u015broda, godz. 18.00.<\/li>\n<li>Za \u015bp. Helen\u0119 Chmiel \u2013 intencja od grupy pielgrzymkowej z Grodziska \u2013 \u015broda, godz. 18.00.<\/li>\n<li>W intencji wszystkich R\u00f3\u017c R\u00f3\u017ca\u0144cowych \u2013 czwartek, godz. 18.00.<\/li>\n<li>Za \u015bp. W\u0142adys\u0142aw\u0119 Pusteln\u0105 \u2013 intencja od pracownik\u00f3w oraz kole\u017canek i koleg\u00f3w z \u015aDS w \u0141aszczynach filia w Zmys\u0142\u00f3wce \u2013 pi\u0105tek i sobota, godz. 6.30.<\/li>\n<li>Z intencji Stra\u017cy Honorowej NSPJ \u2013 pi\u0105tek, godz. 18.00.<\/li>\n<li>Z intencji Ko\u0142a Przyjaci\u00f3\u0142 Radia Maryja \u2013 pi\u0105tek, godz. 18.00.<\/li>\n<li>Z intencji Bractwa Szkaplerza \u015awi\u0119tego \u2013 sobota, godz. 18.00.<\/li>\n<li>Z R\u00f3\u017cy \u015bw. Jadwigi \u2013 niedziela, godz. 10.00.<\/li>\n<li>Z R\u00f3\u017cy \u015bw. Jana Paw\u0142a II \u2013 niedziela, godz. 16.00.<\/li>\n<\/ul>\n","protected":false},"excerpt":{"rendered":"<p>Nabo\u017ce\u0144stwo R\u00f3\u017ca\u0144cowe dzi\u015b o godz. 17.30. Zapraszamy wszystkich do wsp\u00f3lnej modlitwy r\u00f3\u017ca\u0144cowej i przypominamy, \u017ce w\u00a0naszym ko\u015bciele nabo\u017ce\u0144stwo r\u00f3\u017ca\u0144cowe odprawiamy codziennie o godz. 16.30 dla dzieci (w dniach nauki tj. od poniedzia\u0142ku do pi\u0105tku) i 17.30 dla wszystkich. Jutro o godz. 16.00 w ma\u0142ym ko\u015bciele spotkanie dla kandydat\u00f3w do bierzmowania z\u00a0klasy VII A a o [&hellip;]<\/p>\n","protected":false},"author":4,"featured_media":0,"comment_status":"closed","ping_status":"open","sticky":false,"template":"","format":"standard","meta":[],"categories":[5],"tags":[],"_links":{"self":[{"href":"https:\/\/lezajsk.przemyska.pl\/index.php?rest_route=\/wp\/v2\/posts\/14485"}],"collection":[{"href":"https:\/\/lezajsk.przemyska.pl\/index.php?rest_route=\/wp\/v2\/posts"}],"about":[{"href":"https:\/\/lezajsk.przemyska.pl\/index.php?rest_route=\/wp\/v2\/types\/post"}],"author":[{"embeddable":true,"href":"https:\/\/lezajsk.przemyska.pl\/index.php?rest_route=\/wp\/v2\/users\/4"}],"replies":[{"embeddable":true,"href":"https:\/\/lezajsk.przemyska.pl\/index.php?rest_route=%2Fwp%2Fv2%2Fcomments&post=14485"}],"version-history":[{"count":1,"href":"https:\/\/lezajsk.przemyska.pl\/index.php?rest_route=\/wp\/v2\/posts\/14485\/revisions"}],"predecessor-version":[{"id":14486,"href":"https:\/\/lezajsk.przemyska.pl\/index.php?rest_route=\/wp\/v2\/posts\/14485\/revisions\/14486"}],"wp:attachment":[{"href":"https:\/\/lezajsk.przemyska.pl\/index.php?rest_route=%2Fwp%2Fv2%2Fmedia&parent=14485"}],"wp:term":[{"taxonomy":"category","embeddable":true,"href":"https:\/\/lezajsk.przemyska.pl\/index.php?rest_route=%2Fwp%2Fv2%2Fcategories&post=14485"},{"taxonomy":"post_tag","embeddable":true,"href":"https:\/\/lezajsk.przemyska.pl\/index.php?rest_route=%2Fwp%2Fv2%2Ftags&post=14485"}],"curies":[{"name":"wp","href":"https:\/\/api.w.org\/{rel}","templated":true}]}}