
{"id":14481,"date":"2022-10-01T22:17:03","date_gmt":"2022-10-01T20:17:03","guid":{"rendered":"https:\/\/lezajsk.przemyska.pl\/?p=14481"},"modified":"2022-10-01T22:17:03","modified_gmt":"2022-10-01T20:17:03","slug":"xxvii-niedziela-zwykla-02-10-2022-r","status":"publish","type":"post","link":"https:\/\/lezajsk.przemyska.pl\/?p=14481","title":{"rendered":"XXVII Niedziela zwyk\u0142a &#8211; 02.10.2022 r."},"content":{"rendered":"<ol>\n<li><strong>Nabo\u017ce\u0144stwo R\u00f3\u017ca\u0144cowe<\/strong> dzi\u015b o godz. 17.30. Zapraszamy wszystkich do wsp\u00f3lnej modlitwy r\u00f3\u017ca\u0144cowej i przypominamy, \u017ce w\u00a0naszym ko\u015bciele <strong>nabo\u017ce\u0144stwo r\u00f3\u017ca\u0144cowe odprawiamy codziennie o godz. 16.30 dla dzieci<\/strong> (w dniach nauki tj. od poniedzia\u0142ku do pi\u0105tku) i o <strong>17.30 dla wszystkich<\/strong>.<\/li>\n<li><strong>Dzieci klas III, przygotowuj\u0105ce si\u0119 do przyj\u0119cia I Komunii \u015bw.<\/strong> i ich rodzic\u00f3w zapraszamy we wtorek na nabo\u017ce\u0144stwo r\u00f3\u017ca\u0144cowe o godz. 17.30 a potem Msz\u0119 \u015bw. W\u00a0czasie tego\u017c nabo\u017ce\u0144stwa dzieci otrzymaj\u0105 pob\u0142ogos\u0142awione r\u00f3\u017ca\u0144ce.<\/li>\n<li>Tak\u017ce we wtorek na kr\u00f3tkie spotkanie po Mszy \u015bw. wieczornej zapraszamy <strong>rodzic\u00f3w wszystkich lektor\u00f3w i ministrant\u00f3w.<\/strong><\/li>\n<li>W tam tygodniu przypada <strong>I czwartek i I pi\u0105tek miesi\u0105ca<\/strong>. Adoracja Naj\u015bwi\u0119tszego Sakramentu po Mszy \u015bw. zar\u00f3wno w czwartek ja i w pi\u0105tek do godz. 20.00 a spowied\u017a w\u00a0pi\u0105tek od godz. 16.30.<\/li>\n<li>W pi\u0105tek <strong>odwiedziny chorych w domach z Komuni\u0105 \u015bw<\/strong>. od godz. 9.00.<\/li>\n<li>Z inicjatywy Parafialnego Oddzia\u0142u Akcji Katolickiej, <strong>chcieliby\u015bmy jako wsp\u00f3lnota parafialna wesprze\u0107 wszystkich kandydat\u00f3w do bierzmowania indywidualn\u0105 modlitw\u0105<\/strong>. I tak wzorem lat minionych, mo\u017cna zabra\u0107 z o\u0142tarzy wy\u0142o\u017cone tam obrazki z\u00a0imieniem konkretnego m\u0142odego kandydata (kandydatki) do bierzmowania i wspiera\u0107 go osobist\u0105 modlitw\u0105 do czasu przyj\u0119cia tego\u017c sakramentu czyli do 23 pa\u017adziernika br.<\/li>\n<li>Od jutra nast\u0105pi te\u017c ma\u0142a zmiana je\u015bli chodzi o popo\u0142udniowy dy\u017cur w kancelarii. B\u0119dzie ona czynna w godz. <strong>od 16.30 do 17.30<\/strong>.<\/li>\n<li><strong>Dzisiejsza taca mszalna<\/strong> jest przeznaczona na potrzeby Seminarium Duchownego w\u00a0Przemy\u015blu za\u015b za tydzie\u0144 <strong>z racji II niedzieli miesi\u0105ca<\/strong> taca b\u0119dzie przeznaczona na trwaj\u0105ce prace remontowe przy dachu naszej Fary. Wszystkim darczy\u0144com za ka\u017cd\u0105 przekazan\u0105 z\u0142ot\u00f3wk\u0119, za \u017cyczliwo\u015b\u0107 i\u00a0zrozumienie sk\u0142adamy serdeczne B\u00f3g zap\u0142a\u0107.<\/li>\n<li><strong>W Siewcy<\/strong> do nabycia prasa i publikacje katolickie. Dzi\u015b szczeg\u00f3lnie te\u017c polecamy specjalne wydanie <strong>Go\u015bcia Extra<\/strong> po\u015bwi\u0119cone tajemnicy Bo\u017cego Mi\u0142osierdzia i \u015bw. s.\u00a0Faustynie.<\/li>\n<\/ol>\n<p><strong><u>Intencje zbiorowe:<\/u><\/strong><\/p>\n<ul>\n<li>Za \u015bp. Bronis\u0142aw\u0119 Gut \u2013 intencja od s\u0105siad\u00f3w z bloku przy ul. Staszica 3 \u2013 poniedzia\u0142ek i pi\u0105tek, godz. 6.30.<\/li>\n<li>Z R\u00f3\u017cy \u015bw. Teresy od Dzieci\u0105tka Jezus \u2013 poniedzia\u0142ek, godz. 18.00.<\/li>\n<li>W intencji Ko\u015bcio\u0142a, Ojczyzny, parafii i naszych rodzin za przyczyn\u0105 \u015awi\u0119tego Micha\u0142a Archanio\u0142a \u2013 wtorek, godz. 6.30.<\/li>\n<li>Z R\u00f3\u017cy \u015bw. Kazimierza \u2013 wtorek, godz. 18.00.<\/li>\n<li>Z R\u00f3\u017cy \u015bw. s. Faustyny \u2013 \u015broda, godz. 18.00.<\/li>\n<li>W intencji nowennowych pr\u00f3\u015bb i podzi\u0119kowa\u0144 do MB Pocieszenia \u2013 \u015broda godz. 18.00.<\/li>\n<li>Za dusze w czy\u015b\u0107cu cierpi\u0105ce \u2013 intencja od Apostolskiego Dzie\u0142a Pomocy Duszom Czy\u015b\u0107cowym \u2013 czwartek, godz. 7.00.<\/li>\n<li>Za kap\u0142an\u00f3w i o nowe powo\u0142ania kap\u0142a\u0144skie i zakonne \u2013 intencja od Stra\u017cy Honorowej NSPJ \u2013 czwartek, godz. 18.00.<\/li>\n<li>Za \u015bp. Zofi\u0119 Kozyra \u2013 intencja od s\u0105siad\u00f3w \u2013 pi\u0105tek, godz. 6.30.<\/li>\n<li>Z intencji Stra\u017cy Honorowej NSPJ \u2013 pi\u0105tek, godz. 18.00.<\/li>\n<li>W intencji Si\u00f3str i Braci z R\u00f3\u017c R\u00f3\u017ca\u0144cowych oraz R\u00f3\u017cy MB R\u00f3\u017ca\u0144cowej \u2013 pi\u0105tek, godz. 18.00.<\/li>\n<li>Z R\u00f3\u017cy \u015bw. Sebastiana \u2013 sobota, godz. 18.00.<\/li>\n<li>Msze \u015bw. gregoria\u0144skie za \u015bp. Lucyn\u0119 Jasion rozpocz\u0119\u0142y si\u0119 wczoraj, poza parafi\u0105.<\/li>\n<\/ul>\n<p>W ostatnim tygodniu odeszli od nas do wieczno\u015bci <strong>\u015bp.<\/strong> <strong>Zbigniew \u0141ach <\/strong>z\u00a0ul. Ko\u0142\u0142\u0105taja, <strong>Edward Gut<\/strong> z ul. Rzeszowskiej i<strong> Jan \u0106wik <\/strong>z ul. Staszica \u2013 wieczny odpoczynek \u2026<\/p>\n","protected":false},"excerpt":{"rendered":"<p>Nabo\u017ce\u0144stwo R\u00f3\u017ca\u0144cowe dzi\u015b o godz. 17.30. Zapraszamy wszystkich do wsp\u00f3lnej modlitwy r\u00f3\u017ca\u0144cowej i przypominamy, \u017ce w\u00a0naszym ko\u015bciele nabo\u017ce\u0144stwo r\u00f3\u017ca\u0144cowe odprawiamy codziennie o godz. 16.30 dla dzieci (w dniach nauki tj. od poniedzia\u0142ku do pi\u0105tku) i o 17.30 dla wszystkich. Dzieci klas III, przygotowuj\u0105ce si\u0119 do przyj\u0119cia I Komunii \u015bw. i ich rodzic\u00f3w zapraszamy we wtorek [&hellip;]<\/p>\n","protected":false},"author":4,"featured_media":0,"comment_status":"closed","ping_status":"open","sticky":false,"template":"","format":"standard","meta":[],"categories":[5],"tags":[],"_links":{"self":[{"href":"https:\/\/lezajsk.przemyska.pl\/index.php?rest_route=\/wp\/v2\/posts\/14481"}],"collection":[{"href":"https:\/\/lezajsk.przemyska.pl\/index.php?rest_route=\/wp\/v2\/posts"}],"about":[{"href":"https:\/\/lezajsk.przemyska.pl\/index.php?rest_route=\/wp\/v2\/types\/post"}],"author":[{"embeddable":true,"href":"https:\/\/lezajsk.przemyska.pl\/index.php?rest_route=\/wp\/v2\/users\/4"}],"replies":[{"embeddable":true,"href":"https:\/\/lezajsk.przemyska.pl\/index.php?rest_route=%2Fwp%2Fv2%2Fcomments&post=14481"}],"version-history":[{"count":1,"href":"https:\/\/lezajsk.przemyska.pl\/index.php?rest_route=\/wp\/v2\/posts\/14481\/revisions"}],"predecessor-version":[{"id":14482,"href":"https:\/\/lezajsk.przemyska.pl\/index.php?rest_route=\/wp\/v2\/posts\/14481\/revisions\/14482"}],"wp:attachment":[{"href":"https:\/\/lezajsk.przemyska.pl\/index.php?rest_route=%2Fwp%2Fv2%2Fmedia&parent=14481"}],"wp:term":[{"taxonomy":"category","embeddable":true,"href":"https:\/\/lezajsk.przemyska.pl\/index.php?rest_route=%2Fwp%2Fv2%2Fcategories&post=14481"},{"taxonomy":"post_tag","embeddable":true,"href":"https:\/\/lezajsk.przemyska.pl\/index.php?rest_route=%2Fwp%2Fv2%2Ftags&post=14481"}],"curies":[{"name":"wp","href":"https:\/\/api.w.org\/{rel}","templated":true}]}}