
{"id":14466,"date":"2022-09-24T21:38:16","date_gmt":"2022-09-24T19:38:16","guid":{"rendered":"https:\/\/lezajsk.przemyska.pl\/?p=14466"},"modified":"2022-09-24T21:38:16","modified_gmt":"2022-09-24T19:38:16","slug":"xxvi-niedziela-zwykla-25-09-2022-r","status":"publish","type":"post","link":"https:\/\/lezajsk.przemyska.pl\/?p=14466","title":{"rendered":"XXVI Niedziela zwyk\u0142a &#8211; 25.09.2022 r."},"content":{"rendered":"<ol>\n<li>Dzi\u015b zapraszamy jeszcze na <strong>nabo\u017ce\u0144stwo eucharystyczne z Koronk\u0105 do Bo\u017cego Mi\u0142osierdzia<\/strong> o godz. 17.30 a po nim Msza \u015bw. wieczorna.<\/li>\n<li>Jutro po Mszy \u015bw. wieczornej <strong>spotkanie Akcji Katolickiej<\/strong>. Wszystkich cz\u0142onk\u00f3w Akcji Katolickiej serdecznie zapraszamy.<\/li>\n<li>We wtorek o godz. 16.00 w ma\u0142ym ko\u015bciele spotkanie dla <strong>kandydat\u00f3w do bierzmowania z<\/strong> <strong>klas VII<\/strong> a w czwartek na Msz\u0119 \u015bw. o godz. 18.00 i spotkanie, <strong>zapraszamy rodzic\u00f3w i\u00a0m\u0142odzie\u017c z klas VIII<\/strong>. M\u0142odzie\u017c przynosi ze sob\u0105 indeksy.<\/li>\n<li>W czwartek <strong>\u015bwi\u0119to \u015awi\u0119tych Archanio\u0142\u00f3w Micha\u0142a, Gabriela i Rafa\u0142a<\/strong>.<\/li>\n<li>W tam tygodniu przypada <strong>I sobota miesi\u0105ca<\/strong> dlatego w sobot\u0119 wszystkich czcicieli Matki Bo\u017cej, zapraszamy na kolejne <strong>nabo\u017ce\u0144stwo I\u00a0soboty<\/strong>, wynagradzaj\u0105ce Niepokalanemu Sercu NMP, po\u0142\u0105czone z modlitw\u0105 r\u00f3\u017ca\u0144cow\u0105 na godz. 17.00. <strong><u>Uwaga; nabo\u017ce\u0144stwo w sobot\u0119 o godz. 17.00 a nie 17.30<\/u><\/strong>. Tego te\u017c dnia po Mszy \u015bw. o godz. 18.00 odb\u0119dzie si\u0119 ostatni w tym roku <strong> \u201eM\u0119ski R\u00f3\u017caniec\u201d<\/strong>. Na to wyj\u0105tkowe nabo\u017ce\u0144stwo i wieczorn\u0105 procesj\u0119 r\u00f3\u017ca\u0144cow\u0105 ju\u017c dzi\u015b zapraszamy wszystkich m\u0119\u017cczyzn, niezale\u017cnie od wieku a tak\u017ce wszystkich zainteresowanych.<\/li>\n<li>Tak\u017ce w sobot\u0119 1 pa\u017adziernika w Przysietnicy k\/Brzozow\u0105 odb\u0119dzie si\u0119 <strong>Archidiecezjalna Pielgrzymka R\u00f3\u017c R\u00f3\u017ca\u0144cowych<\/strong>. Wyjazd o godz. 7:45 (parking przy ko\u015bciele). S\u0105 jeszcze wolne miejsca dlatego zapraszamy do udzia\u0142u szczeg\u00f3lnie zelator\u00f3w, cz\u0142onk\u00f3w r\u00f3\u017c jak i wszystkich czcicieli Matki Bo\u017cej. Zapisy do \u015brody w zakrystii lub u ks. Witolda.<\/li>\n<li>W najbli\u017csz\u0105 niedziel\u0119 na <strong>Mszy \u015bw. o godz. 11.30<\/strong> w ramach obchod\u00f3w <strong>Niedzieli \u015awi\u0119tego Franciszka a zarazem Diecezjalnego Dnia Ekologii \u2013 Laudato Si&#8217;<\/strong>, b\u0119dziemy go\u015bci\u0107 ksi\u0119\u017cy dyrektor\u00f3w Caritas Archidiecezji Przemyskiej i Lwowskiej. Ks. Dyrektor Caritas ze Lwowa wyg\u0142osi do nas okoliczno\u015bciowe s\u0142owo. Przed po\u0142udniem, b\u0119dzie nam towarzyszy\u0142 \u00a0kiermasz wyrob\u00f3w (r\u00f3wnie\u017c ekologicznych) przygotowany przez uczestnik\u00f3w Warsztat\u00f3w Terapii Zaj\u0119ciowej naszego Caritas.<\/li>\n<li><strong>W Siewcy<\/strong> przed po\u0142udniem do nabycia <strong>prasa i publikacje katolickie.<\/strong> Z r\u0105k ministrant\u00f3w mo\u017cna odebra\u0107 darmowy, kolejny numer <strong>Dobrych Nowin<\/strong>. Serdecznie polecamy.<\/li>\n<\/ol>\n<p><strong><u>Intencje zbiorowe: <\/u><\/strong><\/p>\n<ul>\n<li>Za \u015bp. W\u0142adys\u0142awa Karcz \u2013 intencja od s\u0105siad\u00f3w z bloku przy ul. Kopernika 2, kl. I \u2013 poniedzia\u0142ek, godz. 6.30.<\/li>\n<li>W intencji Ko\u015bcio\u0142a, Ojczyzny, parafii i naszych rodzin za przyczyn\u0105 \u015awi\u0119tego Micha\u0142a Archanio\u0142a \u2013 wtorek, godz. 6.30.<\/li>\n<li>Za \u015bp. Stanis\u0142aw\u0119 Garbacz \u2013 intencja od kole\u017canek i koleg\u00f3w z pracy \u2013 wtorek, godz. 18.00.<\/li>\n<li>W intencji nowennowych pr\u00f3\u015bb i podzi\u0119kowa\u0144 do MB Pocieszenia \u2013 \u015broda godz. 18.00.<\/li>\n<li>Za \u015bp. Bronis\u0142aw\u0119 Gut \u2013 intencja od koleg\u00f3w z pracy \u2013 czwartek, godz. 6.30.<\/li>\n<li>Z R\u00f3\u017cy \u015bw. Micha\u0142a Archanio\u0142a \u2013 czwartek, godz. 18.00.<\/li>\n<li>Msze gregoria\u0144skie za \u015bp. Krystyn\u0119 Kubaszewsk\u0105, pocz\u0105tek \u2013 sobota, godz. 6.30.<\/li>\n<li>Za \u015bp. Eugeniusza Matkowskiego \u2013 intencja od dyrekcji i pracownik\u00f3w Centrum Kultury i Bibliotek Gminy D\u0119bica \u2013 sobota, godz. 6.30.<\/li>\n<li>Za \u015bp. Lucyn\u0119 D\u0105bek \u2013 intencja od s\u0105siad\u00f3w z klatki przy ul. Ko\u0142\u0142\u0105taja \u2013 sobota, godz. 6.30.<\/li>\n<li>Wynagradzaj\u0105ca Niepokalanemu Sercu NMP \u2013 intencja od Bractwa Szkaplerza \u015awi\u0119tego i R\u00f3\u017c R\u00f3\u017ca\u0144cowych \u2013 sobota, godz. 18.00.<\/li>\n<li>Z R\u00f3\u017cy \u015bw. Jana z Dukli \u2013 niedziela, godz. 8.30.<\/li>\n<li>Z R\u00f3\u017cy \u015bw. Kingi \u2013 niedziela, godz. 16.00.<\/li>\n<\/ul>\n<p>W ostatnim tygodniu odesz\u0142a od nas do wieczno\u015bci <strong>\u015bp.<\/strong> <strong>Helena Szkodzi\u0144ska <\/strong>z\u00a0ul. Rzeszowskiej \u2013 wieczny odpoczynek \u2026<\/p>\n","protected":false},"excerpt":{"rendered":"<p>Dzi\u015b zapraszamy jeszcze na nabo\u017ce\u0144stwo eucharystyczne z Koronk\u0105 do Bo\u017cego Mi\u0142osierdzia o godz. 17.30 a po nim Msza \u015bw. wieczorna. Jutro po Mszy \u015bw. wieczornej spotkanie Akcji Katolickiej. Wszystkich cz\u0142onk\u00f3w Akcji Katolickiej serdecznie zapraszamy. We wtorek o godz. 16.00 w ma\u0142ym ko\u015bciele spotkanie dla kandydat\u00f3w do bierzmowania z klas VII a w czwartek na Msz\u0119 [&hellip;]<\/p>\n","protected":false},"author":4,"featured_media":0,"comment_status":"closed","ping_status":"open","sticky":false,"template":"","format":"standard","meta":[],"categories":[5],"tags":[],"_links":{"self":[{"href":"https:\/\/lezajsk.przemyska.pl\/index.php?rest_route=\/wp\/v2\/posts\/14466"}],"collection":[{"href":"https:\/\/lezajsk.przemyska.pl\/index.php?rest_route=\/wp\/v2\/posts"}],"about":[{"href":"https:\/\/lezajsk.przemyska.pl\/index.php?rest_route=\/wp\/v2\/types\/post"}],"author":[{"embeddable":true,"href":"https:\/\/lezajsk.przemyska.pl\/index.php?rest_route=\/wp\/v2\/users\/4"}],"replies":[{"embeddable":true,"href":"https:\/\/lezajsk.przemyska.pl\/index.php?rest_route=%2Fwp%2Fv2%2Fcomments&post=14466"}],"version-history":[{"count":1,"href":"https:\/\/lezajsk.przemyska.pl\/index.php?rest_route=\/wp\/v2\/posts\/14466\/revisions"}],"predecessor-version":[{"id":14467,"href":"https:\/\/lezajsk.przemyska.pl\/index.php?rest_route=\/wp\/v2\/posts\/14466\/revisions\/14467"}],"wp:attachment":[{"href":"https:\/\/lezajsk.przemyska.pl\/index.php?rest_route=%2Fwp%2Fv2%2Fmedia&parent=14466"}],"wp:term":[{"taxonomy":"category","embeddable":true,"href":"https:\/\/lezajsk.przemyska.pl\/index.php?rest_route=%2Fwp%2Fv2%2Fcategories&post=14466"},{"taxonomy":"post_tag","embeddable":true,"href":"https:\/\/lezajsk.przemyska.pl\/index.php?rest_route=%2Fwp%2Fv2%2Ftags&post=14466"}],"curies":[{"name":"wp","href":"https:\/\/api.w.org\/{rel}","templated":true}]}}