
{"id":14459,"date":"2022-09-17T22:31:16","date_gmt":"2022-09-17T20:31:16","guid":{"rendered":"https:\/\/lezajsk.przemyska.pl\/?p=14459"},"modified":"2022-09-17T22:38:33","modified_gmt":"2022-09-17T20:38:33","slug":"xxv-niedziela-zwykla-18-09-2022-r","status":"publish","type":"post","link":"https:\/\/lezajsk.przemyska.pl\/?p=14459","title":{"rendered":"XXV Niedziela zwyk\u0142a &#8211; 18.09.2022 r."},"content":{"rendered":"<ol>\n<li>Dzi\u015b <strong>zapraszamy jeszcze na nieszpory niedzielne <\/strong>o godz. 17.30.<\/li>\n<li>Dzi\u015b tak\u017ce przypada<strong> Niedziela \u015arodk\u00f3w Spo\u0142ecznego Przekazu<\/strong>. Nasz\u0105 modlitw\u0105 i\u00a0trosk\u0105 obejmujemy wszystkich pracownik\u00f3w medi\u00f3w, zw\u0142aszcza katolickich. Z tej okazji zach\u0119camy te\u017c wszystkich do czytelnictwa i prenumeraty czasopism katolickich, kt\u00f3rych spory wyb\u00f3r, poleca nasz kiosk Siewca. Polecamy <strong>Archidiecezjalne Radio FARA<\/strong> a\u00a0tak\u017ce nasz\u0105<strong> internetow\u0105 stron\u0119 parafialn\u0105<\/strong>, gdzie ks. \u0141ukasz stara si\u0119 systematycznie zamieszcza\u0107 wszystkie najwa\u017cniejsze informacje dotycz\u0105ce naszej parafii i nie tylko.<\/li>\n<li><strong>Zbi\u00f3rka wszystkich ministrant\u00f3w i lektor\u00f3w<\/strong> jutro o godz. 16.30.<\/li>\n<li>We wtorek <strong>nowenna do \u015aw. J\u00f3zefa \u2013 Oblubie\u0144ca NMP<\/strong>. Podzi\u0119kowania i\u00a0pro\u015bby mo\u017cna sk\u0142ada\u0107 bezpo\u015brednio przed nabo\u017ce\u0144stwem na o\u0142tarzu Matki Bo\u017cej.<\/li>\n<li>W \u015brod\u0119 <strong>\u015bwi\u0119to \u015bw. Mateusza Aposto\u0142a i Ewangelisty<\/strong>.<\/li>\n<li>Tak\u017ce w \u015brod\u0119 na Msz\u0119 \u015bw. o godz. 18.00 i spotkanie organizacyjne, <strong>zapraszamy rodzic\u00f3w i\u00a0m\u0142odzie\u017c z klas VI, rozpoczynaj\u0105c\u0105 przygotowanie do przyj\u0119cia sakramentu bierzmowania.<\/strong><\/li>\n<li><strong>Rodzic\u00f3w dzieci z klas III, przygotowuj\u0105cych si\u0119 do przyj\u0119cia I Komunii \u015bw.<\/strong> zapraszamy w czwartek na Msz\u0119 \u015bw. o godz. 18.00 i spotkanie organizacyjne.<\/li>\n<li>W pi\u0105tek po Mszy \u015bw. wieczornej <strong>spotkanie Rady Parafialnej<\/strong>. Wszystkich cz\u0142onk\u00f3w prosimy o niezawodne przybycie.<\/li>\n<li>W dalszym ci\u0105gu, w zakrystii mo\u017cna si\u0119 zapisa\u0107 na wyjazd na <strong>Pielgrzymk\u0119 R\u00f3\u017c R\u00f3\u017ca\u0144cowych do Przysietnicy<\/strong> w sobot\u0119 1 pa\u017adziernika. Program spotkania wywieszony jest w gablocie.<\/li>\n<li>Dzisiejsza taca mszalna z racji <strong>Niedzieli \u015arodk\u00f3w Masowego Przekazu<\/strong> jest przeznaczona na <strong>Archidiecezjalne<\/strong> <strong>Radio FARA<\/strong>.<\/li>\n<li><strong>W Siewcy<\/strong> przed po\u0142udniem do nabycia prasa i publikacje katolickie.<\/li>\n<li><strong>Urz\u0105d Pracy w Le\u017cajsku<\/strong> informuje, i\u017c posiada \u015brodki na tzw. \u201eBonus na zasiedlenie\u201d dla os\u00f3b bezrobotnych do 30 roku \u017cycia. Szczeg\u00f3\u0142owe informacje w urz\u0119dzie.<\/li>\n<\/ol>\n<p><strong><u>Intencje zbiorowe:<\/u><\/strong><\/p>\n<ul>\n<li>Za \u015bp. Teres\u0119 Wawrzaszek \u2013 intencja od pracownik\u00f3w Urz\u0119du Pocztowego w Le\u017cajsku \u2013 poniedzia\u0142ek, godz. 7.00.<\/li>\n<li>W intencji Ko\u015bcio\u0142a, Ojczyzny, parafii i naszych rodzin za przyczyn\u0105 \u015awi\u0119tego Micha\u0142a Archanio\u0142a \u2013 wtorek, godz. 6.30.<\/li>\n<li>W intencji nowennowych pr\u00f3\u015bb i podzi\u0119kowa\u0144 do MB Pocieszenia \u2013 \u015broda godz. 18.00.<\/li>\n<li>Z R\u00f3\u017cy \u015bw. o. Pio \u2013 czwartek i pi\u0105tek, godz. 7.00.<\/li>\n<\/ul>\n<p>W ostatnim tygodniu odesz\u0142a od nas do wieczno\u015bci <strong>\u015bp.<\/strong> <strong>Janina Iwanci\u00f3w <\/strong>z\u00a0ul. Kopernika \u2013 wieczny odpoczynek \u2026<\/p>\n","protected":false},"excerpt":{"rendered":"<p>Dzi\u015b zapraszamy jeszcze na nieszpory niedzielne o godz. 17.30. Dzi\u015b tak\u017ce przypada Niedziela \u015arodk\u00f3w Spo\u0142ecznego Przekazu. Nasz\u0105 modlitw\u0105 i\u00a0trosk\u0105 obejmujemy wszystkich pracownik\u00f3w medi\u00f3w, zw\u0142aszcza katolickich. Z tej okazji zach\u0119camy te\u017c wszystkich do czytelnictwa i prenumeraty czasopism katolickich, kt\u00f3rych spory wyb\u00f3r, poleca nasz kiosk Siewca. Polecamy Archidiecezjalne Radio FARA a\u00a0tak\u017ce nasz\u0105 internetow\u0105 stron\u0119 parafialn\u0105, gdzie ks. [&hellip;]<\/p>\n","protected":false},"author":4,"featured_media":0,"comment_status":"closed","ping_status":"open","sticky":false,"template":"","format":"standard","meta":[],"categories":[5],"tags":[],"_links":{"self":[{"href":"https:\/\/lezajsk.przemyska.pl\/index.php?rest_route=\/wp\/v2\/posts\/14459"}],"collection":[{"href":"https:\/\/lezajsk.przemyska.pl\/index.php?rest_route=\/wp\/v2\/posts"}],"about":[{"href":"https:\/\/lezajsk.przemyska.pl\/index.php?rest_route=\/wp\/v2\/types\/post"}],"author":[{"embeddable":true,"href":"https:\/\/lezajsk.przemyska.pl\/index.php?rest_route=\/wp\/v2\/users\/4"}],"replies":[{"embeddable":true,"href":"https:\/\/lezajsk.przemyska.pl\/index.php?rest_route=%2Fwp%2Fv2%2Fcomments&post=14459"}],"version-history":[{"count":2,"href":"https:\/\/lezajsk.przemyska.pl\/index.php?rest_route=\/wp\/v2\/posts\/14459\/revisions"}],"predecessor-version":[{"id":14461,"href":"https:\/\/lezajsk.przemyska.pl\/index.php?rest_route=\/wp\/v2\/posts\/14459\/revisions\/14461"}],"wp:attachment":[{"href":"https:\/\/lezajsk.przemyska.pl\/index.php?rest_route=%2Fwp%2Fv2%2Fmedia&parent=14459"}],"wp:term":[{"taxonomy":"category","embeddable":true,"href":"https:\/\/lezajsk.przemyska.pl\/index.php?rest_route=%2Fwp%2Fv2%2Fcategories&post=14459"},{"taxonomy":"post_tag","embeddable":true,"href":"https:\/\/lezajsk.przemyska.pl\/index.php?rest_route=%2Fwp%2Fv2%2Ftags&post=14459"}],"curies":[{"name":"wp","href":"https:\/\/api.w.org\/{rel}","templated":true}]}}