
{"id":14414,"date":"2022-09-10T22:12:11","date_gmt":"2022-09-10T20:12:11","guid":{"rendered":"https:\/\/lezajsk.przemyska.pl\/?p=14414"},"modified":"2022-09-11T09:20:45","modified_gmt":"2022-09-11T07:20:45","slug":"xxiv-niedziela-zwykla-11-09-2022-r","status":"publish","type":"post","link":"https:\/\/lezajsk.przemyska.pl\/?p=14414","title":{"rendered":"XXIV Niedziela zwyk\u0142a &#8211; 11.09.2022 r."},"content":{"rendered":"<ol>\n<li>Dzi\u015b jeszcze\u00a0zapraszamy na nabo\u017ce\u0144stwo eucharystyczne z Koronk\u0105 do Bo\u017cego Mi\u0142osierdzia<strong> na\u00a0godz. 17.30<\/strong>.\u00a0Po nabo\u017ce\u0144stwie Msza \u015bw. wieczorna.<\/li>\n<li>We wtorek 13 wrze\u015bnia na godz. 18.00, zapraszamy wszystkich czcicieli Matki Bo\u017cej na kolejne <strong>Nabo\u017ce\u0144stwo Fatimskie z procesj\u0105 r\u00f3\u017ca\u0144cow\u0105<\/strong>.<\/li>\n<li>W \u015brod\u0119 <strong>\u015bwi\u0119to Podwy\u017cszenia Krzy\u017ca \u015awi\u0119tego.<\/strong> Po Mszy \u015bw. o godz. 18.00 odprawimy <strong>nabo\u017ce\u0144stwo Drogi Krzy\u017cowej<\/strong> id\u0105c do krzy\u017ca przy placu targowym. B\u0119dziemy modli\u0107 si\u0119 w intencji naszej Ojczyzny. Na to nabo\u017ce\u0144stwo prosimy zabra\u0107 ze sob\u0105 \u015bwiece lub znicze.<\/li>\n<li>W \u015brod\u0119 <strong>na godz. 15.00<\/strong> do ma\u0142ego ko\u015bcio\u0142a, <strong>zapraszamy na spotkanie m\u0142odzie\u017c z\u00a0klas VIII, <\/strong>przygotowuj\u0105c\u0105 si\u0119 do przyj\u0119cia sakramentu bierzmowania. M\u0142odzi zabieraj\u0105 ze sob\u0105 indeksy.<\/li>\n<li>W pi\u0105tek, po Mszy \u015bw. wieczornej, rozpocznie si\u0119 tzw. <strong>kurs przedma\u0142\u017ce\u0144ski czyli<\/strong> <strong>katechezy<\/strong> <strong>przedma\u0142\u017ce\u0144skie <\/strong>i\u00a0b\u0119d\u0105 trwa\u0142 do niedzieli. Przy okazji jeszcze raz przypominamy wszystkim zainteresowanym, \u017ce przygotowanie do ma\u0142\u017ce\u0144stwa to dwa etapy. Pierwszy to wspomniany wy\u017cej tzw. \u201ekurs przedma\u0142\u017ce\u0144ski\u201d, kt\u00f3ry mo\u017ce by\u0107 zrealizowany znacznie wcze\u015bniej nawet 2-3 lata przed planowanym \u015blubem a drugi etap &#8211; ju\u017c bezpo\u015brednio przed \u015blubem &#8211; to poradnia rodzinna dla narzeczonych, kt\u00f3r\u0105 rozpoczynaj\u0105 narzeczeni 3-4 miesi\u0105ce przed \u015blubem. <strong>Poradnia dla narzeczonych<\/strong> zaprasza w ka\u017cdy II czwartek miesi\u0105ca po Mszy \u015bw. wieczornej.<\/li>\n<li>Za tydzie\u0144 <strong>w sobot\u0119 17 wrze\u015bnia<\/strong> w Opactwie Jaros\u0142awskim odb\u0119dzie si\u0119 diecezjalny dzie\u0144 skupienia <strong>Apostolstwa Pomocy Duszom Czy\u015b\u0107cowym<\/strong>. Program spotkania wywieszony jest w gablocie.\u00a0Natomiast <strong>w sobot\u0119 <\/strong><strong>1 pa\u017adziernika<\/strong> w Przysietnicy k\/ Brzozowa, odb\u0119dzie si\u0119 doroczna <strong>Pielgrzymka R\u00f3\u017c \u017bywego R\u00f3\u017ca\u0144ca<\/strong>. Na to spotkanie zapraszamy zelator\u00f3w, cz\u0142onk\u00f3w r\u00f3\u017c jak r\u00f3wnie\u017c wszystkich czcicieli Matki Bo\u017cej.\u00a0 Zapisy zar\u00f3wno na dzie\u0144 skupienia jak i pielgrzymk\u0119 w zakrystii b\u0105d\u017a u opiekuna ks. Witolda.<\/li>\n<li><strong>Stowarzyszenie Dobrych Inicjatyw \u201ePro Missio\u201d<\/strong>, <strong>organizuje zbi\u00f3rk\u0119 wszelkich elektro\u015bmieci czyli zu\u017cytego sprz\u0119tu elektrycznego b\u0105d\u017a elektronicznego<\/strong>. Pozyskane w\u00a0ten spos\u00f3b \u015brodki b\u0119d\u0105 s\u0142u\u017cy\u0107 pomoc\u0105 ko\u015bcio\u0142owi na misjach. I tak w\u00a0najbli\u017cszy <strong>wtorek tj. 13 wrze\u015bnia od godz. 9.00 do 14.00<\/strong> (nie p\u00f3\u017aniej), mo\u017cna przywozi\u0107 na plac przy plebani w\/w zu\u017cyte sprz\u0119ty, po kt\u00f3re w\u0142a\u015bnie o godz. 14.00 przyjedzie specjalny pojazd. B\u0119dzie wi\u0119c okazja aby pozby\u0107 si\u0119 niepotrzebnych sprz\u0119t\u00f3w a\u00a0r\u00f3wnocze\u015bnie zrobi\u0107 co\u015b dobrego. Szczeg\u00f3\u0142y na plakacie.<\/li>\n<li>Dzisiejsza taca mszalna jest przeznaczona na planowane <strong>prace remontowe przy dachu naszej Fary<\/strong> za\u015b taca z przysz\u0142ej niedzieli, kt\u00f3ra b\u0119dzie niedziel\u0105 \u015brodk\u00f3w spo\u0142ecznego przekazu, b\u0119dzie przeznaczona na <strong>Archidiecezjalne Radio \u201eFara\u201d.<\/strong><\/li>\n<li><strong>W Siewcy<\/strong>, przed po\u0142udniem do nabycia prasa i publikacje katolickie.<\/li>\n<\/ol>\n<p><strong><u>Intencje zbiorowe:<\/u><\/strong><\/p>\n<ul>\n<li>Z intencji Bractwa Szkaplerza \u015awi\u0119tego \u2013 poniedzia\u0142ek i czwartek, godz. 18.00.<\/li>\n<li>W intencji Ko\u015bcio\u0142a, Ojczyzny, parafii i naszych rodzin za przyczyn\u0105 \u015awi\u0119tego Micha\u0142a Archanio\u0142a \u2013 wtorek, godz. 6.30.<\/li>\n<li>W intencji R\u00f3\u017c R\u00f3\u017ca\u0144cowych \u2013 wtorek, godz. 18.00.<\/li>\n<li>Za \u015bp. Teres\u0119 Wawrzaszek \u2013 intencja od mieszka\u0144c\u00f3w ul. Lipy \u2013 \u015broda, godz. 7.00.<\/li>\n<li>W intencji nowennowych pr\u00f3\u015bb i podzi\u0119kowa\u0144 do MB Pocieszenia \u2013 \u015broda godz. 18.00.<\/li>\n<li>Z intencji Stra\u017cy Honorowej NSPJ \u2013 wynagradzaj\u0105ca za grzechy \u2013 \u015broda, godz. 18.00.<\/li>\n<li>Za \u015bp. Helen\u0119 Chmiel \u2013 intencja od R\u00f3\u017cy MB Wniebowzi\u0119tej \u2013 czwartek, godz. 18.00.<\/li>\n<li>Za \u015bp. Stanis\u0142awa Czub\u0119 \u2013 intencja od kole\u017canek i koleg\u00f3w z Ko\u0142a \u0141owieckiego w Le\u017cajsku \u2013 sobota, godz. 18.00.<\/li>\n<\/ul>\n<p>W ostatnim tygodniu odszed\u0142 od nas do wieczno\u015bci <strong>\u015bp.<\/strong> <strong>Marian Kasper <\/strong>z\u00a0ul. S\u0142owackiego \u2013 wieczny odpoczynek\u2026<\/p>\n","protected":false},"excerpt":{"rendered":"<p>Dzi\u015b jeszcze\u00a0zapraszamy na nabo\u017ce\u0144stwo eucharystyczne z Koronk\u0105 do Bo\u017cego Mi\u0142osierdzia na\u00a0godz. 17.30.\u00a0Po nabo\u017ce\u0144stwie Msza \u015bw. wieczorna. We wtorek 13 wrze\u015bnia na godz. 18.00, zapraszamy wszystkich czcicieli Matki Bo\u017cej na kolejne Nabo\u017ce\u0144stwo Fatimskie z procesj\u0105 r\u00f3\u017ca\u0144cow\u0105. W \u015brod\u0119 \u015bwi\u0119to Podwy\u017cszenia Krzy\u017ca \u015awi\u0119tego. Po Mszy \u015bw. o godz. 18.00 odprawimy nabo\u017ce\u0144stwo Drogi Krzy\u017cowej id\u0105c do krzy\u017ca przy [&hellip;]<\/p>\n","protected":false},"author":4,"featured_media":0,"comment_status":"closed","ping_status":"open","sticky":false,"template":"","format":"standard","meta":[],"categories":[5],"tags":[],"_links":{"self":[{"href":"https:\/\/lezajsk.przemyska.pl\/index.php?rest_route=\/wp\/v2\/posts\/14414"}],"collection":[{"href":"https:\/\/lezajsk.przemyska.pl\/index.php?rest_route=\/wp\/v2\/posts"}],"about":[{"href":"https:\/\/lezajsk.przemyska.pl\/index.php?rest_route=\/wp\/v2\/types\/post"}],"author":[{"embeddable":true,"href":"https:\/\/lezajsk.przemyska.pl\/index.php?rest_route=\/wp\/v2\/users\/4"}],"replies":[{"embeddable":true,"href":"https:\/\/lezajsk.przemyska.pl\/index.php?rest_route=%2Fwp%2Fv2%2Fcomments&post=14414"}],"version-history":[{"count":2,"href":"https:\/\/lezajsk.przemyska.pl\/index.php?rest_route=\/wp\/v2\/posts\/14414\/revisions"}],"predecessor-version":[{"id":14416,"href":"https:\/\/lezajsk.przemyska.pl\/index.php?rest_route=\/wp\/v2\/posts\/14414\/revisions\/14416"}],"wp:attachment":[{"href":"https:\/\/lezajsk.przemyska.pl\/index.php?rest_route=%2Fwp%2Fv2%2Fmedia&parent=14414"}],"wp:term":[{"taxonomy":"category","embeddable":true,"href":"https:\/\/lezajsk.przemyska.pl\/index.php?rest_route=%2Fwp%2Fv2%2Fcategories&post=14414"},{"taxonomy":"post_tag","embeddable":true,"href":"https:\/\/lezajsk.przemyska.pl\/index.php?rest_route=%2Fwp%2Fv2%2Ftags&post=14414"}],"curies":[{"name":"wp","href":"https:\/\/api.w.org\/{rel}","templated":true}]}}