
{"id":14353,"date":"2022-09-03T23:12:01","date_gmt":"2022-09-03T21:12:01","guid":{"rendered":"https:\/\/lezajsk.przemyska.pl\/?p=14353"},"modified":"2022-09-04T08:03:52","modified_gmt":"2022-09-04T06:03:52","slug":"xxiii-niedziela-zwykla-04-09-2022-r","status":"publish","type":"post","link":"https:\/\/lezajsk.przemyska.pl\/?p=14353","title":{"rendered":"XXIII Niedziela zwyk\u0142a &#8211; 04.09.2022 r."},"content":{"rendered":"<ol>\n<li>Dzi\u015b I niedziela miesi\u0105ca, <strong>zmiana tajemnic r\u00f3\u017ca\u0144cowych<\/strong> po Mszy \u015bw. o godz. 8.30 i\u00a010.00 a\u00a0podczas <strong>nabo\u017ce\u0144stwa r\u00f3\u017ca\u0144cowego<\/strong> o 17.30 dzi\u0119kowa\u0107 b\u0119dziemy Bogu za tegoroczne plony i\u00a0prosi\u0107 o Bo\u017ce b\u0142ogos\u0142awie\u0144stwo i potrzebne \u0142aski dla dzieci i\u00a0m\u0142odzie\u017cy w rozpoczynaj\u0105cym si\u0119 roku szkolnym.<\/li>\n<li>Jutro o godz. 17.00 pierwsza, powakacyjna <strong>zbi\u00f3rka ministrant\u00f3w i\u00a0lektor\u00f3w. <\/strong>Wszystkich ch\u0119tnych do w\u0142\u0105czenia si\u0119 w liturgiczna s\u0142u\u017cb\u0119 o\u0142tarza serdecznie zapraszamy.<\/li>\n<li>Tak\u017ce jutro po Mszy \u015bw. wieczornej spotkanie <strong>R\u00f3\u017c R\u00f3\u017ca\u0144cowych, Apostolskiego Dzie\u0142a Pomocy dla Czy\u015b\u0107ca oraz Dzie\u0142a Pomocy Powo\u0142aniom. <\/strong><\/li>\n<li>We wtorek <strong>nowenna do \u015bw. Antoniego<\/strong> i b\u0142ogos\u0142awie\u0144stwo dzieci. Pro\u015bby i\u00a0podzi\u0119kowania mo\u017cna sk\u0142ada\u0107 przy figurze \u015bwi\u0119tego.<\/li>\n<li>Tak\u017ce we wtorek spotkanie<strong> Stra\u017cy Honorowej NSPJ.<\/strong><\/li>\n<li>W \u015brod\u0119 spotkanie <strong>Bractwa Szkaplerza \u015awi\u0119tego.<\/strong><\/li>\n<li>W czwartek 8 wrze\u015bnia, przypada <strong>\u015bwi\u0119to Narodzenia Matki Bo\u017cej, czyli MB Siewnej<\/strong>. Z\u00a0tej okazji, jak co roku Starostwo Powiatowe i OO. Bernardyni zapraszaj\u0105 na kolejn\u0105 <strong>XXIII Pielgrzymk\u0119 S\u0142u\u017cb Mundurowych Wojew\u00f3dztwa Podkarpackiego po\u0142\u0105czon\u0105 z\u00a0Do\u017cynkami Powiatowymi<\/strong> na godz. 11.00 na plac przed Bazylik\u0105.<\/li>\n<li>W najbli\u017csz\u0105 <strong>sobot\u0119 10 wrze\u015bnia<\/strong>, zapraszamy braci i siostry z Bractwa Szkaplerza \u015awi\u0119tego na <strong>spotkanie Wsp\u00f3lnot Szkaplerza \u015awi\u0119tego<\/strong>. Rozpocznie si\u0119 ono w Farze o\u00a0godz. 15.00 Koronk\u0105 do Bo\u017cego Mi\u0142osierdzia a zako\u0144czy si\u0119 AGAP\u0104.<\/li>\n<li>Dzieci i m\u0142odzie\u017c naszej parafii serdecznie zapraszamy na spotkania <strong>Ruchu \u015awiat\u0142o \u2013 \u017bycie<\/strong><strong> czyli Oazy<\/strong> do sali katechetycznej w\u00a0ka\u017cdy pi\u0105tek w dw\u00f3ch grupach. I\u00a0tak, dzieci ze Szk\u00f3\u0142 Podstawowych do klasy VI w\u0142\u0105cznie zapraszamy na godz. 17.00 za\u015b klasy VII i\u00a0VIII SP oraz m\u0142odzie\u017c licealn\u0105 i\u00a0starsz\u0105 na godz. 18.00. Na pierwsze spotkanie zapraszamy tak\u017ce rodzic\u00f3w celem om\u00f3wienia spraw organizacyjnych. Spotkania starszej grupy b\u0119dzie si\u0119 rozpoczyna\u0107 Msz\u0105 \u015bw. a\u00a0ko\u0144czy\u0107 ok. godz. 21.00.<\/li>\n<li>Dzisiejsza taca mszalna przeznaczana jest na <strong>Seminarium Duchowne w Przemy\u015blu<\/strong> za\u015b za tydzie\u0144 w\u00a0<strong>drug\u0105 niedziel\u0119<\/strong> miesi\u0105ca, wszystkie z\u0142o\u017cone na tac\u0119 ofiary b\u0119d\u0105 przeznaczone na trwaj\u0105ce prace remontowe przy dachu naszej Fary. W czasie ostatniej zbi\u00f3rki, zebrano \u0142\u0105cznie z\u00a0wp\u0142atami na konto <strong>kwot\u0119: 22 288 z\u0142.<\/strong> Uwzgl\u0119dniaj\u0105 t\u0119 kwot\u0119 na naszym koncie inwestycyjnym mamy <strong>265 ty\u015b. z\u0142<\/strong>. Szczeg\u00f3\u0142owe informacje nt. pozyskanych dotacji i poniesionych ju\u017c wydatk\u00f3w przedstawimy pod koniec miesi\u0105ca. Tymczasem wszystkim darczy\u0144com za ka\u017cd\u0105 przekazan\u0105 z\u0142ot\u00f3wk\u0119, za \u017cyczliwo\u015b\u0107 i\u00a0zrozumienie sk\u0142adamy serdeczne B\u00f3g zap\u0142a\u0107.<\/li>\n<li><strong>W Siewcy<\/strong> przed po\u0142udniem do nabycia <strong>prasa i publikacje katolickie. <\/strong>Jest tam te\u017c ma\u0142a ksi\u0105\u017ceczka pt. <strong>Przewodnik Pa\u017adziernikowy<\/strong>, po\u015bwi\u0119cony modlitwie r\u00f3\u017ca\u0144cowej w cenie tylko 3 z\u0142. Serdecznie polecamy.<\/li>\n<\/ol>\n<p><strong><u>Intencje zbiorowe:<\/u><\/strong><\/p>\n<ul>\n<li><strong>\u00a0<\/strong>Za dusze w czy\u015b\u0107cu cierpi\u0105ce \u2013 intencja od Apostolskiego Dzie\u0142a Pomocy Duszom Czy\u015b\u0107cowym \u2013 poniedzia\u0142ek, godz. 7.00.<\/li>\n<li>W intencji Ko\u015bcio\u0142a, Ojczyzny, parafii i naszych rodzin za przyczyn\u0105 \u015awi\u0119tego Micha\u0142a Archanio\u0142a \u2013 wtorek, godz. 7.00.<\/li>\n<li>W intencji nowennowych pr\u00f3\u015bb i podzi\u0119kowa\u0144 do MB Pocieszenia \u2013 \u015broda, godz. 18.00.<\/li>\n<li>Za \u015bp. Teres\u0119 Wawrzaszek \u2013 intencja od kole\u017canek i koleg\u00f3w synowej Ewy ze sklepu PSS Spo\u0142em nr 15 w Le\u017cajsku \u2013 czwartek, godz. 18.00.<\/li>\n<li>Z intencji Bractwa Szkaplerza \u015awi\u0119tego \u2013 czwartek, godz. 18.00.<\/li>\n<li>Z R\u00f3\u017cy b\u0142. Anieli Salawy \u2013 pi\u0105tek, godz. 18.00.<\/li>\n<li>Z intencji Ko\u0142a Przyjaci\u00f3\u0142 Radia Maryja \u2013 pi\u0105tek, godz. 18.00.<\/li>\n<li>Z R\u00f3\u017cy MB Nieustaj\u0105cej Pomocy \u2013 niedziela, godz. 11.30.<\/li>\n<\/ul>\n<p>W ostatnim tygodniu odeszli od nas do wieczno\u015bci <strong>\u015bp. Fryderyk Kostka <\/strong>z ul. Ko\u0142\u0142\u0105taja i\u00a0<strong>Zofia Kraska<\/strong> z ul. Mickiewicza \u2013 wieczny odpoczynek\u2026<\/p>\n","protected":false},"excerpt":{"rendered":"<p>Dzi\u015b I niedziela miesi\u0105ca, zmiana tajemnic r\u00f3\u017ca\u0144cowych po Mszy \u015bw. o godz. 8.30 i\u00a010.00 a\u00a0podczas nabo\u017ce\u0144stwa r\u00f3\u017ca\u0144cowego o 17.30 dzi\u0119kowa\u0107 b\u0119dziemy Bogu za tegoroczne plony i\u00a0prosi\u0107 o Bo\u017ce b\u0142ogos\u0142awie\u0144stwo i potrzebne \u0142aski dla dzieci i\u00a0m\u0142odzie\u017cy w rozpoczynaj\u0105cym si\u0119 roku szkolnym. Jutro o godz. 17.00 pierwsza, powakacyjna zbi\u00f3rka ministrant\u00f3w i\u00a0lektor\u00f3w. Wszystkich ch\u0119tnych do w\u0142\u0105czenia si\u0119 w [&hellip;]<\/p>\n","protected":false},"author":4,"featured_media":0,"comment_status":"closed","ping_status":"open","sticky":false,"template":"","format":"standard","meta":[],"categories":[5],"tags":[],"_links":{"self":[{"href":"https:\/\/lezajsk.przemyska.pl\/index.php?rest_route=\/wp\/v2\/posts\/14353"}],"collection":[{"href":"https:\/\/lezajsk.przemyska.pl\/index.php?rest_route=\/wp\/v2\/posts"}],"about":[{"href":"https:\/\/lezajsk.przemyska.pl\/index.php?rest_route=\/wp\/v2\/types\/post"}],"author":[{"embeddable":true,"href":"https:\/\/lezajsk.przemyska.pl\/index.php?rest_route=\/wp\/v2\/users\/4"}],"replies":[{"embeddable":true,"href":"https:\/\/lezajsk.przemyska.pl\/index.php?rest_route=%2Fwp%2Fv2%2Fcomments&post=14353"}],"version-history":[{"count":2,"href":"https:\/\/lezajsk.przemyska.pl\/index.php?rest_route=\/wp\/v2\/posts\/14353\/revisions"}],"predecessor-version":[{"id":14355,"href":"https:\/\/lezajsk.przemyska.pl\/index.php?rest_route=\/wp\/v2\/posts\/14353\/revisions\/14355"}],"wp:attachment":[{"href":"https:\/\/lezajsk.przemyska.pl\/index.php?rest_route=%2Fwp%2Fv2%2Fmedia&parent=14353"}],"wp:term":[{"taxonomy":"category","embeddable":true,"href":"https:\/\/lezajsk.przemyska.pl\/index.php?rest_route=%2Fwp%2Fv2%2Fcategories&post=14353"},{"taxonomy":"post_tag","embeddable":true,"href":"https:\/\/lezajsk.przemyska.pl\/index.php?rest_route=%2Fwp%2Fv2%2Ftags&post=14353"}],"curies":[{"name":"wp","href":"https:\/\/api.w.org\/{rel}","templated":true}]}}