
{"id":14341,"date":"2022-08-20T21:06:03","date_gmt":"2022-08-20T19:06:03","guid":{"rendered":"https:\/\/lezajsk.przemyska.pl\/?p=14341"},"modified":"2022-08-21T09:14:51","modified_gmt":"2022-08-21T07:14:51","slug":"xxi-niedziela-zwykla-21-08-2022-r","status":"publish","type":"post","link":"https:\/\/lezajsk.przemyska.pl\/?p=14341","title":{"rendered":"XXI Niedziela zwyk\u0142a &#8211; 21.08.2022 r."},"content":{"rendered":"<ol>\n<li>Dzi\u015b zapraszamy jeszcze na <strong>nieszpory niedzielne o godz. 17.30. <\/strong>Po nabo\u017ce\u0144stwie Msza \u015bw. wieczorna.<\/li>\n<li>W \u015brod\u0119 <strong>\u015bwi\u0119to \u015bw. Bart\u0142omieja \u2013 Aposto\u0142a<\/strong>.<\/li>\n<li>W pi\u0105tek <strong>Uroczysto\u015b\u0107 Matki Bo\u017cej Cz\u0119stochowskiej<\/strong>, porz\u0105dek Mszy \u015bw. tak jak w\u00a0dni powszednie za\u015b wieczorem zapraszamy na uroczyst\u0105 Msz\u0119 \u015bw. na godz. 18.00.<\/li>\n<li>Dzisiejsza niedziela jest ostatni\u0105 jak\u0105 sp\u0119dza z nami nasz wikariusz <strong>ks. Maciej Cebulak. <\/strong>Serdecznie dzi\u0119kujemy mu za trzy lata gorliwej kap\u0142a\u0144skiej pos\u0142ugi, za wszelkie dobro, kt\u00f3re otrzymali\u015bmy przez Jego pos\u0142ug\u0119 i \u017cyczymy Bo\u017cego b\u0142ogos\u0142awie\u0144stwa na nowej plac\u00f3wce duszpasterskiej. Ks. Macieja oficjalnie po\u017cegnamy we wtorek w czasie Mszy \u015bw. o godz. 18.00.<\/li>\n<li>Jak widzimy <strong>rozpocz\u0119\u0142y si\u0119 ju\u017c prace remontowe przy dachu naszej Fary<\/strong>. Szukamy ch\u0119tnych do zabrania zdejmowanych z dachu desek i pozosta\u0142ych drewnianych resztek z przeznaczeniem na opa\u0142. Uprzedzamy, \u017ce deski maj\u0105 wiele gwo\u017adzi. Ch\u0119tni zg\u0142aszaj\u0105 si\u0119 do ks. Proboszcza.<\/li>\n<li><strong>W Siewcy<\/strong> przed po\u0142udniem do nabycia prasa i publikacje katolickie.<\/li>\n<li><strong>Muzeum Ziemi Le\u017cajskiej<\/strong> zaprasza dzi\u015b na spektakl w wykonaniu Teatru Plenerowego Imaginacja <strong>pt. \u201eLegenda o Sm\u0119tku\u201d<\/strong>. Pocz\u0105tek godz. 20.00 na Placu obok Muzeum. Szczeg\u00f3\u0142y na plakacie.<\/li>\n<\/ol>\n<p><strong><u>Intencje zbiorowe<\/u><\/strong><strong>:<\/strong><\/p>\n<ul>\n<li><strong>\u00a0<\/strong>Za \u015bp. Jerzego Wo\u0142kowskiego \u2013 intencja od cz\u0142onk\u00f3w komisji przedmiot\u00f3w zawodowych z ZSL w Le\u017cajsku \u2013 poniedzia\u0142ek, godz. 7.00, od dyrekcji, nauczycieli i pracownik\u00f3w ZSL w Le\u017cajsku \u2013 wtorek, godz. 18.00 i od koleg\u00f3w z firmy INSTAL \u2013 \u015broda, godz. 7.00.<\/li>\n<li>Z intencji Bractwa Szkaplerza \u015awi\u0119tego \u2013 poniedzia\u0142ek i pi\u0105tek, godz. 18.00.<\/li>\n<li>W intencji Ko\u015bcio\u0142a, Ojczyzny, parafii i naszych rodzin za przyczyn\u0105 \u015awi\u0119tego Micha\u0142a Archanio\u0142a \u2013 wtorek, godz. 6.30.<\/li>\n<li>W intencji nowennowych pr\u00f3\u015bb i podzi\u0119kowa\u0144 do MB Pocieszenia \u2013 \u015broda, godz. 18.00.<\/li>\n<li>Za \u015bp. Teres\u0119 Wawrzaszek \u2013 intencja od s\u0105siad\u00f3w \u2013 niedziela, godz. 18.00.<\/li>\n<\/ul>\n<p>W ostatnim tygodniu odeszli od nas do wieczno\u015bci <strong>\u015bp. Czes\u0142aw P\u0142aza<\/strong> z ul. Kopernika i\u00a0<strong>Jerzy Siwiec<\/strong> z ul. Mickiewicza \u2013 wieczny odpoczynek\u2026<\/p>\n","protected":false},"excerpt":{"rendered":"<p>Dzi\u015b zapraszamy jeszcze na nieszpory niedzielne o godz. 17.30. Po nabo\u017ce\u0144stwie Msza \u015bw. wieczorna. W \u015brod\u0119 \u015bwi\u0119to \u015bw. Bart\u0142omieja \u2013 Aposto\u0142a. W pi\u0105tek Uroczysto\u015b\u0107 Matki Bo\u017cej Cz\u0119stochowskiej, porz\u0105dek Mszy \u015bw. tak jak w\u00a0dni powszednie za\u015b wieczorem zapraszamy na uroczyst\u0105 Msz\u0119 \u015bw. na godz. 18.00. Dzisiejsza niedziela jest ostatni\u0105 jak\u0105 sp\u0119dza z nami nasz wikariusz ks. [&hellip;]<\/p>\n","protected":false},"author":4,"featured_media":0,"comment_status":"closed","ping_status":"open","sticky":false,"template":"","format":"standard","meta":[],"categories":[5],"tags":[],"_links":{"self":[{"href":"https:\/\/lezajsk.przemyska.pl\/index.php?rest_route=\/wp\/v2\/posts\/14341"}],"collection":[{"href":"https:\/\/lezajsk.przemyska.pl\/index.php?rest_route=\/wp\/v2\/posts"}],"about":[{"href":"https:\/\/lezajsk.przemyska.pl\/index.php?rest_route=\/wp\/v2\/types\/post"}],"author":[{"embeddable":true,"href":"https:\/\/lezajsk.przemyska.pl\/index.php?rest_route=\/wp\/v2\/users\/4"}],"replies":[{"embeddable":true,"href":"https:\/\/lezajsk.przemyska.pl\/index.php?rest_route=%2Fwp%2Fv2%2Fcomments&post=14341"}],"version-history":[{"count":3,"href":"https:\/\/lezajsk.przemyska.pl\/index.php?rest_route=\/wp\/v2\/posts\/14341\/revisions"}],"predecessor-version":[{"id":14345,"href":"https:\/\/lezajsk.przemyska.pl\/index.php?rest_route=\/wp\/v2\/posts\/14341\/revisions\/14345"}],"wp:attachment":[{"href":"https:\/\/lezajsk.przemyska.pl\/index.php?rest_route=%2Fwp%2Fv2%2Fmedia&parent=14341"}],"wp:term":[{"taxonomy":"category","embeddable":true,"href":"https:\/\/lezajsk.przemyska.pl\/index.php?rest_route=%2Fwp%2Fv2%2Fcategories&post=14341"},{"taxonomy":"post_tag","embeddable":true,"href":"https:\/\/lezajsk.przemyska.pl\/index.php?rest_route=%2Fwp%2Fv2%2Ftags&post=14341"}],"curies":[{"name":"wp","href":"https:\/\/api.w.org\/{rel}","templated":true}]}}