
{"id":14338,"date":"2022-08-13T23:08:40","date_gmt":"2022-08-13T21:08:40","guid":{"rendered":"https:\/\/lezajsk.przemyska.pl\/?p=14338"},"modified":"2022-08-13T23:08:40","modified_gmt":"2022-08-13T21:08:40","slug":"xx-niedziela-zwykla-14-08-2022-r","status":"publish","type":"post","link":"https:\/\/lezajsk.przemyska.pl\/?p=14338","title":{"rendered":"XX Niedziela zwyk\u0142a &#8211; 14.08.2022 r."},"content":{"rendered":"<ol>\n<li>Dzi\u015b <strong>jeszcze nabo\u017ce\u0144stwo eucharystyczne z Koronk\u0105 do Bo\u017cego Mi\u0142osierdzia o\u00a0godz. 17.30<\/strong>. Serdecznie zapraszamy.<\/li>\n<li>Jutro <strong>15 sierpnia, Uroczysto\u015b\u0107 Wniebowzi\u0119cia NMP.<\/strong> Porz\u0105dek Mszy \u015bw. jak w\u00a0ka\u017cd\u0105 niedziel\u0119. W czasie ka\u017cdej Mszy \u015bwi\u0119tej b\u0142ogos\u0142awie\u0144stwo zi\u00f3\u0142 i\u00a0kwiat\u00f3w.<\/li>\n<li>We wtorek <strong>nowenna do \u015aw. J\u00f3zefa \u2013 Oblubie\u0144ca NMP<\/strong>. Podzi\u0119kowania i\u00a0pro\u015bby mo\u017cna sk\u0142ada\u0107 bezpo\u015brednio przed nabo\u017ce\u0144stwem na o\u0142tarzu Matki Bo\u017cej.<\/li>\n<li>Dzisiejsza <strong>taca mszalna jest przeznaczona na prace remontowe<\/strong> przy dachu naszej Fary. Za wszystkie z\u0142o\u017cone dzi\u015b ofiary sk\u0142adamy serdeczne B\u00f3g zap\u0142a\u0107.<\/li>\n<li><strong>W Siewcy<\/strong> przed po\u0142udniem do nabycia prasa i publikacje katolickie.<\/li>\n<\/ol>\n<p><strong><u>Intencje zbiorowe: <\/u><\/strong><\/p>\n<ul>\n<li>Z intencji Bractwa Szkaplerza \u015awi\u0119tego \u2013 poniedzia\u0142ek, godz. 10.00.<\/li>\n<li>W intencji Ko\u015bcio\u0142a, Ojczyzny, parafii i naszych rodzin za przyczyn\u0105 \u015awi\u0119tego Micha\u0142a Archanio\u0142a \u2013 wtorek, godz. 6.30.<\/li>\n<li>Za dusze w czy\u015b\u0107cu cierpi\u0105ce \u2013 intencja od Apostolskiego Dzie\u0142a Pomocy dla Czy\u015b\u0107ca \u2013 \u015broda, godz. 7.00.<\/li>\n<li>W intencji nowennowych pr\u00f3\u015bb i podzi\u0119kowa\u0144 do MB Pocieszenia \u2013 \u015broda, godz. 18.00.<\/li>\n<li>Za \u015bp. Jerzego Wo\u0142kowskiego \u2013 intencja od cz\u0142onk\u00f3w komisji przedmiot\u00f3w zawodowych z ZSL w Le\u017cajsku \u2013 pi\u0105tek, godz. 7.00 i od s\u0105siad\u00f3w z klatki \u2013 sobota, godz. 7.00.<\/li>\n<\/ul>\n","protected":false},"excerpt":{"rendered":"<p>Dzi\u015b jeszcze nabo\u017ce\u0144stwo eucharystyczne z Koronk\u0105 do Bo\u017cego Mi\u0142osierdzia o\u00a0godz. 17.30. Serdecznie zapraszamy. Jutro 15 sierpnia, Uroczysto\u015b\u0107 Wniebowzi\u0119cia NMP. Porz\u0105dek Mszy \u015bw. jak w\u00a0ka\u017cd\u0105 niedziel\u0119. W czasie ka\u017cdej Mszy \u015bwi\u0119tej b\u0142ogos\u0142awie\u0144stwo zi\u00f3\u0142 i\u00a0kwiat\u00f3w. We wtorek nowenna do \u015aw. J\u00f3zefa \u2013 Oblubie\u0144ca NMP. Podzi\u0119kowania i\u00a0pro\u015bby mo\u017cna sk\u0142ada\u0107 bezpo\u015brednio przed nabo\u017ce\u0144stwem na o\u0142tarzu Matki Bo\u017cej. Dzisiejsza taca [&hellip;]<\/p>\n","protected":false},"author":4,"featured_media":0,"comment_status":"closed","ping_status":"open","sticky":false,"template":"","format":"standard","meta":[],"categories":[5],"tags":[],"_links":{"self":[{"href":"https:\/\/lezajsk.przemyska.pl\/index.php?rest_route=\/wp\/v2\/posts\/14338"}],"collection":[{"href":"https:\/\/lezajsk.przemyska.pl\/index.php?rest_route=\/wp\/v2\/posts"}],"about":[{"href":"https:\/\/lezajsk.przemyska.pl\/index.php?rest_route=\/wp\/v2\/types\/post"}],"author":[{"embeddable":true,"href":"https:\/\/lezajsk.przemyska.pl\/index.php?rest_route=\/wp\/v2\/users\/4"}],"replies":[{"embeddable":true,"href":"https:\/\/lezajsk.przemyska.pl\/index.php?rest_route=%2Fwp%2Fv2%2Fcomments&post=14338"}],"version-history":[{"count":1,"href":"https:\/\/lezajsk.przemyska.pl\/index.php?rest_route=\/wp\/v2\/posts\/14338\/revisions"}],"predecessor-version":[{"id":14339,"href":"https:\/\/lezajsk.przemyska.pl\/index.php?rest_route=\/wp\/v2\/posts\/14338\/revisions\/14339"}],"wp:attachment":[{"href":"https:\/\/lezajsk.przemyska.pl\/index.php?rest_route=%2Fwp%2Fv2%2Fmedia&parent=14338"}],"wp:term":[{"taxonomy":"category","embeddable":true,"href":"https:\/\/lezajsk.przemyska.pl\/index.php?rest_route=%2Fwp%2Fv2%2Fcategories&post=14338"},{"taxonomy":"post_tag","embeddable":true,"href":"https:\/\/lezajsk.przemyska.pl\/index.php?rest_route=%2Fwp%2Fv2%2Ftags&post=14338"}],"curies":[{"name":"wp","href":"https:\/\/api.w.org\/{rel}","templated":true}]}}