
{"id":14336,"date":"2022-08-06T21:55:26","date_gmt":"2022-08-06T19:55:26","guid":{"rendered":"https:\/\/lezajsk.przemyska.pl\/?p=14336"},"modified":"2022-08-06T21:55:26","modified_gmt":"2022-08-06T19:55:26","slug":"xix-niedziela-zwykla-07-08-2022-r","status":"publish","type":"post","link":"https:\/\/lezajsk.przemyska.pl\/?p=14336","title":{"rendered":"XIX Niedziela zwyk\u0142a &#8211; 07.08.2022 r."},"content":{"rendered":"<ol>\n<li>Dzi\u015b z racji I niedzieli miesi\u0105ca, zapraszamy jeszcze na\u00a0<strong>nabo\u017ce\u0144stwo eucharystyczne z modlitw\u0105 r\u00f3\u017ca\u0144cow\u0105\u00a0<\/strong>na godz. 17.30 a po nim Msza \u015bw. wieczorna.<\/li>\n<li>We wtorek przypada <strong>\u015bwi\u0119to \u015bw. Teresy Benedykty od Krzy\u017ca<\/strong> \u2013 Patronki Europy.<\/li>\n<li>Tak\u017ce we wtorek\u00a0<strong>nowenna do \u015bw. Antoniego\u00a0i b\u0142ogos\u0142awie\u0144stwo dzieci<\/strong>. Pro\u015bby i\u00a0podzi\u0119kowania mo\u017cna sk\u0142ada\u0107 przy figurze \u015bwi\u0119tego.<\/li>\n<li>W \u015brod\u0119 <strong>\u015bwi\u0119to \u015bw. Wawrzy\u0144ca<\/strong> \u2013 diakona i m\u0119czennika.<\/li>\n<li>W sobot\u0119 wszystkich czcicieli Matki Bo\u017cej zapraszamy na kolejne\u00a0<strong>Nabo\u017ce\u0144stwo Fatimskie<\/strong> z procesj\u0105 r\u00f3\u017ca\u0144cow\u0105 o godz. 18.00.\u00a0Serdecznie zapraszamy.<\/li>\n<li>Dzisiejsza taca mszalna jest przeznaczona na <strong>potrzeby Archidiecezji<\/strong> za\u015b za tydzie\u0144 jak w ka\u017cd\u0105 II niedziel\u0119 miesi\u0105ca, taca b\u0119dzie przeznaczona na <strong>prace remontowe przy dachu naszej Fary<\/strong>. W czasie ostatniej zbi\u00f3rki ofiar z\u00a0przeznaczeniem na ten cel, zebrano \u0142\u0105cznie z wp\u0142atami na konto <strong>kwot\u0119 20 450 z\u0142.<\/strong> Wszystko to razem sprawia, \u017ce na naszym koncie inwestycyjno &#8211; remontowym mamy <strong>242,5 ty\u015b. z\u0142<\/strong>. Wszystkim darczy\u0144com za ka\u017cd\u0105 przekazan\u0105 z\u0142ot\u00f3wk\u0119, za \u017cyczliwo\u015b\u0107 i\u00a0zrozumienie sk\u0142adamy serdeczne B\u00f3g zap\u0142a\u0107. Jak widzimy prace przygotowawcze ju\u017c si\u0119 rozpocz\u0119\u0142y a w najbli\u017cszym tygodniu pojawi\u0105 si\u0119 rusztowania i rozpoczn\u0105 si\u0119 prace na dachu. W tym roku zostanie wykonany remont wi\u0119\u017aby i wymieniona pokrycia na po\u0142owie dachu od strony Rynku.<\/li>\n<li><strong>W Siewcy <\/strong>przed po\u0142udniem do nabycia prasa i publikacje katolickie.<\/li>\n<\/ol>\n<p><strong><u>Intencje zbiorowe:<\/u><\/strong><\/p>\n<ul>\n<li>W intencji Ko\u015bcio\u0142a, Ojczyzny, parafii i naszych rodzin za przyczyn\u0105 \u015awi\u0119tego Micha\u0142a Archanio\u0142a \u2013 wtorek, godz. 6.30.<\/li>\n<li>Za \u015bp. Mari\u0119 Ledwo\u017cyw \u2013 intencja od s\u0105siad\u00f3w z klatki \u2013 wtorek, godz. 18.00.<\/li>\n<li>W intencji nowennowych pr\u00f3\u015bb i podzi\u0119kowa\u0144 do MB Pocieszenia \u2013 \u015broda, godz. 18.00.<\/li>\n<li>Za \u015bp. Henryka Bartoch\u0119 \u2013 intencja od s\u0105siad\u00f3w z klatki \u2013 czwartek, godz. 18.00.<\/li>\n<li>Z intencji Ko\u0142a Przyjaci\u00f3\u0142 Radia Maryja \u2013 pi\u0105tek, godz. 18.00.<\/li>\n<li>W intencji wszystkich R\u00f3\u017c R\u00f3\u017ca\u0144cowych \u2013 sobota, godz. 18.00.<\/li>\n<li>Z R\u00f3\u017cy \u015bw. Bernadety \u2013 niedziela, godz. 11.30.<\/li>\n<li>Z R\u00f3\u017cy MB Wniebowzi\u0119tej \u2013 niedziela, godz. 16.00.<\/li>\n<\/ul>\n<p>W ostatnim tygodniu odeszli od nas do wieczno\u015bci\u00a0<strong>\u015bp. Adela Organ <\/strong>z Wierzawic i <strong>Tadeusz Socha<\/strong> z ul. Kopernika \u2013 wieczny odpoczynek\u2026<\/p>\n","protected":false},"excerpt":{"rendered":"<p>Dzi\u015b z racji I niedzieli miesi\u0105ca, zapraszamy jeszcze na\u00a0nabo\u017ce\u0144stwo eucharystyczne z modlitw\u0105 r\u00f3\u017ca\u0144cow\u0105\u00a0na godz. 17.30 a po nim Msza \u015bw. wieczorna. We wtorek przypada \u015bwi\u0119to \u015bw. Teresy Benedykty od Krzy\u017ca \u2013 Patronki Europy. Tak\u017ce we wtorek\u00a0nowenna do \u015bw. Antoniego\u00a0i b\u0142ogos\u0142awie\u0144stwo dzieci. Pro\u015bby i\u00a0podzi\u0119kowania mo\u017cna sk\u0142ada\u0107 przy figurze \u015bwi\u0119tego. W \u015brod\u0119 \u015bwi\u0119to \u015bw. Wawrzy\u0144ca \u2013 diakona [&hellip;]<\/p>\n","protected":false},"author":4,"featured_media":0,"comment_status":"closed","ping_status":"open","sticky":false,"template":"","format":"standard","meta":[],"categories":[5],"tags":[],"_links":{"self":[{"href":"https:\/\/lezajsk.przemyska.pl\/index.php?rest_route=\/wp\/v2\/posts\/14336"}],"collection":[{"href":"https:\/\/lezajsk.przemyska.pl\/index.php?rest_route=\/wp\/v2\/posts"}],"about":[{"href":"https:\/\/lezajsk.przemyska.pl\/index.php?rest_route=\/wp\/v2\/types\/post"}],"author":[{"embeddable":true,"href":"https:\/\/lezajsk.przemyska.pl\/index.php?rest_route=\/wp\/v2\/users\/4"}],"replies":[{"embeddable":true,"href":"https:\/\/lezajsk.przemyska.pl\/index.php?rest_route=%2Fwp%2Fv2%2Fcomments&post=14336"}],"version-history":[{"count":1,"href":"https:\/\/lezajsk.przemyska.pl\/index.php?rest_route=\/wp\/v2\/posts\/14336\/revisions"}],"predecessor-version":[{"id":14337,"href":"https:\/\/lezajsk.przemyska.pl\/index.php?rest_route=\/wp\/v2\/posts\/14336\/revisions\/14337"}],"wp:attachment":[{"href":"https:\/\/lezajsk.przemyska.pl\/index.php?rest_route=%2Fwp%2Fv2%2Fmedia&parent=14336"}],"wp:term":[{"taxonomy":"category","embeddable":true,"href":"https:\/\/lezajsk.przemyska.pl\/index.php?rest_route=%2Fwp%2Fv2%2Fcategories&post=14336"},{"taxonomy":"post_tag","embeddable":true,"href":"https:\/\/lezajsk.przemyska.pl\/index.php?rest_route=%2Fwp%2Fv2%2Ftags&post=14336"}],"curies":[{"name":"wp","href":"https:\/\/api.w.org\/{rel}","templated":true}]}}