
{"id":14333,"date":"2022-07-30T20:51:22","date_gmt":"2022-07-30T18:51:22","guid":{"rendered":"https:\/\/lezajsk.przemyska.pl\/?p=14333"},"modified":"2022-07-30T20:51:22","modified_gmt":"2022-07-30T18:51:22","slug":"xviii-niedziela-zwykla-31-07-2022-r","status":"publish","type":"post","link":"https:\/\/lezajsk.przemyska.pl\/?p=14333","title":{"rendered":"XVIII Niedziela zwyk\u0142a &#8211; 31.07.2022 r."},"content":{"rendered":"<ol>\n<li>Dzi\u015b zapraszamy jeszcze na <strong>nabo\u017ce\u0144stwo eucharystyczne z\u00a0koronk\u0105 do Bo\u017cego Mi\u0142osierdzia na godz. 17.30<\/strong>. B\u0119dziemy modli\u0107 si\u0119 w\u00a0intencji trze\u017awo\u015bci naszej Ojczyzny a po niej Msza \u015bw. wieczorna.<\/li>\n<li>Jutro rozpoczynamy <strong>miesi\u0105c sierpie\u0144<\/strong>, dla wielu czas dobrowolnie podejmowanej abstynencji. Zach\u0119ceni s\u0142owami listu pasterskiego, jako chrze\u015bcijanie miejmy si\u0142\u0119 i\u00a0odwag\u0119 przeciwstawia\u0107 si\u0119 temu z\u0142u, jakie niesie w sobie plaga alkoholizmu. Miejmy te\u017c \u015bwiadomo\u015b\u0107, \u017ce wiele zale\u017cy od naszej osobistej postawy i\u00a0\u015bwiadectwa.<\/li>\n<li>We wtorek 2 sierpnia, w ka\u017cdym ko\u015bciele parafialnym mo\u017cna zyska\u0107\u00a0<strong>odpust zupe\u0142ny tzw. \u201ePorcjunkuli\u201d,<\/strong> pod zwyk\u0142ymi warunkami.<\/li>\n<li>W czwartek <strong>wspomnienie \u015bw. Jana Marii Vianney\u2019a<\/strong>\u2013 patrona kap\u0142an\u00f3w.<\/li>\n<li>W sobot\u0119 <strong>\u015bwi\u0119to Przemienienia Pa\u0144skiego<\/strong>.<\/li>\n<li>W tym tygodniu przypada<strong> I czwartek, pi\u0105tek i I sobota miesi\u0105ca<\/strong>. Adoracja Naj\u015bwi\u0119tszego Sakramentu po Mszy \u015bw. w czwartek i pi\u0105tek do godz. 20.00. Spowied\u017a w\u00a0pi\u0105tek od godz. 17.00.<\/li>\n<li><strong>Odwiedziny chorych w domach <\/strong>w pi\u0105tek od godz. 9.00.<\/li>\n<li>W sobot\u0119 wszystkich czcicieli Matki Bo\u017cej, zapraszamy na kolejne <strong>nabo\u017ce\u0144stwo I\u00a0soboty<\/strong>, wynagradzaj\u0105ce Niepokalanemu Sercu NMP, po\u0142\u0105czone z\u00a0modlitw\u0105 r\u00f3\u017ca\u0144cow\u0105 o godz. 17.00. Tego te\u017c dnia <strong>po Mszy \u015bw. o godz. 18.00<\/strong> odb\u0119dzie si\u0119 kolejny w naszej parafii <strong> \u201eM\u0119ski R\u00f3\u017caniec\u201d<\/strong>. Na to wyj\u0105tkowe nabo\u017ce\u0144stwo i\u00a0wieczorn\u0105 procesj\u0119 r\u00f3\u017ca\u0144cow\u0105 ju\u017c dzi\u015b zapraszamy wszystkich m\u0119\u017cczyzn, niezale\u017cnie od wieku.<\/li>\n<li>W naszej wsp\u00f3lnocie Si\u00f3str S\u0142u\u017cebniczek Starowiejskich dosz\u0142o do zmian. Mamy dwie nowe siostry. <strong>S. Maria Szl\u0119k<\/strong> b\u0119dzie pe\u0142ni\u0107 obowi\u0105zki prze\u0142o\u017conej i dyrektorki przedszkola a <strong>s. Aneta \u015amia\u0142a<\/strong>, katechetki w SP nr 1. Nowe siostry witamy otwartym sercem i \u017cyczymy aby w Le\u017cajsku pod p\u0142aszczem Matki Bo\u017cej Pocieszenia &#8211; Pani Le\u017cajskiej jak i w naszej wsp\u00f3lnocie czu\u0142y si\u0119 jak najlepiej.<\/li>\n<li><strong>W Siewcy <\/strong>przed po\u0142udniem do nabycia prasa i publikacje katolickie. Serdecznie polecamy.<\/li>\n<li><strong>Zaproszenia<\/strong>: Przypominamy, \u017ce dzi\u015b w Kury\u0142\u00f3wce <strong>Wiecz\u00f3r Papieski nad brzegiem Sanu przy \u201eKamieniu Papieskim\u201d<\/strong>. Pocz\u0105tek godz. 19.00 za\u015b <strong>Starostwo Powiatowe i\u00a0Muzeum Ziemi Le\u017cajskiej<\/strong> zapraszaj\u0105 jutro <strong>1\u00a0sierpnia<\/strong> z okazji rocznicy Powstania Warszawskiego na <strong>Piknik Patriotyczny<\/strong>. Pocz\u0105tek godz. 16.00 na placu przed Muzeum<\/li>\n<\/ol>\n<p><strong>\u00a0<\/strong><strong><u>Intencje zbiorowe: <\/u><\/strong><\/p>\n<ul>\n<li>W intencji Ko\u015bcio\u0142a, Ojczyzny, parafii i naszych rodzin za przyczyn\u0105 \u015bw. Micha\u0142a Archanio\u0142a \u2013 wtorek, godz. 6.30.<\/li>\n<li>W intencji nowennowych pr\u00f3\u015bb i podzi\u0119kowa\u0144 do MB Pocieszenia \u2013 \u015broda, godz. 18.00.<\/li>\n<li>Za kap\u0142an\u00f3w i o nowe \u015bwi\u0119te powo\u0142ania kap\u0142a\u0144skie i zakonne \u2013 intencja od Stra\u017cy Honorowej NSPJ \u2013 czwartek, godz. 18.00.<\/li>\n<li>Za \u015bp. Genowef\u0119 Olechowsk\u0105 \u2013 intencja od pracownik\u00f3w Inspektoratu ZUS w Le\u017cajsku \u2013 pi\u0105tek, godz. 7.00.<\/li>\n<li>Z intencji Stra\u017cy Honorowej NSPJ \u2013 pi\u0105tek, godz. 18.00.<\/li>\n<li>Wynagradzaj\u0105ca Niepokalanemu Sercu NMP oraz w intencji Si\u00f3str i Braci z R\u00f3\u017c R\u00f3\u017ca\u0144cowych \u2013 sobota, godz. 18.00.<\/li>\n<li>W intencji wszystkich os\u00f3b s\u0142u\u017c\u0105cych swoj\u0105 pomoc\u0105 \u015bp. Jerzemu Wa\u0144 \u2013 intencja od c\u00f3rek; s. Agaty i s. Iwony \u2013 niedziela, godz. 7.00.<\/li>\n<\/ul>\n<p>W ostatnim tygodniu odeszli od nas do wieczno\u015bci <strong>\u015bp. Zdzis\u0142awa Wr\u00f3bel<\/strong> z ul. Podolszyny, <strong>Maria Michalak<\/strong> z ul. Podzwierzyniec i <strong>Krzysztof Gawe\u0142<\/strong> z ul. M.C. Sk\u0142odowskiej \u2013 wieczny odpoczynek\u2026<\/p>\n","protected":false},"excerpt":{"rendered":"<p>Dzi\u015b zapraszamy jeszcze na nabo\u017ce\u0144stwo eucharystyczne z\u00a0koronk\u0105 do Bo\u017cego Mi\u0142osierdzia na godz. 17.30. B\u0119dziemy modli\u0107 si\u0119 w\u00a0intencji trze\u017awo\u015bci naszej Ojczyzny a po niej Msza \u015bw. wieczorna. Jutro rozpoczynamy miesi\u0105c sierpie\u0144, dla wielu czas dobrowolnie podejmowanej abstynencji. Zach\u0119ceni s\u0142owami listu pasterskiego, jako chrze\u015bcijanie miejmy si\u0142\u0119 i\u00a0odwag\u0119 przeciwstawia\u0107 si\u0119 temu z\u0142u, jakie niesie w sobie plaga alkoholizmu. [&hellip;]<\/p>\n","protected":false},"author":4,"featured_media":0,"comment_status":"closed","ping_status":"open","sticky":false,"template":"","format":"standard","meta":[],"categories":[5],"tags":[],"_links":{"self":[{"href":"https:\/\/lezajsk.przemyska.pl\/index.php?rest_route=\/wp\/v2\/posts\/14333"}],"collection":[{"href":"https:\/\/lezajsk.przemyska.pl\/index.php?rest_route=\/wp\/v2\/posts"}],"about":[{"href":"https:\/\/lezajsk.przemyska.pl\/index.php?rest_route=\/wp\/v2\/types\/post"}],"author":[{"embeddable":true,"href":"https:\/\/lezajsk.przemyska.pl\/index.php?rest_route=\/wp\/v2\/users\/4"}],"replies":[{"embeddable":true,"href":"https:\/\/lezajsk.przemyska.pl\/index.php?rest_route=%2Fwp%2Fv2%2Fcomments&post=14333"}],"version-history":[{"count":1,"href":"https:\/\/lezajsk.przemyska.pl\/index.php?rest_route=\/wp\/v2\/posts\/14333\/revisions"}],"predecessor-version":[{"id":14334,"href":"https:\/\/lezajsk.przemyska.pl\/index.php?rest_route=\/wp\/v2\/posts\/14333\/revisions\/14334"}],"wp:attachment":[{"href":"https:\/\/lezajsk.przemyska.pl\/index.php?rest_route=%2Fwp%2Fv2%2Fmedia&parent=14333"}],"wp:term":[{"taxonomy":"category","embeddable":true,"href":"https:\/\/lezajsk.przemyska.pl\/index.php?rest_route=%2Fwp%2Fv2%2Fcategories&post=14333"},{"taxonomy":"post_tag","embeddable":true,"href":"https:\/\/lezajsk.przemyska.pl\/index.php?rest_route=%2Fwp%2Fv2%2Ftags&post=14333"}],"curies":[{"name":"wp","href":"https:\/\/api.w.org\/{rel}","templated":true}]}}