
{"id":14331,"date":"2022-07-23T22:05:53","date_gmt":"2022-07-23T20:05:53","guid":{"rendered":"https:\/\/lezajsk.przemyska.pl\/?p=14331"},"modified":"2022-07-23T22:06:13","modified_gmt":"2022-07-23T20:06:13","slug":"xvii-niedziela-zwykla-24-07-2022-r","status":"publish","type":"post","link":"https:\/\/lezajsk.przemyska.pl\/?p=14331","title":{"rendered":"XVII Niedziela zwyk\u0142a &#8211; 24.07.2022 r."},"content":{"rendered":"<ol>\n<li>Dzi\u015b z racji wspomnienia <strong>\u015bw. Krzysztofa, patrona kierowc\u00f3w<\/strong>, po ka\u017cdej Mszy \u015bw. mamy mo\u017cliwo\u015b\u0107 <strong>po\u015bwi\u0119cenia pojazd\u00f3w mechanicznych.<\/strong> Zbierane przy tej okazji ofiary s\u0105 przeznaczone na specjalny fundusz <strong>MIVA Polska<\/strong>, kt\u00f3ry z\u00a0zebranych ofiar funduje r\u00f3\u017cnego rodzaju \u015brodki transportu dla misjonarzy.<\/li>\n<li>Dzi\u015b, zapraszamy jeszcze na\u00a0<strong>nieszpory niedzielne<\/strong> o godz. 17.30\u00a0a po nich Msza \u015bw. wieczorna.<\/li>\n<li>Jutro <strong>\u015bwi\u0119to \u015bw. Jakuba Aposto\u0142a<\/strong>.<\/li>\n<li>Tak\u017ce jutro przypada <strong>dzie\u0144 imienin naszego biskupa Krzysztofa Chudzio<\/strong>. Z tej okazji pami\u0119tajmy i o Nim w naszych modlitwach.<\/li>\n<li>W tym szczeg\u00f3lnym wakacyjnym czasie,\u00a0<strong>m\u00f3dlmy si\u0119 tak\u017ce za przebywaj\u0105cych na wakacjach i\u00a0urlopach,<\/strong> pro\u015bmy o b\u0142ogos\u0142awie\u0144stwo tak\u017ce dla wszystkich pracuj\u0105cych a\u00a0zw\u0142aszcza za rolnik\u00f3w, o\u00a0dobr\u0105 pogod\u0119 na czas zbior\u00f3w.<\/li>\n<li>Przypominamy, \u017ce w dalszym ci\u0105gu mo\u017cemy w Siewcy z\u0142o\u017cy\u0107 sw\u00f3j podpis pod obywatelsk\u0105 inicjatyw\u0105 ustawodawcz\u0105 <strong>\u201eStop agresji wobec chrze\u015bcijan\u201d<\/strong>, kt\u00f3rej celem jest przeciwstawienie si\u0119 coraz cz\u0119stszym, pojawiaj\u0105cym si\u0119 w przestrzeni publicznej aktom profanacji krzy\u017cy, \u015bwi\u0119tych wizerunk\u00f3w czy zak\u0142\u00f3cania nabo\u017ce\u0144stw w\u00a0ko\u015bcio\u0142ach.<\/li>\n<li><strong>W Siewcy <\/strong>przed po\u0142udniem do nabycia prasa i publikacje katolickie. Serdecznie polecamy.<\/li>\n<li><strong>Zaproszenia<\/strong>: Nasza Parafia jako w\u0142a\u015bciciel i Miasto Le\u017cajsk z p. Burmistrzem na czele jako dzier\u017cawca, zapraszaj\u0105 do <strong>zwiedzania odrestaurowanej zabytkowej wie\u017cy dzwonniczej przy ko\u015bciele Farnym<\/strong>, kt\u00f3ra otrzyma\u0142a \u201edrugie \u017cycie\u201d i podj\u0119\u0142a nowe funkcje. Zwiedza\u0107 j\u0105 mo\u017cna codziennie z wyj\u0105tkiem poniedzia\u0142ku w godz. od 10 do 18. Naprawd\u0119 warto. Zwiedzanie jest\u00a0bezp\u0142atne\u00a0ale prosimy o wcze\u015bniejsz\u0105 rezerwacj\u0119 terminu. Dok\u0142adniejsze informacje uzyskamy w Punkcie Informacji Turystycznej na parterze wie\u017cy. Natomiast W\u00f3jt Gminy Kury\u0142\u00f3wka i OSP w Kury\u0142\u00f3wce, zapraszaj\u0105 w najbli\u017csz\u0105 niedziel\u0119 31 lipca na <strong>Wiecz\u00f3r Papieski nad brzegiem Sanu przy \u201eKamieniu Papieskim\u201d<\/strong>. Pocz\u0105tek godz. 19.00 a szczeg\u00f3\u0142y na plakacie.<\/li>\n<\/ol>\n<p><strong><u>Intencje zbiorowe:<\/u><\/strong><\/p>\n<ul>\n<li>Z R\u00f3\u017cy \u015bw. Krzysztofa i za \u015bp. Eulali\u0119 Motor, zelatork\u0119 \u2013 poniedzia\u0142ek, godz. 18.00.<\/li>\n<li>W intencji Ko\u015bcio\u0142a, Ojczyzny, parafii i naszych rodzin za przyczyn\u0105 \u015bw. Micha\u0142a Archanio\u0142a \u2013 wtorek, godz. 6.30.<\/li>\n<li>Z R\u00f3\u017cy \u015bw. Anny \u2013 wtorek, godz. 18.00.<\/li>\n<li>W intencji nowennowych pr\u00f3\u015bb i podzi\u0119kowa\u0144 do MB Pocieszenia \u2013 \u015broda, godz. 18.00.<\/li>\n<\/ul>\n<p>W ostatnim tygodniu odszed\u0142 od nas do wieczno\u015bci <strong>\u015bp. Jan \u0106wik\u0142a <\/strong>z ul. Witosa \u2013 wieczny odpoczynek\u2026<\/p>\n","protected":false},"excerpt":{"rendered":"<p>Dzi\u015b z racji wspomnienia \u015bw. Krzysztofa, patrona kierowc\u00f3w, po ka\u017cdej Mszy \u015bw. mamy mo\u017cliwo\u015b\u0107 po\u015bwi\u0119cenia pojazd\u00f3w mechanicznych. Zbierane przy tej okazji ofiary s\u0105 przeznaczone na specjalny fundusz MIVA Polska, kt\u00f3ry z\u00a0zebranych ofiar funduje r\u00f3\u017cnego rodzaju \u015brodki transportu dla misjonarzy. Dzi\u015b, zapraszamy jeszcze na\u00a0nieszpory niedzielne o godz. 17.30\u00a0a po nich Msza \u015bw. wieczorna. Jutro \u015bwi\u0119to \u015bw. [&hellip;]<\/p>\n","protected":false},"author":4,"featured_media":0,"comment_status":"closed","ping_status":"open","sticky":false,"template":"","format":"standard","meta":[],"categories":[5],"tags":[],"_links":{"self":[{"href":"https:\/\/lezajsk.przemyska.pl\/index.php?rest_route=\/wp\/v2\/posts\/14331"}],"collection":[{"href":"https:\/\/lezajsk.przemyska.pl\/index.php?rest_route=\/wp\/v2\/posts"}],"about":[{"href":"https:\/\/lezajsk.przemyska.pl\/index.php?rest_route=\/wp\/v2\/types\/post"}],"author":[{"embeddable":true,"href":"https:\/\/lezajsk.przemyska.pl\/index.php?rest_route=\/wp\/v2\/users\/4"}],"replies":[{"embeddable":true,"href":"https:\/\/lezajsk.przemyska.pl\/index.php?rest_route=%2Fwp%2Fv2%2Fcomments&post=14331"}],"version-history":[{"count":1,"href":"https:\/\/lezajsk.przemyska.pl\/index.php?rest_route=\/wp\/v2\/posts\/14331\/revisions"}],"predecessor-version":[{"id":14332,"href":"https:\/\/lezajsk.przemyska.pl\/index.php?rest_route=\/wp\/v2\/posts\/14331\/revisions\/14332"}],"wp:attachment":[{"href":"https:\/\/lezajsk.przemyska.pl\/index.php?rest_route=%2Fwp%2Fv2%2Fmedia&parent=14331"}],"wp:term":[{"taxonomy":"category","embeddable":true,"href":"https:\/\/lezajsk.przemyska.pl\/index.php?rest_route=%2Fwp%2Fv2%2Fcategories&post=14331"},{"taxonomy":"post_tag","embeddable":true,"href":"https:\/\/lezajsk.przemyska.pl\/index.php?rest_route=%2Fwp%2Fv2%2Ftags&post=14331"}],"curies":[{"name":"wp","href":"https:\/\/api.w.org\/{rel}","templated":true}]}}