
{"id":14328,"date":"2022-07-16T22:37:29","date_gmt":"2022-07-16T20:37:29","guid":{"rendered":"https:\/\/lezajsk.przemyska.pl\/?p=14328"},"modified":"2022-07-16T22:37:29","modified_gmt":"2022-07-16T20:37:29","slug":"xvi-niedziela-zwykla-17-07-2022-r","status":"publish","type":"post","link":"https:\/\/lezajsk.przemyska.pl\/?p=14328","title":{"rendered":"XVI Niedziela zwyk\u0142a &#8211; 17.07.2022 r."},"content":{"rendered":"<ol>\n<li>Dzi\u015b, zapraszamy jeszcze na<strong> nabo\u017ce\u0144stwo eucharystyczne z Koronk\u0105 do Bo\u017cego Mi\u0142osierdzia o godz. 17.30<\/strong>. Po nabo\u017ce\u0144stwie Msza \u015bw. wieczorna.<\/li>\n<li>We wtorek <strong>nowenna do \u015aw. J\u00f3zefa \u2013 Oblubie\u0144ca NMP<\/strong>. Podzi\u0119kowania i\u00a0pro\u015bby mo\u017cna sk\u0142ada\u0107 bezpo\u015brednio przed nabo\u017ce\u0144stwem na o\u0142tarzu Matki Bo\u017cej.<\/li>\n<li>W pi\u0105tek 22 lipca <strong>\u015bwi\u0119to \u015bw. Marii Magdaleny<\/strong>.<\/li>\n<li>W sobot\u0119 23 lipca<strong> \u015bwi\u0119to \u015bw. Brygidy Szwedzkiej \u2013 <\/strong>patronki Europy.<\/li>\n<li>W zwi\u0105zku ze zbli\u017caj\u0105cym si\u0119 wspomnieniem <strong>\u015bw. Krzysztofa, patrona kierowc\u00f3w<\/strong>, w\u00a0najbli\u017csz\u0105 <strong>niedziel\u0119 24 lipca<\/strong> b\u0119dzie mo\u017cliwo\u015b\u0107 <strong>po\u015bwi\u0119cenia pojazd\u00f3w mechanicznych po ka\u017cdej Mszy \u015bw.<\/strong> Tradycyjnie tego dnia b\u0119d\u0105 te\u017c przed ko\u015bcio\u0142em i\u00a0na parkingach zbierane ofiary na specjalny fundusz <strong>MIVA Polska<\/strong>, kt\u00f3ry z\u00a0zebranych ofiar kupuje r\u00f3\u017cnego rodzaju \u015brodki transportu dla misjonarzy. O\u00a0przeprowadzenie tej\u017ce zbi\u00f3rki prosimy Akcj\u0119 Katolick\u0105.<\/li>\n<li>Pojawi\u0142a si\u0119 obywatelska inicjatywa ustawodawcza <strong>\u201eStop agresji wobec chrze\u015bcijan\u201d<\/strong>. Jej celem jest przeciwstawienie si\u0119 coraz cz\u0119stszym, pojawiaj\u0105cym si\u0119 w przestrzeni publicznej aktom profanacji krzy\u017cy, \u015bwi\u0119tych wizerunk\u00f3w czy zak\u0142\u00f3cania nabo\u017ce\u0144stw w ko\u015bcio\u0142ach. Potrzebne do z\u0142o\u017cenia projektu podpisy, mo\u017cna z\u0142o\u017cy\u0107 w Siewcy.<\/li>\n<li><strong>W Siewcy<\/strong> przed po\u0142udniem do nabycia prasa i publikacje katolickie. Serdecznie polecamy.<\/li>\n<\/ol>\n<p><strong><u>Intencje zbiorowe: <\/u><\/strong><\/p>\n<ul>\n<li>W intencji Ko\u015bcio\u0142a, Ojczyzny, parafii i naszych rodzin za przyczyn\u0105 \u015bw. Micha\u0142a Archanio\u0142a \u2013 wtorek, godz. 6.30.<\/li>\n<li>Za dusze w czy\u015b\u0107cu cierpi\u0105ce \u2013 intencja od Apostolskiego Dzie\u0142a Pomocy Duszom Czy\u015b\u0107cowym \u2013 wtorek, godz. 7.00.<\/li>\n<li>Z intencji Bractwa Szkaplerza \u015awi\u0119tego \u2013 \u015broda, godz. 6.30.<\/li>\n<li>Za \u015bp. Czes\u0142aw\u0119 Bi\u0144kowsk\u0105 \u2013 intencja od przyjaci\u00f3\u0142 c\u00f3rki Haliny z ul. Lipy \u2013 \u015broda, godz. 7.00.<\/li>\n<li>W intencji nowennowych pr\u00f3\u015bb i podzi\u0119kowa\u0144 do MB Pocieszenia \u2013 \u015broda, godz. 18.00.<\/li>\n<\/ul>\n<p>W ostatnim tygodniu odesz\u0142y od nas do wieczno\u015bci <strong>\u015bp. Irena Tutko <\/strong>z ul. Sanowej i\u00a0<strong>Bronis\u0142awa Kupiszewska<\/strong> z ul. Kopernika \u2013 wieczny odpoczynek\u2026<\/p>\n","protected":false},"excerpt":{"rendered":"<p>Dzi\u015b, zapraszamy jeszcze na nabo\u017ce\u0144stwo eucharystyczne z Koronk\u0105 do Bo\u017cego Mi\u0142osierdzia o godz. 17.30. Po nabo\u017ce\u0144stwie Msza \u015bw. wieczorna. We wtorek nowenna do \u015aw. J\u00f3zefa \u2013 Oblubie\u0144ca NMP. Podzi\u0119kowania i\u00a0pro\u015bby mo\u017cna sk\u0142ada\u0107 bezpo\u015brednio przed nabo\u017ce\u0144stwem na o\u0142tarzu Matki Bo\u017cej. W pi\u0105tek 22 lipca \u015bwi\u0119to \u015bw. Marii Magdaleny. W sobot\u0119 23 lipca \u015bwi\u0119to \u015bw. Brygidy Szwedzkiej [&hellip;]<\/p>\n","protected":false},"author":4,"featured_media":0,"comment_status":"closed","ping_status":"open","sticky":false,"template":"","format":"standard","meta":[],"categories":[5],"tags":[],"_links":{"self":[{"href":"https:\/\/lezajsk.przemyska.pl\/index.php?rest_route=\/wp\/v2\/posts\/14328"}],"collection":[{"href":"https:\/\/lezajsk.przemyska.pl\/index.php?rest_route=\/wp\/v2\/posts"}],"about":[{"href":"https:\/\/lezajsk.przemyska.pl\/index.php?rest_route=\/wp\/v2\/types\/post"}],"author":[{"embeddable":true,"href":"https:\/\/lezajsk.przemyska.pl\/index.php?rest_route=\/wp\/v2\/users\/4"}],"replies":[{"embeddable":true,"href":"https:\/\/lezajsk.przemyska.pl\/index.php?rest_route=%2Fwp%2Fv2%2Fcomments&post=14328"}],"version-history":[{"count":1,"href":"https:\/\/lezajsk.przemyska.pl\/index.php?rest_route=\/wp\/v2\/posts\/14328\/revisions"}],"predecessor-version":[{"id":14329,"href":"https:\/\/lezajsk.przemyska.pl\/index.php?rest_route=\/wp\/v2\/posts\/14328\/revisions\/14329"}],"wp:attachment":[{"href":"https:\/\/lezajsk.przemyska.pl\/index.php?rest_route=%2Fwp%2Fv2%2Fmedia&parent=14328"}],"wp:term":[{"taxonomy":"category","embeddable":true,"href":"https:\/\/lezajsk.przemyska.pl\/index.php?rest_route=%2Fwp%2Fv2%2Fcategories&post=14328"},{"taxonomy":"post_tag","embeddable":true,"href":"https:\/\/lezajsk.przemyska.pl\/index.php?rest_route=%2Fwp%2Fv2%2Ftags&post=14328"}],"curies":[{"name":"wp","href":"https:\/\/api.w.org\/{rel}","templated":true}]}}