
{"id":14325,"date":"2022-07-09T22:37:33","date_gmt":"2022-07-09T20:37:33","guid":{"rendered":"https:\/\/lezajsk.przemyska.pl\/?p=14325"},"modified":"2022-07-09T22:46:43","modified_gmt":"2022-07-09T20:46:43","slug":"xv-niedziela-zwykla-10-07-2022-r","status":"publish","type":"post","link":"https:\/\/lezajsk.przemyska.pl\/?p=14325","title":{"rendered":"XV Niedziela zwyk\u0142a &#8211; 10.07.2022 r."},"content":{"rendered":"<ol>\n<li>Dzi\u015b i do pi\u0105tku w\u0142\u0105cznie zapraszamy jeszcze na <strong>nowenn\u0119 przed \u015bwi\u0119tem MB Szkaplerznej<\/strong>. Rozpoczyna si\u0119 ona o godz. 17.00 \u015bpiewem Godzinek do MB Szkaplerznej, o godz. 17.30 wystawienie Naj\u015bwi\u0119tszego Sakramentu i nowenna a po niej Msza \u015bw. wieczorna.<\/li>\n<li>We wtorek <strong>nowenna do \u015bw. Antoniego<\/strong> i b\u0142ogos\u0142awie\u0144stwo dzieci. Pro\u015bby i\u00a0podzi\u0119kowania mo\u017cna sk\u0142ada\u0107 przy figurze \u015bwi\u0119tego.<\/li>\n<li>W \u015brod\u0119 13 lipca na godz. 18.00, zapraszamy wszystkich czcicieli Matki Bo\u017cej na kolejne <strong>Nabo\u017ce\u0144stwo Fatimskie z procesj\u0105 r\u00f3\u017ca\u0144cow\u0105<\/strong>.<\/li>\n<li><strong>W sobot\u0119 16 lipca<\/strong> przypada <strong>wspomnienie NMP z G\u00f3ry Karmel<\/strong>, <strong>czyli MB Szkaplerznej<\/strong>. Jest to \u015bwi\u0119to patronalne naszego Bractwa Szkaplerza \u015awi\u0119tego i z tej okazji w czasie Mszy \u015bw. o\u00a0godz. 18.00, b\u0119dzie mo\u017cliwo\u015b\u0107 na\u0142o\u017cenia szkaplerza nowym czcicielom Matki Bo\u017cej Szkaplerznej. Zainteresowani zg\u0142aszaj\u0105 si\u0119 wcze\u015bniej do zakrystii lub zelatora.<\/li>\n<li>Zapraszamy do udzia\u0142u w <strong>pielgrzymce do Czernej, kt\u00f3r\u0105 <\/strong>organizuje Bractwo Szkaplerza \u015awi\u0119tego w <strong>sobot\u0119 23 lipca br<\/strong>. Zapisy w zakrystii a wi\u0119cej szczeg\u00f3\u0142\u00f3w na tablicy og\u0142osze\u0144.<\/li>\n<li>Wyjazd autokaru <strong>na powitanie naszych pielgrzym\u00f3w na Jasn\u0105 G\u00f3r\u0119 b\u0119dzie 14 lipca w czwartek o godz. 22.30<\/strong> z parkingu przy placu targowym na ul. Sikorskiego. Busem jad\u0105 pielgrzymi, kt\u00f3rzy b\u0119d\u0105 w ostatni dzie\u0144 pielgrzymowa\u0107 z gr. b\u0142. Marii. Pozostali jad\u0105 autokarem.<\/li>\n<li><strong>Dzisiejsza taca mszalna<\/strong>, jest przeznaczona na <strong>prace remontowe przy dachu naszej Fary<\/strong>. Prace powinny rozpocz\u0105\u0107 si\u0119 pod koniec lipca. Za wszystkie z\u0142o\u017cone dzi\u015b ofiary sk\u0142adamy serdeczne B\u00f3g zap\u0142a\u0107.<\/li>\n<li><strong>W Siewcy<\/strong> przed po\u0142udniem do nabycia prasa i publikacje katolickie.<\/li>\n<\/ol>\n<p><strong><u>Intencje zbiorowe: <\/u><\/strong><\/p>\n<ul>\n<li>W intencji Ko\u015bcio\u0142a, Ojczyzny, parafii i naszych rodzin za przyczyn\u0105 \u015bw. Micha\u0142a Archanio\u0142a \u2013 wtorek, godz. 6.30.<\/li>\n<li>W intencji Si\u00f3str i Braci z R\u00f3\u017c R\u00f3\u017ca\u0144cowych \u2013 \u015broda, godz. 18.00.<\/li>\n<li>W intencji nowennowych pr\u00f3\u015bb i podzi\u0119kowa\u0144 do MB Pocieszenia \u2013 \u015broda, godz. 18.00.<\/li>\n<li>Za \u015bp. Jerzego Wa\u0144 \u2013 intencja od pracownik\u00f3w Przedszkola Si\u00f3str S\u0142u\u017cebniczek \u2013 pi\u0105tek, godz. 6.30.<\/li>\n<li>Z intencji Bractwa Szkaplerza \u015awi\u0119tego \u2013 sobota, godz. 18.00.<\/li>\n<li>O pokoju w naszej Ojczy\u017anie i pojednanie mi\u0119dzy narodami \u2013 intencja od mieszka\u0144c\u00f3w ul. Moniuszki i ulic przyleg\u0142ych \u2013 niedziela, godz. 8.30.<\/li>\n<\/ul>\n<p>W ostatnim tygodniu odesz\u0142a od nas do wieczno\u015bci <strong>\u015bp. J\u00f3zefa Teresa Salmo\u0144ska <\/strong>z ul. Rynek i <strong>Bronis\u0142awa Gut<\/strong> z ul. Staszica \u2013 wieczny odpoczynek\u2026<\/p>\n","protected":false},"excerpt":{"rendered":"<p>Dzi\u015b i do pi\u0105tku w\u0142\u0105cznie zapraszamy jeszcze na nowenn\u0119 przed \u015bwi\u0119tem MB Szkaplerznej. Rozpoczyna si\u0119 ona o godz. 17.00 \u015bpiewem Godzinek do MB Szkaplerznej, o godz. 17.30 wystawienie Naj\u015bwi\u0119tszego Sakramentu i nowenna a po niej Msza \u015bw. wieczorna. We wtorek nowenna do \u015bw. Antoniego i b\u0142ogos\u0142awie\u0144stwo dzieci. Pro\u015bby i\u00a0podzi\u0119kowania mo\u017cna sk\u0142ada\u0107 przy figurze \u015bwi\u0119tego. W [&hellip;]<\/p>\n","protected":false},"author":4,"featured_media":0,"comment_status":"closed","ping_status":"open","sticky":false,"template":"","format":"standard","meta":[],"categories":[5],"tags":[],"_links":{"self":[{"href":"https:\/\/lezajsk.przemyska.pl\/index.php?rest_route=\/wp\/v2\/posts\/14325"}],"collection":[{"href":"https:\/\/lezajsk.przemyska.pl\/index.php?rest_route=\/wp\/v2\/posts"}],"about":[{"href":"https:\/\/lezajsk.przemyska.pl\/index.php?rest_route=\/wp\/v2\/types\/post"}],"author":[{"embeddable":true,"href":"https:\/\/lezajsk.przemyska.pl\/index.php?rest_route=\/wp\/v2\/users\/4"}],"replies":[{"embeddable":true,"href":"https:\/\/lezajsk.przemyska.pl\/index.php?rest_route=%2Fwp%2Fv2%2Fcomments&post=14325"}],"version-history":[{"count":2,"href":"https:\/\/lezajsk.przemyska.pl\/index.php?rest_route=\/wp\/v2\/posts\/14325\/revisions"}],"predecessor-version":[{"id":14327,"href":"https:\/\/lezajsk.przemyska.pl\/index.php?rest_route=\/wp\/v2\/posts\/14325\/revisions\/14327"}],"wp:attachment":[{"href":"https:\/\/lezajsk.przemyska.pl\/index.php?rest_route=%2Fwp%2Fv2%2Fmedia&parent=14325"}],"wp:term":[{"taxonomy":"category","embeddable":true,"href":"https:\/\/lezajsk.przemyska.pl\/index.php?rest_route=%2Fwp%2Fv2%2Fcategories&post=14325"},{"taxonomy":"post_tag","embeddable":true,"href":"https:\/\/lezajsk.przemyska.pl\/index.php?rest_route=%2Fwp%2Fv2%2Ftags&post=14325"}],"curies":[{"name":"wp","href":"https:\/\/api.w.org\/{rel}","templated":true}]}}