
{"id":14322,"date":"2022-07-02T21:46:34","date_gmt":"2022-07-02T19:46:34","guid":{"rendered":"https:\/\/lezajsk.przemyska.pl\/?p=14322"},"modified":"2022-07-02T21:46:34","modified_gmt":"2022-07-02T19:46:34","slug":"xiv-niedziela-zwykla-02-07-2022-r","status":"publish","type":"post","link":"https:\/\/lezajsk.przemyska.pl\/?p=14322","title":{"rendered":"XIV Niedziela zwyk\u0142a &#8211; 02.07.2022 r."},"content":{"rendered":"<ol>\n<li>Dzi\u015b zapraszamy jeszcze na <strong>nabo\u017ce\u0144stwo eucharystyczne z modlitw\u0105 r\u00f3\u017ca\u0144cow\u0105<\/strong> o\u00a0godz. 17.30.<\/li>\n<li>Jutro z Przemy\u015bla a we wtorek z Le\u017cajska wyrusza <strong>42 Piesza Pielgrzymka na Jasna G\u00f3r\u0119<\/strong>. Msza \u015bw. na wyj\u015bcie naszej <strong>grupy b\u0142. Marii<\/strong>, zostanie odprawiona <strong>we wtorek o\u00a0godz. 8.00<\/strong>. Zapraszamy wszystkich do wsp\u00f3lnej modlitwy. Pragniemy te\u017c zaprosi\u0107 wszystkich parafian i go\u015bci do duchowego pielgrzymowania i wspierania pielgrzym\u00f3w poprzez uczestnictwo w\u00a0codziennej Mszy \u015bw. o godz. 18.00. Pielgrzymom mo\u017cna tak\u017ce towarzyszy\u0107 ju\u017c od jutra na falach <strong>Radia Fara<\/strong>. Baga\u017ce pielgrzymi sk\u0142adaj\u0105 ju\u017c dzi\u015b w\u00a0godzinach od 16.00 do 18.00. W dalszym ci\u0105gu jest jeszcze mo\u017cliwo\u015b\u0107 zapisania si\u0119 na pielgrzymk\u0119. Organizowany jest r\u00f3wnie\u017c <strong>wyjazd na Jasn\u0105 G\u00f3r\u0119 na wej\u015bcie i\u00a0przywitanie pielgrzym\u00f3w dnia 15 lipca.<\/strong> Zapisy w zakrystii. Liczba miejsc jest ograniczona.<\/li>\n<li>W tym tygodniu przypada<strong> I czwartek miesi\u0105ca<\/strong>. Adoracja Naj\u015bwi\u0119tszego Sakramentu po Mszy \u015bw. w czwartek do godz. 20.00.<\/li>\n<li>Tak\u017ce w czwartek pocz\u0105tek <strong>nowenny przed \u015bwi\u0119tem MB Szkaplerznej<\/strong>. B\u0119dzie si\u0119 ona rozpoczyna\u0107 codziennie o godz. 17.00 \u015bpiewem Godzinek do MB Szkaplerznej, o\u00a0godz. 17.30 wystawienie Naj\u015bwi\u0119tszego Sakramentu i nowenna a po niej Msza \u015bw. wieczorna.<\/li>\n<li>W pi\u0105tek <strong>wspomnienie \u015bw. Jana z Dukli<\/strong> \u2013 patrona naszej Archidiecezji.<\/li>\n<li><strong>Dzisiejsza taca mszalna<\/strong> jest przeznaczona na potrzeby Seminarium Duchownego w\u00a0Przemy\u015blu za\u015b za tydzie\u0144 jak w ka\u017cd\u0105 II niedziel\u0119 miesi\u0105ca, taca b\u0119dzie przeznaczona na <strong>prace remontowe przy dachu naszej Fary<\/strong>. W czasie ostatniej zbi\u00f3rki ofiar z\u00a0przeznaczeniem na ten cel, zebrano \u0142\u0105cznie z wp\u0142atami na konto <strong>kwot\u0119 23 341 z\u0142<\/strong>. Tym samym na naszym koncie inwestycyjno &#8211; remontowym mamy <strong>222 ty\u015b. z\u0142.<\/strong> Wszystkim darczy\u0144com za ka\u017cd\u0105 przekazan\u0105 z\u0142ot\u00f3wk\u0119, za \u017cyczliwo\u015b\u0107 i\u00a0zrozumienie sk\u0142adamy serdeczne B\u00f3g zap\u0142a\u0107.<\/li>\n<li>S\u0105 jeszcze wolne miejsca na <strong>pielgrzymko &#8211; wycieczk\u0119 do Grecji<\/strong> w dniach od 24 lipca do 3 sierpnia. Na stronie parafialnej i na tablicy og\u0142osze\u0144 znajduje si\u0119 plan wyjazdu. Zapisy telefoniczne u ks. Waldemara do przysz\u0142ej niedzieli.<\/li>\n<li><strong>W Siewcy<\/strong> przed po\u0142udniem do nabycia prasa i publikacje katolickie.<\/li>\n<\/ol>\n<p><strong><u>Intencje zbiorowe: <\/u><\/strong><\/p>\n<ul>\n<li>W intencji Ko\u015bcio\u0142a, Ojczyzny, parafii i naszych rodzin za przyczyn\u0105 \u015bw. Micha\u0142a Archanio\u0142a \u2013 wtorek, godz. 6.30.<\/li>\n<li>W intencji nowennowych pr\u00f3\u015bb i podzi\u0119kowa\u0144 do MB Pocieszenia \u2013 \u015broda, godz. 18.00.<\/li>\n<li>W intencji kap\u0142an\u00f3w i o nowe \u015bwi\u0119te powo\u0142ania do kap\u0142a\u0144stwa z\u00a0naszej parafii \u2013 intencja od Stra\u017cy Honorowej NSPJ \u2013 czwartek, godz. 18.00.<\/li>\n<li>Z intencji Ko\u0142a Przyjaci\u00f3\u0142 Radia Maryja \u2013 pi\u0105tek, godz. 18.00.<\/li>\n<li>Z R\u00f3\u017cy \u015bw. Jana z Dukli \u2013 niedziela, godz. 8.30.<\/li>\n<li>W intencji pomordowanych na Kresach wschodnich i na Wo\u0142yniu \u2013 intencja od Towarzystwa Mi\u0142o\u015bnik\u00f3w Lwowa i Kres\u00f3w Po\u0142udniowo-Wschodnich, Klub w Le\u017cajsku \u2013 niedziela, godz. 10.00.<\/li>\n<\/ul>\n<p>W ostatnim tygodniu odesz\u0142y od nas do wieczno\u015bci <strong>\u015bp. Genowefa Haracz <\/strong>z ul. Staszica i\u00a0<strong>Helena Sadek <\/strong>z\u00a0ul. Kopernika \u2013 wieczny odpoczynek\u2026<\/p>\n","protected":false},"excerpt":{"rendered":"<p>Dzi\u015b zapraszamy jeszcze na nabo\u017ce\u0144stwo eucharystyczne z modlitw\u0105 r\u00f3\u017ca\u0144cow\u0105 o\u00a0godz. 17.30. Jutro z Przemy\u015bla a we wtorek z Le\u017cajska wyrusza 42 Piesza Pielgrzymka na Jasna G\u00f3r\u0119. Msza \u015bw. na wyj\u015bcie naszej grupy b\u0142. Marii, zostanie odprawiona we wtorek o\u00a0godz. 8.00. Zapraszamy wszystkich do wsp\u00f3lnej modlitwy. Pragniemy te\u017c zaprosi\u0107 wszystkich parafian i go\u015bci do duchowego pielgrzymowania [&hellip;]<\/p>\n","protected":false},"author":4,"featured_media":0,"comment_status":"closed","ping_status":"open","sticky":false,"template":"","format":"standard","meta":[],"categories":[5],"tags":[],"_links":{"self":[{"href":"https:\/\/lezajsk.przemyska.pl\/index.php?rest_route=\/wp\/v2\/posts\/14322"}],"collection":[{"href":"https:\/\/lezajsk.przemyska.pl\/index.php?rest_route=\/wp\/v2\/posts"}],"about":[{"href":"https:\/\/lezajsk.przemyska.pl\/index.php?rest_route=\/wp\/v2\/types\/post"}],"author":[{"embeddable":true,"href":"https:\/\/lezajsk.przemyska.pl\/index.php?rest_route=\/wp\/v2\/users\/4"}],"replies":[{"embeddable":true,"href":"https:\/\/lezajsk.przemyska.pl\/index.php?rest_route=%2Fwp%2Fv2%2Fcomments&post=14322"}],"version-history":[{"count":1,"href":"https:\/\/lezajsk.przemyska.pl\/index.php?rest_route=\/wp\/v2\/posts\/14322\/revisions"}],"predecessor-version":[{"id":14323,"href":"https:\/\/lezajsk.przemyska.pl\/index.php?rest_route=\/wp\/v2\/posts\/14322\/revisions\/14323"}],"wp:attachment":[{"href":"https:\/\/lezajsk.przemyska.pl\/index.php?rest_route=%2Fwp%2Fv2%2Fmedia&parent=14322"}],"wp:term":[{"taxonomy":"category","embeddable":true,"href":"https:\/\/lezajsk.przemyska.pl\/index.php?rest_route=%2Fwp%2Fv2%2Fcategories&post=14322"},{"taxonomy":"post_tag","embeddable":true,"href":"https:\/\/lezajsk.przemyska.pl\/index.php?rest_route=%2Fwp%2Fv2%2Ftags&post=14322"}],"curies":[{"name":"wp","href":"https:\/\/api.w.org\/{rel}","templated":true}]}}