
{"id":14102,"date":"2022-06-25T22:07:08","date_gmt":"2022-06-25T20:07:08","guid":{"rendered":"https:\/\/lezajsk.przemyska.pl\/?p=14102"},"modified":"2022-06-26T08:25:13","modified_gmt":"2022-06-26T06:25:13","slug":"xiii-niedziela-zwykla-26-06-2022-r","status":"publish","type":"post","link":"https:\/\/lezajsk.przemyska.pl\/?p=14102","title":{"rendered":"XIII Niedziela zwyk\u0142a &#8211; 26.06.2022 r."},"content":{"rendered":"<ol>\n<li>Dzi\u015b zapraszamy jeszcze na nabo\u017ce\u0144stwo eucharystyczne z litani\u0105 do <strong>Naj\u015bwi\u0119tszego Serca Pana Jezusa <\/strong><strong>na godz. 17.30<\/strong> a po nim Msza \u015bw. wieczorna.<\/li>\n<li>W \u015brod\u0119 <strong>Uroczysto\u015b\u0107 \u015awi\u0119tych Aposto\u0142\u00f3w Piotra i Paw\u0142a<\/strong>. Msze \u015bw. rano o godz. <strong>6.30, 7.00, 8.30, 10.00 i wieczorem o godz. 16.00 i 18.00.<\/strong><\/li>\n<li>W tym tygodniu przypada<strong> I pi\u0105tek i I sobota miesi\u0105ca<\/strong>. Adoracja Naj\u015bwi\u0119tszego Sakramentu po Mszy \u015bw. w pi\u0105tek do godz. 20.00.<\/li>\n<li><strong>Spowied\u017a w\u00a0pi\u0105tek<\/strong> od godz. 17.00.<\/li>\n<li><strong>Odwiedziny chorych w domach <\/strong>w pi\u0105tek od godz. 9.00.<\/li>\n<li>W sobot\u0119 wszystkich czcicieli Matki Bo\u017cej, zapraszamy na kolejne <strong>nabo\u017ce\u0144stwo I\u00a0soboty<\/strong>, wynagradzaj\u0105ce Niepokalanemu Sercu NMP, po\u0142\u0105czone z\u00a0modlitw\u0105 r\u00f3\u017ca\u0144cow\u0105 o godz. 17.00. Tego te\u017c dnia <strong>po Mszy \u015bw. o godz. 18.00<\/strong> odb\u0119dzie si\u0119 kolejny w naszej parafii <strong> \u201eM\u0119ski R\u00f3\u017caniec\u201d<\/strong>. Na to wyj\u0105tkowe nabo\u017ce\u0144stwo i\u00a0wieczorn\u0105 procesj\u0119 r\u00f3\u017ca\u0144cow\u0105 ju\u017c dzi\u015b zapraszamy wszystkich m\u0119\u017cczyzn, niezale\u017cnie od wieku.<\/li>\n<li>Przypominamy, \u017ce <strong>dzi\u015b<\/strong> <strong>po Mszy \u015bw. o godz. 18.00<\/strong>, spotkanie organizacyjne dla wszystkich udaj\u0105cych si\u0119 na <strong>42 Przemysk\u0105 Piesz\u0105 Pielgrzymk\u0119 na Jasn\u0105 G\u00f3r\u0119<\/strong>. W\u00a0dalszym ci\u0105gu zach\u0119camy do zapisywania si\u0119 na pielgrzymk\u0119 (szczeg\u00f3\u0142y na plakacie i u ks. \u0141ukasza). Przy o\u0142tarzu NSPJ znajduje si\u0119 skrzynka, do kt\u00f3rej mo\u017cna wrzuca\u0107 intencje duchowych pielgrzym\u00f3w. W tych wszystkich intencjach 15 lipca na Jasnej G\u00f3rze zostanie odprawiona Msza \u015bw.<\/li>\n<li>Miniony tydzie\u0144 sprawi\u0142, \u017ce jako parafia mo\u017cemy si\u0119 cieszy\u0107 nowymi ministrantami ale tak\u017ce ustanowionym przez ks. Biskupa pierwszym z naszej parafii <strong>ceremoniarzem, kt\u00f3rym zosta\u0142<\/strong> <strong>nasz lektor Jakub Kostka<\/strong>, za\u015b jego m\u0142odszy brat <strong>Filip<\/strong> <strong>uzyska\u0142 tytu\u0142 Ministranta Roku<\/strong>. Wyr\u00f3\u017cnionym i nowym ministrantom gratulujemy a innych zach\u0119camy do podj\u0119cia tej wa\u017cnej pos\u0142ugi. Szczeg\u00f3\u0142y na naszej stronie parafialnej.<\/li>\n<li><strong>Taca mszalna<\/strong> <strong>z uroczysto\u015bci \u015bw. Piotra i Paw\u0142a<\/strong> jest przeznaczona na potrzeby Stolicy Apostolskiej za\u015b z najbli\u017cszej niedzieli na potrzeby WSD w\u00a0Przemy\u015blu.<\/li>\n<li>Mamy ju\u017c kalendarz na przysz\u0142y rok i tym samym <strong>otwieramy mo\u017cliwo\u015b\u0107 zamawiania Mszy \u015bw.<\/strong><\/li>\n<li>Waldemar organizuje <strong>wyjazd do Grecji<\/strong> w dniach 24.07 &#8211; 03.08. Szczeg\u00f3\u0142y na tablicy og\u0142osze\u0144 i u ks. Waldemara.<\/li>\n<li><strong>W Siewcy<\/strong>, przed po\u0142udniem do nabycia prasa i publikacje katolickie a przed ko\u015bcio\u0142em z\u00a0r\u0105k ministrant\u00f3w mo\u017cna odebra\u0107 kolejny numer naszej <strong>parafialnej<\/strong> <strong>gazetki Siewca<\/strong>.<\/li>\n<\/ol>\n<p><strong><u>Intencje zbiorowe: <\/u><\/strong><\/p>\n<ul>\n<li>Z intencji Bractwa Szkaplerza \u015awi\u0119tego \u2013 poniedzia\u0142ek, godz. 18.00.<\/li>\n<li>W intencji Ko\u015bcio\u0142a, Ojczyzny, naszej parafii i naszych rodzin za przyczyn\u0105 \u015bw. Micha\u0142a Archanio\u0142a \u2013 wtorek, godz. 6.30.<\/li>\n<li>Z intencji Stra\u017cy Honorowej NSPJ \u2013 pi\u0105tek, godz. 18.00.<\/li>\n<li>Wynagradzaj\u0105ca Niepokalanemu Sercu NMP \u2013 z intencji Bractwa Szkaplerza \u015awi\u0119tego i\u00a0R\u00f3\u017c R\u00f3\u017ca\u0144cowych \u2013 sobota, godz. 18.00.<\/li>\n<li>Za zmar\u0142ych mieszka\u0144c\u00f3w z ul. Moniuszki i ulic przyleg\u0142ych \u2013 niedziela, godz. 8.30.<\/li>\n<li>Z R\u00f3\u017cy \u015bw. s. Faustyny \u2013 niedziela, godz. 10.00.<\/li>\n<\/ul>\n<p>W ostatnim tygodniu odeszli od nas do wieczno\u015bci <strong>\u015bp. W\u0142adys\u0142aw Karcz i Andrzej Jagustyn <\/strong>z\u00a0ul. Kopernika \u2013 wieczny odpoczynek\u2026<\/p>\n","protected":false},"excerpt":{"rendered":"<p>Dzi\u015b zapraszamy jeszcze na nabo\u017ce\u0144stwo eucharystyczne z litani\u0105 do Naj\u015bwi\u0119tszego Serca Pana Jezusa na godz. 17.30 a po nim Msza \u015bw. wieczorna. W \u015brod\u0119 Uroczysto\u015b\u0107 \u015awi\u0119tych Aposto\u0142\u00f3w Piotra i Paw\u0142a. Msze \u015bw. rano o godz. 6.30, 7.00, 8.30, 10.00 i wieczorem o godz. 16.00 i 18.00. W tym tygodniu przypada I pi\u0105tek i I sobota [&hellip;]<\/p>\n","protected":false},"author":4,"featured_media":0,"comment_status":"closed","ping_status":"open","sticky":false,"template":"","format":"standard","meta":[],"categories":[5],"tags":[],"_links":{"self":[{"href":"https:\/\/lezajsk.przemyska.pl\/index.php?rest_route=\/wp\/v2\/posts\/14102"}],"collection":[{"href":"https:\/\/lezajsk.przemyska.pl\/index.php?rest_route=\/wp\/v2\/posts"}],"about":[{"href":"https:\/\/lezajsk.przemyska.pl\/index.php?rest_route=\/wp\/v2\/types\/post"}],"author":[{"embeddable":true,"href":"https:\/\/lezajsk.przemyska.pl\/index.php?rest_route=\/wp\/v2\/users\/4"}],"replies":[{"embeddable":true,"href":"https:\/\/lezajsk.przemyska.pl\/index.php?rest_route=%2Fwp%2Fv2%2Fcomments&post=14102"}],"version-history":[{"count":2,"href":"https:\/\/lezajsk.przemyska.pl\/index.php?rest_route=\/wp\/v2\/posts\/14102\/revisions"}],"predecessor-version":[{"id":14104,"href":"https:\/\/lezajsk.przemyska.pl\/index.php?rest_route=\/wp\/v2\/posts\/14102\/revisions\/14104"}],"wp:attachment":[{"href":"https:\/\/lezajsk.przemyska.pl\/index.php?rest_route=%2Fwp%2Fv2%2Fmedia&parent=14102"}],"wp:term":[{"taxonomy":"category","embeddable":true,"href":"https:\/\/lezajsk.przemyska.pl\/index.php?rest_route=%2Fwp%2Fv2%2Fcategories&post=14102"},{"taxonomy":"post_tag","embeddable":true,"href":"https:\/\/lezajsk.przemyska.pl\/index.php?rest_route=%2Fwp%2Fv2%2Ftags&post=14102"}],"curies":[{"name":"wp","href":"https:\/\/api.w.org\/{rel}","templated":true}]}}