
{"id":13985,"date":"2022-06-18T22:26:23","date_gmt":"2022-06-18T20:26:23","guid":{"rendered":"https:\/\/lezajsk.przemyska.pl\/?p=13985"},"modified":"2022-06-18T22:26:23","modified_gmt":"2022-06-18T20:26:23","slug":"xii-niedziela-zwykla-19-06-2022-r","status":"publish","type":"post","link":"https:\/\/lezajsk.przemyska.pl\/?p=13985","title":{"rendered":"XII Niedziela zwyk\u0142a &#8211; 19.06.2022 r."},"content":{"rendered":"<ol>\n<li>Dzi\u015b zapraszamy jeszcze na <strong>nabo\u017ce\u0144stwo do Serca Pana Jezusa<\/strong> na godz. 17.30 z\u00a0procesj\u0105 eucharystyczn\u0105 a\u00a0po nim Msza \u015bw. wieczorna. W tygodniu, przez czas oktawy do czwartku w\u0142\u0105cznie, <strong>najpierw o godz. 18.00 Msza \u015bw.<\/strong> wieczorna a po niej nabo\u017ce\u0144stwo i\u00a0procesja eucharystyczna.<\/li>\n<li>We wtorek <strong>nowenna do \u015aw. J\u00f3zefa \u2013 Oblubie\u0144ca NMP<\/strong>. Podzi\u0119kowania i\u00a0pro\u015bby mo\u017cna sk\u0142ada\u0107 bezpo\u015brednio przed nabo\u017ce\u0144stwem na o\u0142tarzu Matki Bo\u017cej.<\/li>\n<li>W czwartek liturgiczna uroczysto\u015b\u0107<strong> Narodzenia \u015bw. Jana Chrzciciela<\/strong>. \u015awi\u0119tujemy j\u0105 dzie\u0144 wcze\u015bniej ze wzgl\u0119du na pi\u0105tkow\u0105 Uroczysto\u015b\u0107 Naj\u015bwi\u0119tszego Serca Pana Jezusa.<\/li>\n<li>W czwartek o godz. 18.00 Msza \u015bw. na <strong>zako\u0144czenie oktawy Bo\u017cego Cia\u0142a <\/strong>po\u0142\u0105czona z\u00a0po\u015bwi\u0119ceniem wiank\u00f3w i\u00a0b\u0142ogos\u0142awie\u0144stwem dzieci a po niej procesja eucharystyczna. Wszystkich a szczeg\u00f3lnie dzieci, zapraszamy do licznego udzia\u0142u. Po procesji <strong>indywidualne b\u0142ogos\u0142awie\u0144stwo dzieci<\/strong>.<\/li>\n<li>W pi\u0105tek <strong>Uroczysto\u015b\u0107 Naj\u015bwi\u0119tszego Serca Pana Jezusa<\/strong> i w zwi\u0105zku z tym nie obowi\u0105zuje w tym dniu wstrzemi\u0119\u017aliwo\u015b\u0107 od pokarm\u00f3w mi\u0119snych. <strong>Akt zawierzenia naszej parafii i wszystkich rodzin<\/strong> <strong>Naj\u015bwi\u0119tszemu Sercu Pana Jezusa<\/strong> w czasie uroczystej Mszy \u015bw. o godz. 18.00.<\/li>\n<li>W pi\u0105tek Msza \u015bw. dzi\u0119kczynna na zako\u0144czeniu roku pracy dla uczni\u00f3w <strong>Szk\u00f3\u0142 Podstawowych Nr 1 i 2 w Farze o godz. 8.00<\/strong> a dla <strong>Zespo\u0142u Szk\u00f3\u0142 Licealnych tak\u017ce w Farze o godz. 9.00<\/strong>. Mo\u017cliwo\u015b\u0107 spowiedzi dla dzieci i\u00a0m\u0142odzie\u017cy codziennie w czasie ka\u017cdej Mszy \u015bw.<\/li>\n<li>Tak\u017ce w pi\u0105tek <strong>na Msz\u0119 \u015bw. o godz. 18.00, <\/strong>zapraszamy wszystkie grupy duszpasterskie, na<strong> uroczyste podsumowanie i zako\u0144czenie roku formacji<\/strong>. Przedstawicieli wszystkich grup prosimy o zg\u0142aszanie si\u0119 do ks. Grzegorza, celem przygotowania liturgii.<\/li>\n<li>W najbli\u017csz\u0105 niedziel\u0119 <strong>26 czerwca, po Mszy \u015bw. o godz. 18.00<\/strong>, odb\u0119dzie si\u0119 spotkanie przed pielgrzymkowe <strong>grupy b\u0142. Marii<\/strong>. W tym roku pielgrzymka po 2 letniej przerwie wraca do tradycyjnej formy. Zapisy na pielgrzymk\u0119 droga telefoniczn\u0105 u ks. \u0141ukasza (numer na plakacie) lub na spotkaniu.<\/li>\n<li>Tak\u017ce w najbli\u017csz\u0105 niedziel\u0119 26 czerwca w czasie Mszy \u015bw. o godz. 11.30 b\u0119dziemy obchodzi\u0107 niecodzienn\u0105, bo <strong>100 &#8211; rocznic\u0119 urodzin<\/strong> <strong>Pani W\u0142adys\u0142awy Pietruskiej<\/strong> z\u00a0ul. Furgalskiego. Ju\u017c dzi\u015b nasz\u0105 s\u0119dziw\u0105 Jubilatk\u0119 otaczamy nasza modlitw\u0105.<\/li>\n<li>Przypominamy, \u017ce w czasie wakacji czyli od najbli\u017cszej niedzieli w\u0142\u0105cznie, <strong>Msze \u015bw. tylko w\u00a0ko\u015bcie farnym. <\/strong><\/li>\n<li><strong>W imieniu naszej parafii a szczeg\u00f3lnie ks. Witolda Orzechowskiego<\/strong> \u2013 g\u0142\u00f3wnego organizatora, sk\u0142adamy serdeczne podzi\u0119kowanie wszystkim, kt\u00f3rzy w jakikolwiek spos\u00f3b wsparli organizacj\u0119 <strong>Archidiecezjalnej Pielgrzymki Eucharystycznego Ruchu M\u0142odych i Pielgrzymk\u0119 Dzieci Komunijnych i Rocznicowych do Le\u017cajska<\/strong> z okazji Dnia Dziecka. Szczeg\u00f3lne podzi\u0119kowanie za wsparcie finansowe i pomoc organizacyjn\u0105 kierujemy w stron\u0119 Urz\u0119du Miasta Le\u017cajsk, Starostwa Powiatowego i\u00a0Gminy Le\u017cajsk. Jeste\u015bmy te\u017c pe\u0142ni wdzi\u0119czno\u015bci i uznania wobec licznych dobrodziej\u00f3w i ca\u0142ej rzeszy wolontariuszy. Za wszelkie dobro, wszystkim sk\u0142adamy serdeczne B\u00f3g zap\u0142a\u0107.<\/li>\n<li><strong>W Siewcy<\/strong> przed po\u0142udniem do nabycia prasa i publikacje katolickie. Dzi\u015b szczeg\u00f3lnie polecamy Extra Wydanie Go\u015bcia Niedzielnego i Mi\u0142ujcie si\u0119<strong>.<\/strong><\/li>\n<\/ol>\n<p><strong>\u00a0<\/strong><strong><u>Intencje zbiorowe: <\/u><\/strong><\/p>\n<ul>\n<li>W intencji dzieci, rodzic\u00f3w, si\u00f3str i pracownik\u00f3w Przedszkola Si\u00f3str S\u0142u\u017cebniczek \u2013 poniedzia\u0142ek, godz. 16.00.<\/li>\n<li>Za \u015bp. Jerzego Wa\u0144 \u2013 intencja od pracownik\u00f3w Zespo\u0142u Szkolno &#8211; Przedszkolnego Nr 1 w\u00a0Le\u017cajsku \u2013 poniedzia\u0142ek, godz. 18.00 i od Si\u00f3str S\u0142u\u017cebniczek ze wsp\u00f3lnoty s. Agaty \u2013 wtorek, godz. 18.00.<\/li>\n<li>W intencji Ko\u015bcio\u0142a, Ojczyzny, naszej parafii i naszych rodzin za przyczyn\u0105 \u015bw. Micha\u0142a Archanio\u0142a \u2013 wtorek, godz. 6.30.<\/li>\n<li>Za \u015bp. Jolant\u0119 Czarneck\u0105 \u2013 intencja od s\u0105siad\u00f3w z klatki I i II \u2013 \u015broda, godz. 7.00.<\/li>\n<li>W intencji nowennowych pr\u00f3\u015bb i podzi\u0119kowa\u0144 do MB Pocieszenia \u2013 \u015broda, godz. 18.00.<\/li>\n<li>Za dusze w czy\u015b\u0107cu cierpi\u0105ce \u2013 intencja od Apostolskiego Dzie\u0142a Pomocy Duszom Czy\u015b\u0107cowym \u2013 czwartek, godz. 7.00.<\/li>\n<li>Wynagradzaj\u0105ca za grzechy \u2013 intencja od Stra\u017cy Honorowej NSPJ \u2013 pi\u0105tek, godz. 18.00.<\/li>\n<li>Dzi\u0119kczynna z racji zako\u0144czenia roku formacji, z intencji wszystkich grup parafialnych \u2013 pi\u0105tek, godz. 18.00.<\/li>\n<li>Z intencji Bractwa Szkaplerza \u015awi\u0119tego \u2013 sobota, godz. 18.00.<\/li>\n<\/ul>\n<p>W ostatnim tygodniu odszed\u0142 od nas do wieczno\u015bci <strong>\u015bp. Ryszard \u0141abaziewicz <\/strong>z ul. Rzeszowskiej \u2013 wieczny odpoczynek\u2026<\/p>\n","protected":false},"excerpt":{"rendered":"<p>Dzi\u015b zapraszamy jeszcze na nabo\u017ce\u0144stwo do Serca Pana Jezusa na godz. 17.30 z\u00a0procesj\u0105 eucharystyczn\u0105 a\u00a0po nim Msza \u015bw. wieczorna. W tygodniu, przez czas oktawy do czwartku w\u0142\u0105cznie, najpierw o godz. 18.00 Msza \u015bw. wieczorna a po niej nabo\u017ce\u0144stwo i\u00a0procesja eucharystyczna. We wtorek nowenna do \u015aw. J\u00f3zefa \u2013 Oblubie\u0144ca NMP. Podzi\u0119kowania i\u00a0pro\u015bby mo\u017cna sk\u0142ada\u0107 bezpo\u015brednio przed [&hellip;]<\/p>\n","protected":false},"author":4,"featured_media":0,"comment_status":"closed","ping_status":"open","sticky":false,"template":"","format":"standard","meta":[],"categories":[5],"tags":[],"_links":{"self":[{"href":"https:\/\/lezajsk.przemyska.pl\/index.php?rest_route=\/wp\/v2\/posts\/13985"}],"collection":[{"href":"https:\/\/lezajsk.przemyska.pl\/index.php?rest_route=\/wp\/v2\/posts"}],"about":[{"href":"https:\/\/lezajsk.przemyska.pl\/index.php?rest_route=\/wp\/v2\/types\/post"}],"author":[{"embeddable":true,"href":"https:\/\/lezajsk.przemyska.pl\/index.php?rest_route=\/wp\/v2\/users\/4"}],"replies":[{"embeddable":true,"href":"https:\/\/lezajsk.przemyska.pl\/index.php?rest_route=%2Fwp%2Fv2%2Fcomments&post=13985"}],"version-history":[{"count":1,"href":"https:\/\/lezajsk.przemyska.pl\/index.php?rest_route=\/wp\/v2\/posts\/13985\/revisions"}],"predecessor-version":[{"id":13986,"href":"https:\/\/lezajsk.przemyska.pl\/index.php?rest_route=\/wp\/v2\/posts\/13985\/revisions\/13986"}],"wp:attachment":[{"href":"https:\/\/lezajsk.przemyska.pl\/index.php?rest_route=%2Fwp%2Fv2%2Fmedia&parent=13985"}],"wp:term":[{"taxonomy":"category","embeddable":true,"href":"https:\/\/lezajsk.przemyska.pl\/index.php?rest_route=%2Fwp%2Fv2%2Fcategories&post=13985"},{"taxonomy":"post_tag","embeddable":true,"href":"https:\/\/lezajsk.przemyska.pl\/index.php?rest_route=%2Fwp%2Fv2%2Ftags&post=13985"}],"curies":[{"name":"wp","href":"https:\/\/api.w.org\/{rel}","templated":true}]}}