
{"id":13481,"date":"2022-06-12T00:55:13","date_gmt":"2022-06-11T22:55:13","guid":{"rendered":"https:\/\/lezajsk.przemyska.pl\/?p=13481"},"modified":"2022-06-12T08:31:55","modified_gmt":"2022-06-12T06:31:55","slug":"uroczystosc-trojcy-przenajswietszej-12-06-2022-r","status":"publish","type":"post","link":"https:\/\/lezajsk.przemyska.pl\/?p=13481","title":{"rendered":"Uroczysto\u015b\u0107 Tr\u00f3jcy Przenaj\u015bwi\u0119tszej &#8211; 12.06.2022 r."},"content":{"rendered":"<ol>\n<li>Dzi\u015b w naszej parafii dzie\u0144 <strong>Odpust Parafialnego ku czci Tr\u00f3jcy Przenaj\u015bwi\u0119tszej<\/strong>. Suma odpustowa zostanie odprawiona o <strong> 11.30<\/strong> a b\u0119dzie jej przewodniczy\u0142 i wyg\u0142osi S\u0142owo Bo\u017ce, nasz rodak <strong>ks. Bartosz Skoczylas<\/strong>, kt\u00f3remu za t\u0119 dzisiejsz\u0105, ca\u0142odzienn\u0105 pos\u0142ug\u0119 z\u00a0ca\u0142ego serca dzi\u0119kujemy. Niech B\u00f3g Ojciec, Syn Bo\u017cy i Duch \u015awi\u0119ty, darzy swoim b\u0142ogos\u0142awie\u0144stwem tak\u017ce wszystkich parafian i go\u015bci. Pami\u0119tajmy te\u017c, \u017ce przyjmuj\u0105c dzi\u015b Komuni\u0119 \u015bw. zyskujemy <strong>odpust zupe\u0142ny<\/strong>, kt\u00f3ry mo\u017cemy ofiarowa\u0107 zar\u00f3wno za siebie jak i\u00a0za zmar\u0142ych. Warunkiem jest stan \u0142aski u\u015bwi\u0119caj\u0105cej, wyzbycie si\u0119 przywi\u0105zania do jakiegokolwiek grzechu i odm\u00f3wienie modlitwy Ojcze nasz i\u00a0Wierz\u0119 w\u00a0Boga Ojca.<\/li>\n<li>Dzi\u015b zapraszamy jeszcze na <strong>nabo\u017ce\u0144stwo do Naj\u015bwi\u0119tszego Serca Pana Jezusa na godz. 17.30<\/strong>.<\/li>\n<li>Dzisiejsz\u0105 uroczysto\u015bci\u0105 ko\u0144czy si\u0119 w Ko\u015bciele czas<strong> spowiedzi wielkanocnej<\/strong>.<\/li>\n<li>Jutro w poniedzia\u0142ek 13 czerwca, wszystkich czcicieli Matki Bo\u017cej zapraszamy na kolejne\u00a0<strong>Nabo\u017ce\u0144stwo Fatimskie<\/strong> z procesj\u0105 r\u00f3\u017ca\u0144cow\u0105 o godz. 18.00. Tym razem b\u0119dzie ono po\u0142\u0105czone z\u00a0wprowadzeniem do naszego ko\u015bcio\u0142a <strong>relikwii \u015awi\u0119tych Dzieci Fatimskich, Franciszka i Hiacynty<\/strong>. Na to nabo\u017ce\u0144stwo zapraszamy wszystkie dzieci a\u00a0szczeg\u00f3lnie komunijne, rocznicowe i m\u0142odsze. Niech to nabo\u017ce\u0144stwo b\u0119dzie ich \u015bwi\u0119tem.<\/li>\n<li>Tak\u017ce jutro z racji <strong>wspomnienia \u015bw. Antoniego<\/strong>, po\u015bwi\u0119cenie lilii po ka\u017cdej Mszy \u015bw.<\/li>\n<li>W czwartek 16 czerwca <strong>Uroczysto\u015b\u0107 Naj\u015bwi\u0119tszego Cia\u0142a i Krwi Pa\u0144skiej, czyli Bo\u017ce Cia\u0142o<\/strong>. Msze \u015bw. w ko\u015bciele Farnym o godz. <strong>7.00, 8.30<\/strong> <strong>i 10.00, popo\u0142udniu o\u00a0godz. 16.00 i\u00a018.00. <\/strong>W tym roku, uroczysto\u015bci Bo\u017cego Cia\u0142a z\u00a0procesj\u0105 Eucharystyczn\u0105 rozpoczn\u0105 si\u0119 przy naszej Farze, Msz\u0105 \u015bw. <strong>o godz. 10.00<\/strong>. Je\u015bli b\u0119d\u0105 sprzyjaj\u0105ce warunki pogodowe, b\u0119dzie to Msza \u015bw. sprawowana przy o\u0142tarzu polowym. Po Mszy \u015bw. wyruszymy z\u00a0procesj\u0105 do czterech o\u0142tarzy ca\u0142y czas ul. Mickiewicza a\u017c do Bazyliki OO. Bernardyn\u00f3w. Prosimy o\u00a0przygotowanie 2\u00a0o\u0142tarzy: I\u00a0O\u0142tarz, na wysoko\u015bci ZUS \u2013 Stra\u017c Honorowa NSPJ wesp\u00f3\u0142 z\u00a0Bractwem Szkaplerza \u015bw. i II O\u0142tarz, przy MCK \u2013 Akcja Katolicka przy pomocy braci z\u00a0r\u00f3\u017c m\u0119skich. Okoliczno\u015bciowa homilia b\u0119dzie wyg\u0142oszona podczas Mszy \u015bw. na Placu Farnym, na rozpocz\u0119cie procesji. Zapraszamy wszystkich do jak najliczniejszego udzia\u0142u w\u00a0tym wyj\u0105tkowym nabo\u017ce\u0144stwie, pami\u0119taj\u0105c, \u017ce udzia\u0142 w\u00a0procesji nie zwalnia nas z\u00a0obowi\u0105zku uczestniczenia we Mszy \u015bw. Dzieci w\u00a0strojach komunijnych jak i\u00a0m\u0142odsze zapraszamy do sypania kwiat\u00f3w i\u00a0dzwonienia zar\u00f3wno w\u00a0czwartek jak i\u00a0przez ca\u0142\u0105 oktaw\u0119.<\/li>\n<li>W pi\u0105tek po Bo\u017cym Ciele (17.06), na terenie Archidiecezji Przemyskiej, <strong>nie obowi\u0105zuje wstrzemi\u0119\u017aliwo\u015b\u0107 od pokarm\u00f3w mi\u0119snych<\/strong> na mocy og\u00f3lnej dyspensy udzielonej przez naszego Arcybiskupa Adama Szala, kt\u00f3ry jednocze\u015bnie zobowi\u0105zuje korzystaj\u0105cych z\u00a0dyspensy do z\u0142o\u017cenia ofiary na misje.<\/li>\n<li>Dzisiejsza taca mszalna z racji II niedzieli miesi\u0105ca, jest przeznaczona na planowane <strong>prace remontowe przy dachu naszej Fary. <\/strong>Wszystkim darczy\u0144com za ka\u017cd\u0105 przekazan\u0105 dzi\u015b z\u0142ot\u00f3wk\u0119, za \u017cyczliwo\u015b\u0107 i\u00a0zrozumienie sk\u0142adamy serdeczne B\u00f3g zap\u0142a\u0107.<\/li>\n<li><strong>W Siewcy<\/strong> przed po\u0142udniem do nabycia prasa i publikacje katolickie.<\/li>\n<li>W niedziel\u0119 19 czerwca rozpocznie si\u0119 <strong>XXXI Mi\u0119dzynarodowy Festiwal Muzyki Organowej i\u00a0Kameralnej<\/strong>. Inauguracyjny Koncert Plenerowy odb\u0119dzie si\u0119 na Palcu Mariackim o godz. 21.00.<\/li>\n<\/ol>\n<p><strong><u>Intencje zbiorowe: <\/u><\/strong><\/p>\n<ul>\n<li>Z R\u00f3\u017cy \u015bw. \u015bw. Antoniego i za \u015bp. Stanis\u0142aw\u0119 D\u0105bek \u2013 poniedzia\u0142ek, godz. 18.00.<\/li>\n<li>W intencji wszystkich R\u00f3\u017c R\u00f3\u017ca\u0144cowych \u2013 poniedzia\u0142ek, godz. 18.00.<\/li>\n<li>W intencji Ko\u015bcio\u0142a, Ojczyzny, naszej parafii i naszych rodzin za przyczyn\u0105 \u015bw. Micha\u0142a Archanio\u0142a \u2013 wtorek, godz. 6.30.<\/li>\n<li>Za \u015bp. Edwarda Smotry\u015b \u2013 intencja od koleg\u00f3w i kole\u017canek z oczyszczalni \u2013 wtorek, godz. 6.30.<\/li>\n<li>W intencji nowennowych pr\u00f3\u015bb i podzi\u0119kowa\u0144 do MB Pocieszenia \u2013 \u015broda, godz. 18.00.<\/li>\n<li>Z intencji Stra\u017cy Honorowej NSPJ, dzi\u0119kczynna za dar Eucharystii \u2013 czwartek, godz. 10.00.<\/li>\n<li>Za kap\u0142an\u00f3w z naszej parafii i o nowe powo\u0142ania \u2013 intencja od R\u00f3\u017cy \u015bw. Jana z Dukli \u2013 czwartek, godz. 10.00.<\/li>\n<li>Dzi\u0119kczynna z R\u00f3\u017cy Mi\u0142osierdzia Bo\u017cego \u2013 czwartek, godz. 10.00.<\/li>\n<li>Dzi\u0119kczynna z okazji Jubileuszu 110 \u2013 lecia ZSL w Le\u017cajsku i w intencji dyrekcji, nauczycieli i uczni\u00f3w \u2013 pi\u0105tek, godz. 16.00.<\/li>\n<li>Za \u015bp. Jerzego Wa\u0144 \u2013 intencja od s\u0105siad\u00f3w z klatki \u2013 pi\u0105tek, godz. 18.00.<\/li>\n<li>W intencji mieszka\u0144c\u00f3w ul. Moniuszki i przyleg\u0142ych \u2013 niedziela, godz. 7.00.<\/li>\n<\/ul>\n<p>W ostatnim tygodniu odeszli od nas do wieczno\u015bci <strong>\u015bp. Urszula Korasadowicz<\/strong> z ul. Braci \u015aniadeckich i\u00a0<strong>Andrzej Ordyczy\u0144ski<\/strong> z\u00a0ul. Mickiewicza \u2013 wieczny odpoczynek\u2026<\/p>\n","protected":false},"excerpt":{"rendered":"<p>Dzi\u015b w naszej parafii dzie\u0144 Odpust Parafialnego ku czci Tr\u00f3jcy Przenaj\u015bwi\u0119tszej. Suma odpustowa zostanie odprawiona o 11.30 a b\u0119dzie jej przewodniczy\u0142 i wyg\u0142osi S\u0142owo Bo\u017ce, nasz rodak ks. Bartosz Skoczylas, kt\u00f3remu za t\u0119 dzisiejsz\u0105, ca\u0142odzienn\u0105 pos\u0142ug\u0119 z\u00a0ca\u0142ego serca dzi\u0119kujemy. Niech B\u00f3g Ojciec, Syn Bo\u017cy i Duch \u015awi\u0119ty, darzy swoim b\u0142ogos\u0142awie\u0144stwem tak\u017ce wszystkich parafian i go\u015bci. [&hellip;]<\/p>\n","protected":false},"author":4,"featured_media":0,"comment_status":"closed","ping_status":"open","sticky":false,"template":"","format":"standard","meta":[],"categories":[5],"tags":[],"_links":{"self":[{"href":"https:\/\/lezajsk.przemyska.pl\/index.php?rest_route=\/wp\/v2\/posts\/13481"}],"collection":[{"href":"https:\/\/lezajsk.przemyska.pl\/index.php?rest_route=\/wp\/v2\/posts"}],"about":[{"href":"https:\/\/lezajsk.przemyska.pl\/index.php?rest_route=\/wp\/v2\/types\/post"}],"author":[{"embeddable":true,"href":"https:\/\/lezajsk.przemyska.pl\/index.php?rest_route=\/wp\/v2\/users\/4"}],"replies":[{"embeddable":true,"href":"https:\/\/lezajsk.przemyska.pl\/index.php?rest_route=%2Fwp%2Fv2%2Fcomments&post=13481"}],"version-history":[{"count":2,"href":"https:\/\/lezajsk.przemyska.pl\/index.php?rest_route=\/wp\/v2\/posts\/13481\/revisions"}],"predecessor-version":[{"id":13483,"href":"https:\/\/lezajsk.przemyska.pl\/index.php?rest_route=\/wp\/v2\/posts\/13481\/revisions\/13483"}],"wp:attachment":[{"href":"https:\/\/lezajsk.przemyska.pl\/index.php?rest_route=%2Fwp%2Fv2%2Fmedia&parent=13481"}],"wp:term":[{"taxonomy":"category","embeddable":true,"href":"https:\/\/lezajsk.przemyska.pl\/index.php?rest_route=%2Fwp%2Fv2%2Fcategories&post=13481"},{"taxonomy":"post_tag","embeddable":true,"href":"https:\/\/lezajsk.przemyska.pl\/index.php?rest_route=%2Fwp%2Fv2%2Ftags&post=13481"}],"curies":[{"name":"wp","href":"https:\/\/api.w.org\/{rel}","templated":true}]}}