
{"id":13473,"date":"2022-06-04T22:45:15","date_gmt":"2022-06-04T20:45:15","guid":{"rendered":"https:\/\/lezajsk.przemyska.pl\/?p=13473"},"modified":"2022-06-05T09:41:50","modified_gmt":"2022-06-05T07:41:50","slug":"uroczystosc-zeslania-ducha-swietego-05-06-2022-r","status":"publish","type":"post","link":"https:\/\/lezajsk.przemyska.pl\/?p=13473","title":{"rendered":"Uroczysto\u015b\u0107 Zes\u0142ania Ducha \u015awi\u0119tego &#8211; 05.06.2022 r."},"content":{"rendered":"<ol>\n<li>Z racji dzisiejszej uroczysto\u015bci, ka\u017cdy kto dzi\u015b pobo\u017cnie i publicznie odm\u00f3wi lub od\u015bpiewa hymn <strong>\u201eO\u00a0Stworzycielu Duchu przyjd\u017a\u2026\u201d, mo\u017ce zyska\u0107 odpust zupe\u0142ny<\/strong> pod zwyk\u0142ymi warunkami.<\/li>\n<li>Dzi\u015b <strong>nabo\u017ce\u0144stwo do Naj\u015bwi\u0119tszego Serca Pana Jezusa o godz. 17.30<\/strong>. W tygodniu nabo\u017ce\u0144stwa rozpoczynaj\u0105 si\u0119 o\u00a0godz. 18.00 <strong>litani\u0105 a po niej <\/strong>Msza \u015bw. wieczorna.<\/li>\n<li>Jutro, w poniedzia\u0142ek <strong>\u015awi\u0119to NMP Matki Ko\u015bcio\u0142a<\/strong>. Msze \u015bw. w ko\u015bciele Farnym o godz. <strong>6<\/strong>.<strong>30, 7.00, 8.30, 10.00, 16.00 i 18.00<\/strong>. Mimo, \u017ce jest to dzie\u0144 pracy, zapraszamy do jak najliczniejszego udzia\u0142u we Mszy \u015bw. i uczczenia Matki Naj\u015bwi\u0119tszej.<\/li>\n<li>We wtorek <strong>nowenna do \u015bw. Antoniego<\/strong> i b\u0142ogos\u0142awie\u0144stwo dzieci. Pro\u015bby i\u00a0podzi\u0119kowania mo\u017cna sk\u0142ada\u0107 przy figurze \u015bwi\u0119tego.<\/li>\n<li>Tak\u017ce we wtorek po Mszy \u015bw. wieczornej <strong>spotkanie Akcji katolickiej<\/strong>. Wszystkich cz\u0142onk\u00f3w jak i kandydat\u00f3w serdecznie zapraszamy.<\/li>\n<li>W czwartek <strong>\u015bwi\u0119to Jezusa Chrystusa Najwy\u017cszego i Wiecznego Kap\u0142ana<\/strong>, b\u0119d\u0105ce okazj\u0105 do szczeg\u00f3lnej modlitwy za kap\u0142an\u00f3w i o nowe, \u015bwi\u0119te powo\u0142ania do s\u0142u\u017cby kap\u0142a\u0144skiej.<\/li>\n<li>W najbli\u017csz\u0105 sobot\u0119 nasza parafia b\u0119dzie miejscem <strong>Archidiecezjalnej Pielgrzymki Eucharystycznego Ruchu M\u0142odych i Pielgrzymki Dzieci Komunijnych i\u00a0Rocznicowych po\u0142\u0105czonej z obchodami Dnia Dziecka<\/strong>. Uroczysto\u015b\u0107 rozpocznie si\u0119 <strong>Msza \u015bw. o godz. 11.00<\/strong>, sprawowana pod przewodnictwem ks. Biskupa przy o\u0142tarzu polowym a nast\u0119pnie festyn po\u0142\u0105czony z zabawami na placu targowym przy ul. Sikorskiego. Dzieci komunijne i rocznicowe wraz z rodzicami serdecznie zapraszamy.<\/li>\n<li>W przysz\u0142\u0105 niedziel\u0119 <strong>Uroczysto\u015b\u0107 Tr\u00f3jcy Przenaj\u015bwi\u0119tszej &#8211; dzie\u0144 naszego Odpustu Parafialnego.<\/strong> Wszystkich Parafian jak i Go\u015bci zapraszamy do udzia\u0142u w tej dorocznej uroczysto\u015bci. <strong>Suma odpustowa, zostanie odprawiona o godz. 11.30 a przewodniczy\u0142 jej b\u0119dzie nasz rodak ks. Bartosz Skoczylas. On te\u017c b\u0119dzie g\u0142osi\u0142 S\u0142owo Bo\u017ce na wszystkich Mszach \u015bw. <\/strong>Zadbajmy, aby uroczysto\u015b\u0107 odpustowa by\u0142a po\u0142\u0105czona z\u00a0przyj\u0119ciem Komunii \u015bw. i zyskaniem odpustu po uprzedniej spowiedzi \u015bw., z\u00a0kt\u00f3rej b\u0119dzie mo\u017cna skorzysta\u0107 codziennie w czasie ka\u017cdej Mszy \u015bw. b\u0105d\u017a w\u00a0sobot\u0119 od godz. 17.30. Szczeg\u00f3lne zaproszenie do udzia\u0142u w\u00a0sumie odpustowej kierujemy do wszystkich grup apostolskich i\u00a0modlitewnych a\u00a0tak\u017ce do dzieci, kt\u00f3re w\u00a0strojach komunijnych u\u015bwietni\u0105 procesj\u0119 eucharystyczn\u0105 sypaniem kwiat\u00f3w i\u00a0dzwonieniem.<\/li>\n<li><strong>Dzi\u015b ko\u0144czy si\u0119 okres wielkanocny <\/strong>a za tydzie\u0144 <strong>czas spowiedzi wielkanocnej<\/strong>.<\/li>\n<li>Uprzedzaj\u0105c, ju\u017c dzi\u015b zapraszamy na najbli\u017csze Nabo\u017ce\u0144stwo Fatimskie 13 czerwca, kt\u00f3re b\u0119dzie po\u0142\u0105czone z wprowadzeniem do naszego ko\u015bcio\u0142a <strong>relikwii \u015awi\u0119tych Dzieci Fatimskich, Franciszka i Hiacynty<\/strong>. Na to nabo\u017ce\u0144stwo zapraszamy wszystkie dzieci a szczeg\u00f3lnie komunijne, rocznicowe i m\u0142odsze. Niech to nabo\u017ce\u0144stwo b\u0119dzie szczeg\u00f3lnie ich \u015bwi\u0119tem. Przypomnimy o tym jeszcze w najbli\u017csz\u0105 niedziel\u0119.<\/li>\n<li><strong>Arcybractwo Stra\u017cy Honorowej NSPJ,<\/strong> zaprasza wszystkich swoich cz\u0142onk\u00f3w jak i\u00a0sympatyk\u00f3w do udzia\u0142u w <strong>Og\u00f3lnopolskiej Pielgrzymce Stra\u017cy Honorowej NSPJ na Jasn\u0105 G\u00f3r\u0119 w sobot\u0119 18 czerwca<\/strong>. Zapisy w zakrystii a szczeg\u00f3\u0142y na tablicy og\u0142osze\u0144.<\/li>\n<li><strong>Duszpasterstwo Nauczycieli przy parafii Farnej,<\/strong> zaprasza na Pielgrzymk\u0119 Nauczycieli na Jasn\u0105 G\u00f3r\u0119, po\u0142\u0105czon\u0105 z wycieczk\u0105 do Pragi w dniach 2-6 lipca br. Wi\u0119cej informacji na tablicy og\u0142osze\u0144 i u ks. Waldemara. Zapisy tylko do przysz\u0142ej niedzieli w zakrystii. Zosta\u0142o jeszcze 20 miejsc.<\/li>\n<li>Dzisiejsza taca mszalna jest przeznaczona na <strong>Seminarium Duchowne w Przemy\u015blu<\/strong> za\u015b za tydzie\u0144 jak w ka\u017cd\u0105 II niedziel\u0119 miesi\u0105ca, taca b\u0119dzie przeznaczona na <strong>prace remontowe przy dachu naszej Fary<\/strong>. W czasie ostatniej zbi\u00f3rki ofiar z\u00a0przeznaczeniem na ten cel, zebrano \u0142\u0105cznie z wp\u0142atami na konto <strong>kwot\u0119 26 646 z\u0142. <\/strong>W tym jest ofiara rodzic\u00f3w i dzieci pierwszokomunijnych w wysoko\u015bci 3 200 z\u0142<strong>. <\/strong>Tym samym na naszym koncie inwestycyjno &#8211; remontowym mamy <strong>198,5 ty\u015b. z\u0142.<\/strong> Wszystkim darczy\u0144com za ka\u017cd\u0105 przekazan\u0105 z\u0142ot\u00f3wk\u0119, za \u017cyczliwo\u015b\u0107 i\u00a0zrozumienie sk\u0142adamy serdeczne B\u00f3g zap\u0142a\u0107.<\/li>\n<li><strong>W Siewcy<\/strong> przed po\u0142udniem do nabycia prasa i publikacje katolickie a przed ko\u015bcio\u0142em z r\u0105k ministrant\u00f3w mo\u017cna odebra\u0107 kolejny darmowy numer <strong>Dobrych Nowin<\/strong>.<\/li>\n<\/ol>\n<p>&nbsp;<\/p>\n<p><strong><u>Intencje zbiorowe: <\/u><\/strong><\/p>\n<ul>\n<li>Z R\u00f3\u017cy \u015bw. Jana Paw\u0142a II \u2013 poniedzia\u0142ek, godz. 8.30.<\/li>\n<li>Z intencji Bractwa Szkaplerza \u015awi\u0119tego \u2013 poniedzia\u0142ek, godz. 18.00.<\/li>\n<li>W intencji Ko\u015bcio\u0142a, Ojczyzny, naszej parafii i naszych rodzin za przyczyn\u0105 \u015bw. Micha\u0142a Archanio\u0142a \u2013 wtorek, godz. 6.30.<\/li>\n<li>Za \u015bp. Ew\u0119 Gdula \u2013 intencja od zarz\u0105du i pracownik\u00f3w firmy Certus z My\u015blenic \u2013 \u015broda, godz. 6.30.<\/li>\n<li>W intencji nowennowych pr\u00f3\u015bb i podzi\u0119kowa\u0144 do MB Pocieszenia \u2013 \u015broda, godz. 18.00.<\/li>\n<li>Za \u015bp. Kazimierza Filarowskiego \u2013 intencja od pracownik\u00f3w Rejonu Energetycznego w Le\u017cajsku \u2013 \u015broda, godz. 18.00.<\/li>\n<li>Za \u015bp. Stefani\u0119 Zaj\u0105c \u2013 intencja od s\u0105siad\u00f3w \u2013 czwartek i pi\u0105tek, godz. 6.30.<\/li>\n<li>Z intencji Ko\u0142a Przyjaci\u00f3\u0142 Radia Maryja \u2013 pi\u0105tek, godz. 18.00.<\/li>\n<li>Z R\u00f3\u017cy \u015bw. Kingi \u2013 niedziela, godz. 11.30.<\/li>\n<li>Za \u015bp. Grzegorza Do\u0142\u0119g\u0119 \u2013 intencja od kole\u017canek i koleg\u00f3w ze szko\u0142y \u015bredniej \u2013 niedziela, godz. 11.00 w MK.<\/li>\n<\/ul>\n<p>W ostatnim tygodniu odeszli od nas do wieczno\u015bci <strong>\u015bp. Maria Rudiak<\/strong> z ul. Kopernika i\u00a0<strong>Marcin Socha <\/strong>z Placu Targowego \u2013 wieczny odpoczynek\u2026<\/p>\n","protected":false},"excerpt":{"rendered":"<p>Z racji dzisiejszej uroczysto\u015bci, ka\u017cdy kto dzi\u015b pobo\u017cnie i publicznie odm\u00f3wi lub od\u015bpiewa hymn \u201eO\u00a0Stworzycielu Duchu przyjd\u017a\u2026\u201d, mo\u017ce zyska\u0107 odpust zupe\u0142ny pod zwyk\u0142ymi warunkami. Dzi\u015b nabo\u017ce\u0144stwo do Naj\u015bwi\u0119tszego Serca Pana Jezusa o godz. 17.30. W tygodniu nabo\u017ce\u0144stwa rozpoczynaj\u0105 si\u0119 o\u00a0godz. 18.00 litani\u0105 a po niej Msza \u015bw. wieczorna. Jutro, w poniedzia\u0142ek \u015awi\u0119to NMP Matki Ko\u015bcio\u0142a. [&hellip;]<\/p>\n","protected":false},"author":4,"featured_media":0,"comment_status":"closed","ping_status":"open","sticky":false,"template":"","format":"standard","meta":[],"categories":[5],"tags":[],"_links":{"self":[{"href":"https:\/\/lezajsk.przemyska.pl\/index.php?rest_route=\/wp\/v2\/posts\/13473"}],"collection":[{"href":"https:\/\/lezajsk.przemyska.pl\/index.php?rest_route=\/wp\/v2\/posts"}],"about":[{"href":"https:\/\/lezajsk.przemyska.pl\/index.php?rest_route=\/wp\/v2\/types\/post"}],"author":[{"embeddable":true,"href":"https:\/\/lezajsk.przemyska.pl\/index.php?rest_route=\/wp\/v2\/users\/4"}],"replies":[{"embeddable":true,"href":"https:\/\/lezajsk.przemyska.pl\/index.php?rest_route=%2Fwp%2Fv2%2Fcomments&post=13473"}],"version-history":[{"count":2,"href":"https:\/\/lezajsk.przemyska.pl\/index.php?rest_route=\/wp\/v2\/posts\/13473\/revisions"}],"predecessor-version":[{"id":13476,"href":"https:\/\/lezajsk.przemyska.pl\/index.php?rest_route=\/wp\/v2\/posts\/13473\/revisions\/13476"}],"wp:attachment":[{"href":"https:\/\/lezajsk.przemyska.pl\/index.php?rest_route=%2Fwp%2Fv2%2Fmedia&parent=13473"}],"wp:term":[{"taxonomy":"category","embeddable":true,"href":"https:\/\/lezajsk.przemyska.pl\/index.php?rest_route=%2Fwp%2Fv2%2Fcategories&post=13473"},{"taxonomy":"post_tag","embeddable":true,"href":"https:\/\/lezajsk.przemyska.pl\/index.php?rest_route=%2Fwp%2Fv2%2Ftags&post=13473"}],"curies":[{"name":"wp","href":"https:\/\/api.w.org\/{rel}","templated":true}]}}