
{"id":13471,"date":"2022-05-28T23:57:58","date_gmt":"2022-05-28T21:57:58","guid":{"rendered":"https:\/\/lezajsk.przemyska.pl\/?p=13471"},"modified":"2022-05-28T23:57:58","modified_gmt":"2022-05-28T21:57:58","slug":"wniebowstapienie-panskie-29-05-2022-r","status":"publish","type":"post","link":"https:\/\/lezajsk.przemyska.pl\/?p=13471","title":{"rendered":"Wniebowst\u0105pienie Pa\u0144skie &#8211; 29.05.2022 r."},"content":{"rendered":"<ol>\n<li>Dzi\u015b <strong>nabo\u017ce\u0144stwo majowe <\/strong>po\u0142\u0105czone z <strong>nowenn\u0105 przed Uroczysto\u015bci\u0105 Zes\u0142ania Ducha \u015bw. o godz. 17.30<\/strong>.<\/li>\n<li>Dzi\u015b w naszej Archidiecezji <strong>\u015bwi\u0119cenia diakonatu<\/strong> za\u015b w najbli\u017csz\u0105 sobot\u0119 <strong>\u015bwi\u0119cenia kap\u0142a\u0144skie<\/strong> w Archikatedrze. Wspierajmy wszystkich kandydat\u00f3w do kap\u0142a\u0144stwa w\u00a0tych wa\u017cnych dla nich dniach, nasz\u0105 modlitw\u0105.<\/li>\n<li>We wtorek ostatnie <strong>nabo\u017ce\u0144stwo majowe a od \u015brody rozpoczniemy nabo\u017ce\u0144stwa ku czci Naj\u015bwi\u0119tszego Serca Pana Jezusa. <\/strong>Nabo\u017ce\u0144stwa te w ci\u0105gu tygodnia b\u0119d\u0105 si\u0119 rozpoczyna\u0107 o godz. 18.00 litani\u0105, po niej <strong>nowenna przed Uroczysto\u015bci\u0105 Zes\u0142ania Ducha \u015awi\u0119tego<\/strong> a nast\u0119pnie Msza \u015bw. wieczorna.<\/li>\n<li>Tak\u017ce we wtorek zapraszamy <strong>m\u0142odzie\u017c z klas VII na kolejne spotkania formacyjne w\u00a0ramach przygotowania do przyj\u0119cia sakramentu bierzmowania<\/strong> na godz. 17.00 w\u00a0ma\u0142ym ko\u015bciele.<\/li>\n<li>W tym tygodniu przypada<strong> I czwartek, I pi\u0105tek i I sobota miesi\u0105ca.<\/strong> Adoracja Naj\u015bwi\u0119tszego Sakramentu wieczorem zar\u00f3wno w czwartek jak i w pi\u0105tek do godz. 20.00. Spowied\u017a w\u00a0pi\u0105tek od godz. 17.00.<\/li>\n<li><strong>Odwiedziny chorych w domach z Komuni\u0105 \u015bw<\/strong>. pi\u0105tek od godz. 9.00.<\/li>\n<li>W sobot\u0119 wszystkich czcicieli Matki Bo\u017cej, zapraszamy na kolejne <strong>nabo\u017ce\u0144stwo I\u00a0soboty<\/strong>, wynagradzaj\u0105ce Niepokalanemu Sercu NMP, po\u0142\u0105czone z litani\u0105 do Naj\u015bwi\u0119tszego Serca Pana Jezusa i\u00a0modlitw\u0105 r\u00f3\u017ca\u0144cow\u0105. <strong><u>Uwaga; nabo\u017ce\u0144stwo w sobot\u0119 o godz. 17.00 a\u00a0nie 18.00<\/u><\/strong>. Tego te\u017c dnia <strong>po Mszy \u015bw. o godz. 18.00<\/strong> odb\u0119dzie si\u0119 kolejny w naszej parafii <strong> \u201eM\u0119ski R\u00f3\u017caniec\u201d<\/strong>. Na to wyj\u0105tkowe nabo\u017ce\u0144stwo i wieczorn\u0105 procesj\u0119 r\u00f3\u017ca\u0144cow\u0105 ju\u017c dzi\u015b zapraszamy wszystkich m\u0119\u017cczyzn, niezale\u017cnie od wieku.<\/li>\n<li><strong>W sobot\u0119 11 czerwca<\/strong> nasza parafia b\u0119dzie jednym z trzech miejsc w Archidiecezji gdzie b\u0119dzie organizowany <strong>Archidiecezjalny Dzie\u0144 Dziecka<\/strong> dla dzieci komunijnych i\u00a0rocznicowych i\u00a0pielgrzymka <strong>Eucharystycznego Ruchu M\u0142odych<\/strong>. Zapisy dla dzieci komunijnych i\u00a0rocznicowych odbywaj\u0105 si\u0119 poprzez szko\u0142y u swoich katechet\u00f3w. Szczeg\u00f3\u0142y na plakatach, kt\u00f3re s\u0105 w gablocie.<\/li>\n<li><strong>W Siewcy<\/strong> przed po\u0142udniem do nabycia prasa i publikacje katolickie.<\/li>\n<\/ol>\n<p><strong><u>Intencje zbiorowe: <\/u><\/strong><\/p>\n<ul>\n<li>Za \u015bp. Alin\u0119 Urban \u2013 intencja od s\u0105siad\u00f3w z ulicy \u2013 poniedzia\u0142ek, godz. 6.30.<\/li>\n<li>Za \u015bp. Jolant\u0119 Czarneck\u0105 \u2013 intencja od s\u0105siad\u00f3w z kl. I i II \u2013 poniedzia\u0142ek, godz. 6.30.<\/li>\n<li>Za \u015bp. Krzysztofa \u015awie\u017cawskiego \u2013 intencja od s\u0105siad\u00f3w z kl. I \u2013 poniedzia\u0142ek, godz. 7.00.<\/li>\n<li>Za \u015bp. Czes\u0142aw\u0119 Bi\u0144kowsk\u0105 \u2013 intencja od s\u0105siad\u00f3w z ul. kpt. Kuczka, Zmuliska i Lipy \u2013 poniedzia\u0142ek, godz. 18.00.<\/li>\n<li>W intencji Ko\u015bcio\u0142a, Ojczyzny, naszej parafii i naszych rodzin za przyczyn\u0105 \u015bw. Micha\u0142a Archanio\u0142a \u2013 wtorek, godz. 6.30.<\/li>\n<li>Z intencji Bractwa Szkaplerza \u015awi\u0119tego \u2013 wtorek, godz. 18.00.<\/li>\n<li>Msze \u015bw. gregoria\u0144skie za \u015bp. Krystyn\u0119 Babsk\u0105 \u2013 pocz\u0105tek \u015broda, godz. 6.30.<\/li>\n<li>Msze \u015bw. gregoria\u0144skie za \u015bp. Danut\u0119 Ha\u0142as \u2013 pocz\u0105tek \u015broda, godz. 18.00 (poza parafi\u0105).<\/li>\n<li>W intencji nowennowych pr\u00f3\u015bb i podzi\u0119kowa\u0144 do MB Pocieszenia \u2013 \u015broda, godz. 18.00.<\/li>\n<li>Z R\u00f3\u017cy \u015bw. Urszulu Led\u00f3chowskiej \u2013 \u015broda, godz. 18.00.<\/li>\n<li>Za kap\u0142an\u00f3w i o nowe \u015bwi\u0119te powo\u0142ania kap\u0142a\u0144skie i zakonne \u2013 intencja od Stra\u017cy Honorowej NSPJ \u2013 czwartek, godz. 18.00.<\/li>\n<li>Z intencji Stra\u017cy Honorowej NSPJ \u2013 pi\u0105tek, godz. 18.00.<\/li>\n<li>Wynagradzaj\u0105ca Niepokalanemu Sercu NMP z intencji Bractwa Szkaplerza \u015awi\u0119tego i R\u00f3\u017c R\u00f3\u017ca\u0144cowych \u2013 sobota, godz. 18.00.<\/li>\n<li>Z R\u00f3\u017cy Matki Bo\u017cej Nieustaj\u0105cej Pomocy \u2013 niedziela, godz. 8.30.<\/li>\n<\/ul>\n<p>W ostatnim tygodniu odeszli od nas do wieczno\u015bci <strong>\u015bp. Maria Sudo\u0142 i Mieczys\u0142aw Samolej <\/strong>\u00a0z ul. Kopernika, <strong>Ireneusz Tomaszewski <\/strong>z ul. Braci \u015aniadeckich, <strong>Danuta Martula<\/strong> z ul. Reymonta i <strong>Adolf Bolko<\/strong> z ul. M.C. Sk\u0142odowskiej \u2013 wieczny odpoczynek \u2026<\/p>\n","protected":false},"excerpt":{"rendered":"<p>Dzi\u015b nabo\u017ce\u0144stwo majowe po\u0142\u0105czone z nowenn\u0105 przed Uroczysto\u015bci\u0105 Zes\u0142ania Ducha \u015bw. o godz. 17.30. Dzi\u015b w naszej Archidiecezji \u015bwi\u0119cenia diakonatu za\u015b w najbli\u017csz\u0105 sobot\u0119 \u015bwi\u0119cenia kap\u0142a\u0144skie w Archikatedrze. Wspierajmy wszystkich kandydat\u00f3w do kap\u0142a\u0144stwa w\u00a0tych wa\u017cnych dla nich dniach, nasz\u0105 modlitw\u0105. We wtorek ostatnie nabo\u017ce\u0144stwo majowe a od \u015brody rozpoczniemy nabo\u017ce\u0144stwa ku czci Naj\u015bwi\u0119tszego Serca Pana [&hellip;]<\/p>\n","protected":false},"author":4,"featured_media":0,"comment_status":"closed","ping_status":"open","sticky":false,"template":"","format":"standard","meta":[],"categories":[5],"tags":[],"_links":{"self":[{"href":"https:\/\/lezajsk.przemyska.pl\/index.php?rest_route=\/wp\/v2\/posts\/13471"}],"collection":[{"href":"https:\/\/lezajsk.przemyska.pl\/index.php?rest_route=\/wp\/v2\/posts"}],"about":[{"href":"https:\/\/lezajsk.przemyska.pl\/index.php?rest_route=\/wp\/v2\/types\/post"}],"author":[{"embeddable":true,"href":"https:\/\/lezajsk.przemyska.pl\/index.php?rest_route=\/wp\/v2\/users\/4"}],"replies":[{"embeddable":true,"href":"https:\/\/lezajsk.przemyska.pl\/index.php?rest_route=%2Fwp%2Fv2%2Fcomments&post=13471"}],"version-history":[{"count":1,"href":"https:\/\/lezajsk.przemyska.pl\/index.php?rest_route=\/wp\/v2\/posts\/13471\/revisions"}],"predecessor-version":[{"id":13472,"href":"https:\/\/lezajsk.przemyska.pl\/index.php?rest_route=\/wp\/v2\/posts\/13471\/revisions\/13472"}],"wp:attachment":[{"href":"https:\/\/lezajsk.przemyska.pl\/index.php?rest_route=%2Fwp%2Fv2%2Fmedia&parent=13471"}],"wp:term":[{"taxonomy":"category","embeddable":true,"href":"https:\/\/lezajsk.przemyska.pl\/index.php?rest_route=%2Fwp%2Fv2%2Fcategories&post=13471"},{"taxonomy":"post_tag","embeddable":true,"href":"https:\/\/lezajsk.przemyska.pl\/index.php?rest_route=%2Fwp%2Fv2%2Ftags&post=13471"}],"curies":[{"name":"wp","href":"https:\/\/api.w.org\/{rel}","templated":true}]}}