
{"id":13391,"date":"2022-05-07T22:01:34","date_gmt":"2022-05-07T20:01:34","guid":{"rendered":"https:\/\/lezajsk.przemyska.pl\/?p=13391"},"modified":"2022-05-07T22:01:34","modified_gmt":"2022-05-07T20:01:34","slug":"iv-niedziela-wielkanocna-08-05-2022-r","status":"publish","type":"post","link":"https:\/\/lezajsk.przemyska.pl\/?p=13391","title":{"rendered":"IV Niedziela Wielkanocna &#8211; 08.05.2022 r."},"content":{"rendered":"<ol>\n<li>Dzi\u015b <strong>Niedziela Dobrego Pasterza<\/strong>, kt\u00f3ra rozpoczyna <strong>Tydzie\u0144 Modlitw o\u00a0powo\u0142ania kap\u0142a\u0144skie i\u00a0zakonne<\/strong>. Zatem ka\u017cdego dnia, rozpocz\u0119tego dzi\u015b tygodnia, wspierajmy modlitw\u0105 powo\u0142anych do kap\u0142a\u0144stwa czy \u017cycia zakonnego, i m\u00f3dlmy si\u0119 o dar nowych, \u015bwi\u0119tych powo\u0142a\u0144, tak\u017ce z naszej wsp\u00f3lnoty.<\/li>\n<li><strong>Nabo\u017ce\u0144stwo majowe<\/strong> <strong>dzi\u015b o godz. 17.30<\/strong>. W tygodniu nabo\u017ce\u0144stwa rozpoczynaj\u0105 si\u0119 o\u00a0godz. 18.00 i poprzedzaj\u0105 wieczorn\u0105 Msz\u0119 \u015bw.<\/li>\n<li>Jutro liturgiczna <strong>uroczysto\u015b\u0107 \u015aw. Stanis\u0142awa \u2013 biskupa i m\u0119czennika, patrona Polski, <\/strong>przeniesiona z 8 maja ze wzgl\u0119du na Niedziel\u0119 Wielkanocn\u0105.<\/li>\n<li>Jutro po Mszy \u015bw. <strong>spotkanie Akcji Katolickiej<\/strong>, na kt\u00f3re wszystkich cz\u0142onk\u00f3w jak i\u00a0kandydat\u00f3w serdecznie zapraszamy.<\/li>\n<li>Tak\u017ce jutro po Mszy \u015bw. wieczornej spotkanie <strong>R\u00f3\u017c R\u00f3\u017ca\u0144cowych, Apostolskiego Dzie\u0142a Pomocy dla Czy\u015b\u0107ca oraz Dzie\u0142a Pomocy Powo\u0142aniom. <\/strong><\/li>\n<li>We wtorek <strong>nowenna do \u015bw. Antoniego<\/strong> i b\u0142ogos\u0142awie\u0144stwo dzieci. Pro\u015bby i\u00a0podzi\u0119kowania mo\u017cna sk\u0142ada\u0107 przy figurze \u015bwi\u0119tego.<\/li>\n<li>Tak\u017ce we wtorek spotkanie<strong> Stra\u017cy Honorowej NSPJ.<\/strong><\/li>\n<li>W \u015brod\u0119 spotkanie <strong>Bractwa Szkaplerza \u015awi\u0119tego.<\/strong><\/li>\n<li>W pi\u0105tek<strong> 13 maja<\/strong>, wszystkich czcicieli Matki Bo\u017cej zapraszamy na pierwsze w\u00a0tym roku <strong>Nabo\u017ce\u0144stwo Fatimskie o godz. 18.00<\/strong>.<\/li>\n<li>W sobot\u0119 <strong>\u015bwi\u0119to \u015bw. Macieja Aposto\u0142a<\/strong>.<\/li>\n<li><strong>W najbli\u017csz\u0105 niedziel\u0119<\/strong> <strong>15 maja<\/strong>, podczas Mszy \u015bw. o godz. 11.30 i dodatkowej Mszy \u015bw. o godz. 13.00, b\u0119dziemy prze\u017cywa\u0107 <strong>Uroczysto\u015b\u0107 I Komunii \u015bwi\u0119tej dzieci z klas III<\/strong>. Pr\u00f3by przed Komuni\u0105 dla dzieci z klasy III A i B ze SP nr 2 w poniedzia\u0142ek i \u015brod\u0119 a dla klasy III C i III ze SP nr 1 we wtorek i czwartek. Pocz\u0105tek godz. 16.00.<\/li>\n<li><strong>Spowied\u017a \u015bw. dla tych\u017ce dzieci<\/strong> jak i ich rodzin w pi\u0105tek od godz. 17.00.<\/li>\n<li>Dzisiejsza <strong>taca mszalna<\/strong> jest przeznaczona na planowane prace remontowe przy dachu naszej Fary. Za wszystkie z\u0142o\u017cone dzi\u015b ofiary serdecznie dzi\u0119kujemy. Za tydzie\u0144, taca b\u0119dzie przeznaczona na Fundusz Pomocy Parafiom Potrzebuj\u0105cym.<\/li>\n<li><strong>Rodzina Pa\u0144stwa Niemczyk\u00f3w z Wierzawic<\/strong> sk\u0142ada serdeczne podzi\u0119kowanie za z\u0142o\u017cone w minion\u0105 niedziel\u0119 ofiary z przeznaczeniem na leczenie syna B\u0142a\u017ceja. Zebrano <strong>kwot\u0119 7\u00a0860 z\u0142<\/strong>. Wszystkim darczy\u0144com B\u00f3g zap\u0142a\u0107.<\/li>\n<li><strong>W Siewcy<\/strong> przed po\u0142udniem do nabycia <strong>prasa i publikacje katolickie.<\/strong><\/li>\n<\/ol>\n<p><strong>\u00a0<\/strong><strong><u>Intencje zbiorowe: <\/u><\/strong><\/p>\n<ul>\n<li>Z R\u00f3\u017cy \u015bw. Teresy od Dzieci\u0105tka Jezus \u2013 poniedzia\u0142ek, godz. 18.00.<\/li>\n<li>W intencji Ko\u015bcio\u0142a, Ojczyzny, naszej parafii i naszych rodzin za przyczyn\u0105 \u015bw. Micha\u0142a Archanio\u0142a \u2013 wtorek, godz. 6.30.<\/li>\n<li>Za dusze w czy\u015b\u0107cu cierpi\u0105ce \u2013 intencja od Apostolskiego Dzie\u0142a Pomocy Duszom \u00a0Czy\u015b\u0107cowym \u2013 \u015broda, godz. 7.00.<\/li>\n<li>W intencji nowennowych pr\u00f3\u015bb i podzi\u0119kowa\u0144 do MB Pocieszenia \u2013 \u015broda, godz. 18.00.<\/li>\n<li>W intencji R\u00f3\u017c R\u00f3\u017ca\u0144cowych \u2013 pi\u0105tek, godz. 18.00.<\/li>\n<li>Z intencji Ko\u0142a Przyjaci\u00f3\u0142 Radia Maryja \u2013 pi\u0105tek, godz. 18.00.<\/li>\n<li>Za \u015bp. Edwarda Smotry\u015b \u2013 intencja od s\u0105siad\u00f3w z klatki \u2013 sobota, godz. 6.30.<\/li>\n<li>Z R\u00f3\u017cy \u015bw. Sebastiana \u2013 niedziela, godz. 8.30.<\/li>\n<\/ul>\n","protected":false},"excerpt":{"rendered":"<p>Dzi\u015b Niedziela Dobrego Pasterza, kt\u00f3ra rozpoczyna Tydzie\u0144 Modlitw o\u00a0powo\u0142ania kap\u0142a\u0144skie i\u00a0zakonne. Zatem ka\u017cdego dnia, rozpocz\u0119tego dzi\u015b tygodnia, wspierajmy modlitw\u0105 powo\u0142anych do kap\u0142a\u0144stwa czy \u017cycia zakonnego, i m\u00f3dlmy si\u0119 o dar nowych, \u015bwi\u0119tych powo\u0142a\u0144, tak\u017ce z naszej wsp\u00f3lnoty. Nabo\u017ce\u0144stwo majowe dzi\u015b o godz. 17.30. W tygodniu nabo\u017ce\u0144stwa rozpoczynaj\u0105 si\u0119 o\u00a0godz. 18.00 i poprzedzaj\u0105 wieczorn\u0105 Msz\u0119 \u015bw. [&hellip;]<\/p>\n","protected":false},"author":4,"featured_media":0,"comment_status":"closed","ping_status":"open","sticky":false,"template":"","format":"standard","meta":[],"categories":[5],"tags":[],"_links":{"self":[{"href":"https:\/\/lezajsk.przemyska.pl\/index.php?rest_route=\/wp\/v2\/posts\/13391"}],"collection":[{"href":"https:\/\/lezajsk.przemyska.pl\/index.php?rest_route=\/wp\/v2\/posts"}],"about":[{"href":"https:\/\/lezajsk.przemyska.pl\/index.php?rest_route=\/wp\/v2\/types\/post"}],"author":[{"embeddable":true,"href":"https:\/\/lezajsk.przemyska.pl\/index.php?rest_route=\/wp\/v2\/users\/4"}],"replies":[{"embeddable":true,"href":"https:\/\/lezajsk.przemyska.pl\/index.php?rest_route=%2Fwp%2Fv2%2Fcomments&post=13391"}],"version-history":[{"count":1,"href":"https:\/\/lezajsk.przemyska.pl\/index.php?rest_route=\/wp\/v2\/posts\/13391\/revisions"}],"predecessor-version":[{"id":13392,"href":"https:\/\/lezajsk.przemyska.pl\/index.php?rest_route=\/wp\/v2\/posts\/13391\/revisions\/13392"}],"wp:attachment":[{"href":"https:\/\/lezajsk.przemyska.pl\/index.php?rest_route=%2Fwp%2Fv2%2Fmedia&parent=13391"}],"wp:term":[{"taxonomy":"category","embeddable":true,"href":"https:\/\/lezajsk.przemyska.pl\/index.php?rest_route=%2Fwp%2Fv2%2Fcategories&post=13391"},{"taxonomy":"post_tag","embeddable":true,"href":"https:\/\/lezajsk.przemyska.pl\/index.php?rest_route=%2Fwp%2Fv2%2Ftags&post=13391"}],"curies":[{"name":"wp","href":"https:\/\/api.w.org\/{rel}","templated":true}]}}