
{"id":13385,"date":"2022-04-30T21:02:16","date_gmt":"2022-04-30T19:02:16","guid":{"rendered":"https:\/\/lezajsk.przemyska.pl\/?p=13385"},"modified":"2022-04-30T21:02:16","modified_gmt":"2022-04-30T19:02:16","slug":"iii-niedziela-wielkanocna-01-05-2022-r","status":"publish","type":"post","link":"https:\/\/lezajsk.przemyska.pl\/?p=13385","title":{"rendered":"III Niedziela Wielkanocna &#8211; 01.05.2022 r."},"content":{"rendered":"<ol>\n<li>Dzisiejsza niedziela rozpoczyna <strong>Og\u00f3lnopolski Tydzie\u0144 Biblijny<\/strong>. Z tej okazji zach\u0119camy wszystkich do cz\u0119stszej lektury Pisma \u015awi\u0119tego i rozmi\u0142owania si\u0119 w\u00a0S\u0142owie Bo\u017cym.<\/li>\n<li>Dzi\u015b pierwsze <strong>nabo\u017ce\u0144stwo majowe o godz. 17.30<\/strong>. W tygodniu nabo\u017ce\u0144stwa b\u0119d\u0105 si\u0119 rozpoczyna\u0107 <strong>o godz. 18.00<\/strong> a po nim Msza \u015bw. wieczorna. Wszystkich czcicieli Matki Bo\u017cej jeszcze raz zapraszamy do udzia\u0142u w tych\u017ce nabo\u017ce\u0144stwach.<\/li>\n<li><strong>Jutro 2 maja<\/strong> zapraszamy\u00a0do naszej Fary na specjaln\u0105 <strong>Msz\u0119 \u015bw. o godz. 11.30<\/strong> z\u00a0udzia\u0142em uczni\u00f3w klas mundurowych Zespo\u0142u Szk\u00f3\u0142 Licealnych w Le\u017cajsku, tworz\u0105cych Jednostk\u0119 Strzeleck\u0105 2035. Po Mszy \u015bwi\u0119tej nast\u0105pi przemarsz Strzelc\u00f3w na plac przed Muzeum Ziemi Le\u017cajskiej gdzie odb\u0119dzie si\u0119 uroczyste z\u0142o\u017cenie przyrzeczenia strzeleckiego.<\/li>\n<li>We wtorek <strong>3 Maja<\/strong> <strong>Uroczysto\u015b\u0107 Matki Bo\u017cej Kr\u00f3lowej Polski<\/strong>. Msze \u015bw. i nabo\u017ce\u0144stwo tak jak w\u00a0ka\u017cd\u0105 niedziel\u0119. Msza \u015bw. o\u00a0godz. 11.30 b\u0119dzie sprawowana w\u00a0intencji naszej Ojczyzny z okazji kolejnej <strong>rocznicy Uchwalenia Konstytucji 3 Maja<\/strong>.<\/li>\n<li>Spotkanie i pr\u00f3ba dla <strong>dzieci przygotowuj\u0105cych si\u0119 do I Komunii<\/strong> z klasy III A i B ze SP nr 2 odb\u0119dzie si\u0119 w \u015brod\u0119 4 maja o godz. 16.00 a dla dzieci z klasy III C ze SP nr 2 i\u00a0klasy III ze SP nr 1 w czwartek, tak\u017ce o\u00a0godz. 16.00.<\/li>\n<li>W tym tygodniu zapraszamy <strong>m\u0142odzie\u017c na kolejne spotkania formacyjne w\u00a0ramach przygotowania do przyj\u0119cia sakramentu bierzmowania<\/strong>. I\u00a0tak w czwartek na godz. 15.30 zapraszamy klasy VI ze SP nr 1 i 2 a na godz. 16.30 klasy VII ze SP nr 1 i 2. M\u0142odzie\u017c zabiera ze sob\u0105 indeksy. Spotkania b\u0119d\u0105 si\u0119 odbywa\u0107 w ma\u0142ym ko\u015bciele.<\/li>\n<li>W czwartek <strong>dzie\u0144 imienin naszego wikariusza ks. Waldemara Pastuszaka<\/strong>. Pami\u0119tajmy o\u00a0Nim w naszych modlitwach.<\/li>\n<li>W tym tygodniu przypada<strong> I czwartek, I pi\u0105tek i I sobota miesi\u0105ca.<\/strong> Adoracja Naj\u015bwi\u0119tszego Sakramentu wieczorem zar\u00f3wno w czwartek jak i w pi\u0105tek do godz. 20.00. Spowied\u017a w\u00a0pi\u0105tek od godz. 17.00.<\/li>\n<li><strong>Odwiedziny chorych w domach z Komuni\u0105 \u015bw<\/strong>. tym razem <strong>wyj\u0105tkowo w sobot\u0119<\/strong> od godz. 9.00, ze wzgl\u0119du na zaanga\u017cowanie ksi\u0119\u017cy wikariuszy w egzaminy maturalne. Bardzo prosimy rodziny czy te\u017c s\u0105siad\u00f3w zainteresowanych chorych o przekazanie im tej informacji.<\/li>\n<li>W sobot\u0119 wszystkich czcicieli Matki Bo\u017cej, zapraszamy na kolejne <strong>nabo\u017ce\u0144stwo I\u00a0soboty<\/strong>, wynagradzaj\u0105ce Niepokalanemu Sercu NMP, po\u0142\u0105czone z maj\u00f3wk\u0105 i\u00a0modlitw\u0105 r\u00f3\u017ca\u0144cow\u0105. <strong><u>Uwaga; nabo\u017ce\u0144stwo w sobot\u0119 o godz. 17.00 a\u00a0nie 18.00<\/u><\/strong>. Tego te\u017c dnia <strong>po Mszy \u015bw. o godz. 18.00<\/strong> odb\u0119dzie si\u0119 kolejny w naszej parafii <strong> \u201eM\u0119ski R\u00f3\u017caniec\u201d<\/strong>. Na to wyj\u0105tkowe nabo\u017ce\u0144stwo i wieczorn\u0105 procesj\u0119 r\u00f3\u017ca\u0144cow\u0105 ju\u017c dzi\u015b zapraszamy wszystkich m\u0119\u017cczyzn, niezale\u017cnie od wieku.<\/li>\n<li>Najbli\u017csza niedziela jest <strong>Niedziel\u0105 Dobrego Pasterza<\/strong> i rozpocznie <strong>Tydzie\u0144 Modlitw o\u00a0powo\u0142ania kap\u0142a\u0144skie i zakonne.<\/strong><\/li>\n<li>Tak\u017ce w najbli\u017csz\u0105 niedziel\u0119 na Mszy \u015bw. <strong>o godz. 11.30, dzieci z klas IV<\/strong>, b\u0119d\u0105 prze\u017cywa\u0107 swoj\u0105 <strong>rocznic\u0119 I Komunii \u015bw<\/strong>. Spowied\u017a dla dzieci i ich najbli\u017cszych <strong>w\u00a0pi\u0105tek od godz. 17.00<\/strong>.<\/li>\n<li>Duszpasterstwo Rodzin Archidiecezji Przemyskiej zaprasza w dniu 14 maja 2022 r. do Domu Katolickim ROMA w Przemy\u015blu na <strong>warsztaty dla ma\u0142\u017conk\u00f3w pod has\u0142em \u201eKochajmy od nowa\u201d<\/strong>. Dla zainteresowanych szczeg\u00f3\u0142y na plakacie.<\/li>\n<li>W dalszym ci\u0105gu zapraszamy do udzia\u0142u w <strong>Pielgrzymce do Ziemi \u015awi\u0119tej<\/strong> dniach 6-13 lipca. Wi\u0119cej informacji na plakacie w gablocie i u ks. Witolda.<\/li>\n<li>Dzisiejsza taca mszalna jest przeznaczona na <strong>potrzeby Archidiecezji,<\/strong> za\u015b za tydzie\u0144, jak w ka\u017cd\u0105 II niedziel\u0119 miesi\u0105ca, taca b\u0119dzie przeznaczona na planowane <strong>prace remontowe przy dachu naszej Fary. <\/strong>W czasie ostatniej zbi\u00f3rki ofiar z\u00a0przeznaczeniem na ten cel zebrano \u0142\u0105cznie z wp\u0142atami na konto kwot\u0119 <strong>27 040 z\u0142.<\/strong> W tej kwocie jest jedna ofiara indywidualna 5 ty\u015b., kt\u00f3rej darczy\u0144ca chcia\u0142by pozosta\u0107 anonimowym. Kwota ta sprawi\u0142a, \u017ce na naszym koncie inwestycyjno &#8211; remontowym by\u0142o <strong>424 ty\u015b. z\u0142<\/strong>. W miniony pi\u0105tek wp\u0142acili\u015bmy zaliczk\u0119 na zakup miedzi w kwocie 252 ty\u015b. co sprawia, \u017ce na naszym koncie pozosta\u0142o <strong>172 ty\u015b. z\u0142<\/strong>. Wszystkim darczy\u0144com za ka\u017cd\u0105 przekazan\u0105 z\u0142ot\u00f3wk\u0119, za \u017cyczliwo\u015b\u0107 i\u00a0zrozumienie sk\u0142adamy serdeczne B\u00f3g zap\u0142a\u0107.<\/li>\n<li>Przypominamy, \u017ce dzi\u015b po ka\u017cdej Mszy \u015bw. zbi\u00f3rka do puszek z przeznaczeniem na wsparcie kosztownej terapii 17 letniego <strong>B\u0142a\u017ceja Niemczyka z Wierzawic<\/strong>. Ofiary do puszek zbieraj\u0105 koledzy szkolni B\u0142a\u017ceja z Wierzawic.<\/li>\n<li><strong>W Siewcy<\/strong> przed po\u0142udniem do nabycia prasa i publikacje katolickie.<\/li>\n<li><strong>Starostwo Powiatowe w Le\u017cajsku<\/strong> zaprasza we wtorek 3 Maja na okoliczno\u015bciowy koncert <strong>Powiatowej Orkiestry DIVERTIMENTO i Grupy Wokalnej MERITUM<\/strong>, kt\u00f3ry odb\u0119dzie si\u0119 na placu przy Muzeum Ziemi Le\u017cajskiej o godz. 19.00, za\u015b w sobot\u0119 7 maja na obchody <strong>Dnia Powiatu Le\u017cajskiego<\/strong>, kt\u00f3re rozpoczn\u0105 si\u0119 Msz\u0105 \u015bw. w Bazylice OO. Bernardyn\u00f3w o godz. 9.30.<\/li>\n<\/ol>\n<p><strong><u>Intencje zbiorowe: <\/u><\/strong><\/p>\n<ul>\n<li>W intencji Ko\u015bcio\u0142a, Ojczyzny, naszej parafii i naszych rodzin za przyczyn\u0105 \u015bw. Micha\u0142a Archanio\u0142a \u2013 wtorek, godz. 7.00.<\/li>\n<li>Z intencji Bractwa Szkaplerza \u015awi\u0119tego \u2013 wtorek, godz. 10.00.<\/li>\n<li>Z R\u00f3\u017cy \u015aw. Kazimierza \u2013 wtorek, godz. 18.00.<\/li>\n<li>Za \u015bp. Alin\u0119 Urban \u2013 intencja od s\u0105siad\u00f3w z ul. Polnej \u2013 \u015broda, godz. 6.30.<\/li>\n<li>W intencji nowennowych pr\u00f3\u015bb i podzi\u0119kowa\u0144 do MB Pocieszenia \u2013 \u015broda, godz. 18.00.<\/li>\n<li>Za kap\u0142an\u00f3w i o nowe \u015bwi\u0119te powo\u0142ania kap\u0142a\u0144skie i zakonne \u2013 intencja od Stra\u017cy Honorowej NSPJ \u2013 czwartek, godz. 18.00.<\/li>\n<li>W intencji ks. Waldemara Pastuszaka z okazji imienin, intencja od parafian \u2013 czwartek, godz. 18.00.<\/li>\n<li>Z intencji Stra\u017cy Honorowej NSPJ \u2013 pi\u0105tek, godz. 18.00.<\/li>\n<li>Z R\u00f3\u017cy MB Wniebowzi\u0119tej \u2013 sobota, godz. 18.00.<\/li>\n<li>Wynagradzaj\u0105ca Niepokalanemu Sercu NMP z intencji Bractwa Szkaplerza \u015awi\u0119tego i R\u00f3\u017c R\u00f3\u017ca\u0144cowych \u2013 sobota, godz. 18.00.<\/li>\n<li>Z R\u00f3\u017cy \u015bw. Micha\u0142a Archanio\u0142a \u2013 niedziela, godz. 10.00.<\/li>\n<li>Za fundator\u00f3w i zmar\u0142ych opiekun\u00f3w kapliczki obok stadionu oraz wszystkich modl\u0105cych si\u0119 przy niej \u2013 niedziela, godz. 16.00.<\/li>\n<\/ul>\n<p>W ostatnim tygodniu odeszli od nas do wieczno\u015bci <strong>\u015bp. Tadeusz Kostka<\/strong> z ul. \u015aw. Kr\u00f3lowej Jadwigi, <strong>Ryszard Marciniec<\/strong> z ul. Sanowej, <strong>Wies\u0142aw Kr\u00f3l<\/strong> z ul. Ko\u0142\u0142\u0105taja i <strong>Ewa Rz\u0105sa<\/strong> z ul. G\u00f3rnej \u2013 wieczny odpoczynek \u2026<\/p>\n","protected":false},"excerpt":{"rendered":"<p>Dzisiejsza niedziela rozpoczyna Og\u00f3lnopolski Tydzie\u0144 Biblijny. Z tej okazji zach\u0119camy wszystkich do cz\u0119stszej lektury Pisma \u015awi\u0119tego i rozmi\u0142owania si\u0119 w\u00a0S\u0142owie Bo\u017cym. Dzi\u015b pierwsze nabo\u017ce\u0144stwo majowe o godz. 17.30. W tygodniu nabo\u017ce\u0144stwa b\u0119d\u0105 si\u0119 rozpoczyna\u0107 o godz. 18.00 a po nim Msza \u015bw. wieczorna. Wszystkich czcicieli Matki Bo\u017cej jeszcze raz zapraszamy do udzia\u0142u w tych\u017ce nabo\u017ce\u0144stwach. [&hellip;]<\/p>\n","protected":false},"author":4,"featured_media":0,"comment_status":"closed","ping_status":"open","sticky":false,"template":"","format":"standard","meta":[],"categories":[5],"tags":[],"_links":{"self":[{"href":"https:\/\/lezajsk.przemyska.pl\/index.php?rest_route=\/wp\/v2\/posts\/13385"}],"collection":[{"href":"https:\/\/lezajsk.przemyska.pl\/index.php?rest_route=\/wp\/v2\/posts"}],"about":[{"href":"https:\/\/lezajsk.przemyska.pl\/index.php?rest_route=\/wp\/v2\/types\/post"}],"author":[{"embeddable":true,"href":"https:\/\/lezajsk.przemyska.pl\/index.php?rest_route=\/wp\/v2\/users\/4"}],"replies":[{"embeddable":true,"href":"https:\/\/lezajsk.przemyska.pl\/index.php?rest_route=%2Fwp%2Fv2%2Fcomments&post=13385"}],"version-history":[{"count":1,"href":"https:\/\/lezajsk.przemyska.pl\/index.php?rest_route=\/wp\/v2\/posts\/13385\/revisions"}],"predecessor-version":[{"id":13386,"href":"https:\/\/lezajsk.przemyska.pl\/index.php?rest_route=\/wp\/v2\/posts\/13385\/revisions\/13386"}],"wp:attachment":[{"href":"https:\/\/lezajsk.przemyska.pl\/index.php?rest_route=%2Fwp%2Fv2%2Fmedia&parent=13385"}],"wp:term":[{"taxonomy":"category","embeddable":true,"href":"https:\/\/lezajsk.przemyska.pl\/index.php?rest_route=%2Fwp%2Fv2%2Fcategories&post=13385"},{"taxonomy":"post_tag","embeddable":true,"href":"https:\/\/lezajsk.przemyska.pl\/index.php?rest_route=%2Fwp%2Fv2%2Ftags&post=13385"}],"curies":[{"name":"wp","href":"https:\/\/api.w.org\/{rel}","templated":true}]}}